{"id":15004,"date":"2017-03-20T09:15:01","date_gmt":"2017-03-20T08:15:01","guid":{"rendered":"http:\/\/miradordeatarfe.es\/?p=15004"},"modified":"2017-03-20T09:15:01","modified_gmt":"2017-03-20T08:15:01","slug":"por-que-las-ventanas-de-los-aviones-son-redondas","status":"publish","type":"post","link":"https:\/\/miradordeatarfe.es\/?p=15004","title":{"rendered":"\u00bfPor qu\u00e9 las ventanas de los aviones son redondas?"},"content":{"rendered":"<p>Un blog ha revelado el curioso motivo que llev\u00f3 a que dejaran de ser rectangulares<!--more--><\/p>\n<p>El avi\u00f3n es uno de los medios de transporte m\u00e1s seguros, o al menos eso dicen, y es que pr\u00e1cticamente todo en \u00e9l est\u00e1 perfectamente dise\u00f1ado para garantizar la seguridad de los pasajeros, desde los asientos hasta el material con el que est\u00e1n hechos, pasando incluso por las ventanas.<\/p>\n<p>Precisamente estas \u00faltimas fueron redise\u00f1adas para aumentar la seguridad de los pasajeros, tal y como relata el blog Travel and Leisure, que expone que el cambio se llev\u00f3 a cabo despu\u00e9s de dos graves siniestros de dos aviones que ten\u00edan ventanillas con forma rectangular.<\/p>\n<p>Al elevar la altura a la que pueden volar los aviones de pasajeros, fue necesario adaptarlos al cambio de atm\u00f3sfera, puesto que cuando la nave asciende, recibe estr\u00e9s.<\/p>\n<p><span id=\"U2128805454300NH\">Si las ventanillas son rectangulares<\/span>, la presi\u00f3n puede concentrarse en las esquinas y hacer estallar el vidrio, mientras que si son redondeadas, el reparto del estr\u00e9s mantiene cierto equilibrio. Adem\u00e1s, el diminuto agujero que hay en las ventanillas redondeadas tambi\u00e9n tiene como objetivo regular el balance entre la presi\u00f3n que hay en el interior y el exterior de la cabina.<\/p>\n","protected":false},"excerpt":{"rendered":"<p>Un blog ha revelado el curioso motivo que llev\u00f3 a que dejaran de ser rectangulares<\/p>\n","protected":false},"author":1,"featured_media":15005,"comment_status":"closed","ping_status":"closed","sticky":false,"template":"","format":"standard","meta":{"_coblocks_attr":"","_coblocks_dimensions":"","_coblocks_responsive_height":"","_coblocks_accordion_ie_support":"","jetpack_post_was_ever_published":false,"_jetpack_newsletter_access":"","_jetpack_dont_email_post_to_subs":false,"_jetpack_newsletter_tier_id":0,"_jetpack_memberships_contains_paywalled_content":false,"_jetpack_memberships_contains_paid_content":false,"footnotes":"","jetpack_publicize_message":"","jetpack_publicize_feature_enabled":true,"jetpack_social_post_already_shared":false,"jetpack_social_options":{"image_generator_settings":{"template":"highway","default_image_id":0,"enabled":false},"version":2}},"categories":[186,44,15],"tags":[272,3674],"class_list":["post-15004","post","type-post","status-publish","format-standard","has-post-thumbnail","hentry","category-instituciones","category-noticias-de-hoy","category-ultimas-noticias","tag-aviones","tag-presion"],"jetpack_publicize_connections":[],"jetpack_featured_media_url":"https:\/\/i0.wp.com\/miradordeatarfe.es\/wp-content\/uploads\/2017\/03\/ventanillas-ksiE-U212880545430oY-575x323%40Ideal.jpg?fit=575%2C321&ssl=1","jetpack_likes_enabled":true,"jetpack_sharing_enabled":true,"_links":{"self":[{"href":"https:\/\/miradordeatarfe.es\/index.php?rest_route=\/wp\/v2\/posts\/15004","targetHints":{"allow":["GET"]}}],"collection":[{"href":"https:\/\/miradordeatarfe.es\/index.php?rest_route=\/wp\/v2\/posts"}],"about":[{"href":"https:\/\/miradordeatarfe.es\/index.php?rest_route=\/wp\/v2\/types\/post"}],"author":[{"embeddable":true,"href":"https:\/\/miradordeatarfe.es\/index.php?rest_route=\/wp\/v2\/users\/1"}],"replies":[{"embeddable":true,"href":"https:\/\/miradordeatarfe.es\/index.php?rest_route=%2Fwp%2Fv2%2Fcomments&post=15004"}],"version-history":[{"count":1,"href":"https:\/\/miradordeatarfe.es\/index.php?rest_route=\/wp\/v2\/posts\/15004\/revisions"}],"predecessor-version":[{"id":15006,"href":"https:\/\/miradordeatarfe.es\/index.php?rest_route=\/wp\/v2\/posts\/15004\/revisions\/15006"}],"wp:featuredmedia":[{"embeddable":true,"href":"https:\/\/miradordeatarfe.es\/index.php?rest_route=\/wp\/v2\/media\/15005"}],"wp:attachment":[{"href":"https:\/\/miradordeatarfe.es\/index.php?rest_route=%2Fwp%2Fv2%2Fmedia&parent=15004"}],"wp:term":[{"taxonomy":"category","embeddable":true,"href":"https:\/\/miradordeatarfe.es\/index.php?rest_route=%2Fwp%2Fv2%2Fcategories&post=15004"},{"taxonomy":"post_tag","embeddable":true,"href":"https:\/\/miradordeatarfe.es\/index.php?rest_route=%2Fwp%2Fv2%2Ftags&post=15004"}],"curies":[{"name":"wp","href":"https:\/\/api.w.org\/{rel}","templated":true}]}}