{"id":15020,"date":"2017-03-21T10:41:43","date_gmt":"2017-03-21T09:41:43","guid":{"rendered":"http:\/\/miradordeatarfe.es\/?p=15020"},"modified":"2017-03-20T09:50:56","modified_gmt":"2017-03-20T08:50:56","slug":"la-nina-de-atarfe","status":"publish","type":"post","link":"https:\/\/miradordeatarfe.es\/?p=15020","title":{"rendered":"La Ni\u00f1a de Atarfe"},"content":{"rendered":"<div class=\"post-body entry-content\">Ponemos a continuaci\u00f3n un escrito realizado en el Bloc Alcala Flamenca por Jos\u00e9 Manuel \u00abMibri\u00bb<\/div>\n<div class=\"post-body entry-content\"><!--more--><\/div>\n<div class=\"post-body entry-content\"><a href=\"https:\/\/i0.wp.com\/miradordeatarfe.es\/wp-content\/uploads\/2017\/03\/cartel-Corpus-1957.gif?ssl=1\"><img data-recalc-dims=\"1\" loading=\"lazy\" decoding=\"async\" class=\"alignnone size-full wp-image-15021\" src=\"https:\/\/i0.wp.com\/miradordeatarfe.es\/wp-content\/uploads\/2017\/03\/cartel-Corpus-1957.gif?resize=220%2C320&#038;ssl=1\" alt=\"\" width=\"220\" height=\"320\" \/><\/a><\/div>\n<div id=\"post-body-4702009766812873017\" class=\"post-body entry-content\">\n<p>Corr\u00eda en Granada el a\u00f1o de 1957, que algunos recuerdan como\u00a0un a\u00f1o\u00a0despu\u00e9s del\u00a0gran terremoto de Atarfe-Albolote. Con motivo de las fiestas del Corpus, <strong>La Voz de Granada<\/strong>, un programa de Radio Intercontinental de Granada organiza un\u00a0torneo de voces\u00a0con el t\u00edtulo <strong>\u00abDesde su hogar a la fama\u00bb<\/strong>que presentaban\u00a0Carlos\u00a0Tom\u00e1s Romero\u00a0y Josefina Ram\u00edrez.<\/p>\n<p>Se otorgaron varios premios seg\u00fan la modalidad de \u00abcanci\u00f3n\u00bb por la que compet\u00edan los participantes. Estas modalidades eran canci\u00f3n moderna, zarzuela, andaluza y flamenco, adem\u00e1s de otorgarse varios premios especiales.<\/p>\n<table class=\"tr-caption-container\" cellspacing=\"0\" cellpadding=\"0\">\n<tbody>\n<tr>\n<td>FOTO :<\/td>\n<\/tr>\n<tr>\n<td class=\"tr-caption\">Paquita R\u00edos L\u00f3pez \u00abLa Ni\u00f1a de Atarfe\u00bb<\/td>\n<\/tr>\n<\/tbody>\n<\/table>\n<\/div>\n<div class=\"post-body entry-content\">\n<p>Paquita R\u00edos L\u00f3pez cogi\u00f3 el tranv\u00eda desde Atarfe, se present\u00f3 en el concurso.\u00a0Era la\u00a0primera vez que se presentaba ante\u00a0un p\u00fablico tan numeroso\u00a0y acompa\u00f1ada de un guitarrista.\u00a0Cant\u00f3 dos fandangos y una media grana\u00edna, que era lo que la ocasi\u00f3n requer\u00eda y se llev\u00f3 el premio de \u00ab<strong>Reina del Cante Flamenco<\/strong>\u00ab.<\/p>\n<div class=\"separator\"><a href=\"https:\/\/i0.wp.com\/3.bp.blogspot.com\/-wc-kWv6MGks\/TcV5G4nmz3I\/AAAAAAAAAR8\/TRsg6iqFNvU\/s1600\/Concurso%2Bflamenco%2Bradio%2B2.jpg\"><img data-recalc-dims=\"1\" loading=\"lazy\" decoding=\"async\" src=\"https:\/\/i0.wp.com\/3.bp.blogspot.com\/-wc-kWv6MGks\/TcV5G4nmz3I\/AAAAAAAAAR8\/TRsg6iqFNvU\/s280\/Concurso%2Bflamenco%2Bradio%2B2.jpg?resize=280%2C168\" width=\"280\" height=\"168\" border=\"0\" \/><\/a>Paquita R\u00edos L\u00f3pez \u00abLa Ni\u00f1a de Atarfe\u00bb<\/div>\n<div class=\"separator\"><a href=\"https:\/\/i0.wp.com\/1.bp.blogspot.com\/-e83dP275izA\/UOXJVYESl5I\/AAAAAAAAAoQ\/FPFALMzIrco\/s1600\/Recorte%2Bprensa%2B1957%2BPaquita%2BRios.jpg\"><img data-recalc-dims=\"1\" loading=\"lazy\" decoding=\"async\" src=\"https:\/\/i0.wp.com\/1.bp.blogspot.com\/-e83dP275izA\/UOXJVYESl5I\/AAAAAAAAAoQ\/FPFALMzIrco\/s640\/Recorte%2Bprensa%2B1957%2BPaquita%2BRios.jpg?resize=256%2C640\" width=\"256\" height=\"640\" border=\"0\" \/><\/a><\/div>\n<div class=\"separator\"><a href=\"https:\/\/i0.wp.com\/1.bp.blogspot.com\/-GpafzJWp9Ls\/TcWDD7Q4KCI\/AAAAAAAAASI\/ZomxlqfgHlw\/s1600\/mama%2Ben%2Bla%2BGuzzi.jpg\"><img data-recalc-dims=\"1\" loading=\"lazy\" decoding=\"async\" src=\"https:\/\/i0.wp.com\/1.bp.blogspot.com\/-GpafzJWp9Ls\/TcWDD7Q4KCI\/AAAAAAAAASI\/ZomxlqfgHlw\/s320\/mama%2Ben%2Bla%2BGuzzi.jpg?resize=226%2C320\" width=\"226\" height=\"320\" border=\"0\" \/><\/a><\/div>\n<p>Su enlace matrimonial con Antonio D\u00edaz Navarro termin\u00f3 por disolver cualquier aspiraci\u00f3n a subirse a las tablas, aunque yo me alegro, porque sino&#8230; yo no hubiera nacido.<\/p>\n<div class=\"separator\"><a href=\"https:\/\/i0.wp.com\/4.bp.blogspot.com\/-fuFmMReH-d0\/TcWANE3g67I\/AAAAAAAAASE\/fRZVQekSuSU\/s1600\/boda%2Brecorte.jpg\"><img data-recalc-dims=\"1\" loading=\"lazy\" decoding=\"async\" src=\"https:\/\/i0.wp.com\/4.bp.blogspot.com\/-fuFmMReH-d0\/TcWANE3g67I\/AAAAAAAAASE\/fRZVQekSuSU\/s280\/boda%2Brecorte.jpg?resize=280%2C192\" width=\"280\" height=\"192\" border=\"0\" \/><\/a><\/div>\n<p>Su arte se desarroll\u00f3 exclusivamente en el \u00e1mbito familiar y recuerdo que a m\u00ed me daba mucha verg\u00fcenza que mi madre\u00a0se levantara a cantar\u00a0en\u00a0todos los grandes acontecimientos familiares\u00a0y temblaba cuando la gente comenzaba a vocear \u00a1Que cante Paquita!&#8230; \u00a1Que cante Paquita!, aunque\u00a0al final termin\u00e9 por acostumbrarme.<br \/>\nHoy d\u00eda lo echo de menos y ojal\u00e1 que a sus setenta y tantos a\u00f1os pudiera levantarse,\u00a0cantar y escuchar los aplausos y los gritos de la gente enfervorecida&#8230; como antes.<\/p>\n<div><\/div>\n<\/div>\n<p>&nbsp;<\/p>\n<div class=\"post-footer\">\n<div class=\"post-footer-line post-footer-line-1\"><span class=\"post-author vcard\"><span class=\"fn\"><a title=\"author profile\" href=\"https:\/\/www.blogger.com\/profile\/00163043814589931952\" rel=\"author\">Mibri <\/a><\/span><\/span><span class=\"post-timestamp\">en <a class=\"timestamp-link\" title=\"permanent link\" href=\"http:\/\/mibri-alcalaflamenca.blogspot.com.es\/2011\/05\/la-nina-de-atarfe.html?m=1\" rel=\"bookmark\"><abbr class=\"published\" title=\"2011-05-07T19:26:00+02:00\">7.5.11<\/abbr><\/a><\/span><\/div>\n<\/div>\n","protected":false},"excerpt":{"rendered":"<p>Ponemos a continuaci\u00f3n un escrito realizado en el Bloc Alcala Flamenca por Jos\u00e9 Manuel \u00abMibri\u00bb<\/p>\n","protected":false},"author":1,"featured_media":15022,"comment_status":"closed","ping_status":"closed","sticky":false,"template":"","format":"standard","meta":{"_coblocks_attr":"","_coblocks_dimensions":"","_coblocks_responsive_height":"","_coblocks_accordion_ie_support":"","jetpack_post_was_ever_published":false,"_jetpack_newsletter_access":"","_jetpack_dont_email_post_to_subs":false,"_jetpack_newsletter_tier_id":0,"_jetpack_memberships_contains_paywalled_content":false,"_jetpack_memberships_contains_paid_content":false,"footnotes":"","jetpack_publicize_message":"","jetpack_publicize_feature_enabled":true,"jetpack_social_post_already_shared":false,"jetpack_social_options":{"image_generator_settings":{"template":"highway","default_image_id":0,"enabled":false},"version":2}},"categories":[2,1225,186,9,44,15],"tags":[81,1078,1125,3679],"class_list":["post-15020","post","type-post","status-publish","format-standard","has-post-thumbnail","hentry","category-atarfe","category-ha-de-atarfe","category-instituciones","category-medio-ambiente","category-noticias-de-hoy","category-ultimas-noticias","tag-atarfe","tag-flamenco","tag-historia","tag-la-nina-de-atarfe"],"jetpack_publicize_connections":[],"jetpack_featured_media_url":"https:\/\/i0.wp.com\/miradordeatarfe.es\/wp-content\/uploads\/2017\/03\/Concurso-flamenco-radio-1.jpg?fit=280%2C176&ssl=1","jetpack_likes_enabled":true,"jetpack_sharing_enabled":true,"_links":{"self":[{"href":"https:\/\/miradordeatarfe.es\/index.php?rest_route=\/wp\/v2\/posts\/15020","targetHints":{"allow":["GET"]}}],"collection":[{"href":"https:\/\/miradordeatarfe.es\/index.php?rest_route=\/wp\/v2\/posts"}],"about":[{"href":"https:\/\/miradordeatarfe.es\/index.php?rest_route=\/wp\/v2\/types\/post"}],"author":[{"embeddable":true,"href":"https:\/\/miradordeatarfe.es\/index.php?rest_route=\/wp\/v2\/users\/1"}],"replies":[{"embeddable":true,"href":"https:\/\/miradordeatarfe.es\/index.php?rest_route=%2Fwp%2Fv2%2Fcomments&post=15020"}],"version-history":[{"count":2,"href":"https:\/\/miradordeatarfe.es\/index.php?rest_route=\/wp\/v2\/posts\/15020\/revisions"}],"predecessor-version":[{"id":15024,"href":"https:\/\/miradordeatarfe.es\/index.php?rest_route=\/wp\/v2\/posts\/15020\/revisions\/15024"}],"wp:featuredmedia":[{"embeddable":true,"href":"https:\/\/miradordeatarfe.es\/index.php?rest_route=\/wp\/v2\/media\/15022"}],"wp:attachment":[{"href":"https:\/\/miradordeatarfe.es\/index.php?rest_route=%2Fwp%2Fv2%2Fmedia&parent=15020"}],"wp:term":[{"taxonomy":"category","embeddable":true,"href":"https:\/\/miradordeatarfe.es\/index.php?rest_route=%2Fwp%2Fv2%2Fcategories&post=15020"},{"taxonomy":"post_tag","embeddable":true,"href":"https:\/\/miradordeatarfe.es\/index.php?rest_route=%2Fwp%2Fv2%2Ftags&post=15020"}],"curies":[{"name":"wp","href":"https:\/\/api.w.org\/{rel}","templated":true}]}}