{"id":15032,"date":"2017-03-21T09:17:23","date_gmt":"2017-03-21T08:17:23","guid":{"rendered":"http:\/\/miradordeatarfe.es\/?p=15032"},"modified":"2017-03-21T09:17:23","modified_gmt":"2017-03-21T08:17:23","slug":"la-iglesia-controla-el-64-de-los-presupuestos-de-los-conciertos-educativos","status":"publish","type":"post","link":"https:\/\/miradordeatarfe.es\/?p=15032","title":{"rendered":"La Iglesia controla el 64% de los presupuestos de los conciertos educativos"},"content":{"rendered":"<p>Espa\u00f1a es el pa\u00eds de la UE que m\u00e1s plazas concertadas oferta, seg\u00fan Eurostat, mientras est\u00e1 a la cola de plazas en la educaci\u00f3n p\u00fablica<!--more--><\/p>\n<div class=\"td-post-content\">\n<p>Siempre que surge un informe oficial que muestra c\u00f3mo el Partido Popular prioriza la educaci\u00f3n privada o concertada respecto a la p\u00fablica se enciende la pol\u00e9mica y los defensores de una y otra f\u00f3rmula se enfrentan. Eurostat ha publicado un informe en el que se muestra que Espa\u00f1a se encuentra a la cola de los pa\u00edses de la UE en plazas ofertadas en la educaci\u00f3n p\u00fablica, un 68% en primaria y un 69% en secundaria. Por el contrario, se halla entre los que m\u00e1s plazas oferta en centros privados con conciertos o subvenciones, en concreto, un 28% tanto en la primaria como en la secundaria. Estos datos contrastan con los siguientes:<\/p>\n<figure id=\"attachment_31449\" class=\"wp-caption aligncenter\"><a href=\"https:\/\/i0.wp.com\/diario16.com\/wp-content\/uploads\/2017\/03\/1-12.jpg\"><img data-recalc-dims=\"1\" loading=\"lazy\" decoding=\"async\" class=\"wp-image-31449 size-full td-animation-stack-type0-2\" src=\"https:\/\/i0.wp.com\/diario16.com\/wp-content\/uploads\/2017\/03\/1-12.jpg?resize=361%2C217\" sizes=\"auto, (max-width: 361px) 100vw, 361px\" srcset=\"http:\/\/diario16.com\/wp-content\/uploads\/2017\/03\/1-12.jpg 361w, http:\/\/diario16.com\/wp-content\/uploads\/2017\/03\/1-12-300x180.jpg 300w\" alt=\"\" width=\"361\" height=\"217\" \/><\/a><figcaption class=\"wp-caption-text\">Fuente: Eurostat<\/figcaption><\/figure>\n<figure id=\"attachment_31450\" class=\"wp-caption aligncenter\"><a href=\"https:\/\/i0.wp.com\/diario16.com\/wp-content\/uploads\/2017\/03\/2-6.jpg\"><img data-recalc-dims=\"1\" loading=\"lazy\" decoding=\"async\" class=\"size-full wp-image-31450 td-animation-stack-type0-2\" src=\"https:\/\/i0.wp.com\/diario16.com\/wp-content\/uploads\/2017\/03\/2-6.jpg?resize=361%2C217\" sizes=\"auto, (max-width: 361px) 100vw, 361px\" srcset=\"http:\/\/diario16.com\/wp-content\/uploads\/2017\/03\/2-6.jpg 361w, http:\/\/diario16.com\/wp-content\/uploads\/2017\/03\/2-6-300x180.jpg 300w\" alt=\"\" width=\"361\" height=\"217\" \/><\/a><figcaption class=\"wp-caption-text\">Fuente: Eurostat<\/figcaption><\/figure>\n<p>La educaci\u00f3n concertada en Espa\u00f1a siempre ha generado pol\u00e9mica desde su creaci\u00f3n en los a\u00f1os 80. Fue en 1985 cuando se iniciaron los conciertos mediante la Ley Org\u00e1nica reguladora del Derecho a la Educaci\u00f3n (LODE). Los centros concertados se financian a trav\u00e9s de un m\u00f3dulo econ\u00f3mico que se determina anualmente en los Presupuestos Generales del Estado (PGE). Las Comunidades Aut\u00f3nomas tienen la capacidad de incrementar esa cantidad y, casualmente, son las CCAA gobernadas por el Partido Popular las que m\u00e1s la incrementan, algo que va en contra del esp\u00edritu del concierto ya que esas subvenciones se establecieron para racionalizar las subvenciones exageradas que recib\u00edan los colegios religiosos durante el franquismo y los primeros a\u00f1os de la democracia, unas subvenciones que se entregaban sin ning\u00fan control.<\/p>\n<p>El incremento de las plazas de centros concertados bajo gobiernos del Partido Popular es significativo. En la Comunidad de Madrid, por ejemplo, se ha incrementado en un 13% en los \u00faltimos 8 a\u00f1os. En el mismo periodo de tiempo el n\u00famero de aulas p\u00fablicas descendi\u00f3 en 200. Por otro lado, es bastante significativo que incluso se conceda el concierto a colegios que segregan por sexo, que pertenecen a organizaciones ultracat\u00f3licas o que imparten una l\u00ednea educativa basada en la intolerancia, tal y como vimos con el caso del colegio Juan Pablo II de Alcorc\u00f3n. Adem\u00e1s, la Comunidad de Madrid ha cedido suelo p\u00fablico para la construcci\u00f3n de colegios privados mantenidos con dinero estatal: 82 parcelas para construir este tipo de centros. Seg\u00fan UGT en los nuevos barrios se abren m\u00e1s colegios concertados que p\u00fablicos. En Castilla y Le\u00f3n el consejero de Educaci\u00f3n Fernando Rey prometi\u00f3 subir la partida destinada a la ense\u00f1anza concertada durante la Asamblea de las Escuelas Cat\u00f3licas de Castilla y Le\u00f3n. Murcia es la Comunidad Aut\u00f3noma que m\u00e1s increment\u00f3 los presupuestos para la ense\u00f1anza concertada durante los a\u00f1os de crisis, concretamente un 24% en Infantil y Primaria y un 26% en Secundaria, precisamente en la etapa en que m\u00e1s recortes se impusieron a las partidas destinadas a Educaci\u00f3n.<\/p>\n<p>De todo ese dinero que se destina a la educaci\u00f3n concertada un 64% va destinado a colegios gestionados por la Iglesia Cat\u00f3lica. En los a\u00f1os de gobierno del Partido Popular, tal y como hemos visto anteriormente, la escuela concertada se ha beneficiado. Uno de los aspectos que lo demuestra es la libre elecci\u00f3n de centro que privilegia la LOMCE. En realidad esto lo que hace es dar prioridad a la ense\u00f1anza que se imparte en centros privados que tienen concierto con la Administraci\u00f3n y, por consiguiente, se minusvalora a los colegios de titularidad p\u00fablica. Veamos c\u00f3mo se ha incrementado la asignaci\u00f3n a los colegios privados religiosos con concierto con la Administraci\u00f3n:<\/p>\n<figure id=\"attachment_31451\" class=\"wp-caption aligncenter\"><a href=\"https:\/\/i0.wp.com\/diario16.com\/wp-content\/uploads\/2017\/03\/3-2.jpg\"><img data-recalc-dims=\"1\" loading=\"lazy\" decoding=\"async\" class=\"size-full wp-image-31451 td-animation-stack-type0-2\" src=\"https:\/\/i0.wp.com\/diario16.com\/wp-content\/uploads\/2017\/03\/3-2.jpg?resize=361%2C217\" sizes=\"auto, (max-width: 361px) 100vw, 361px\" srcset=\"http:\/\/diario16.com\/wp-content\/uploads\/2017\/03\/3-2.jpg 361w, http:\/\/diario16.com\/wp-content\/uploads\/2017\/03\/3-2-300x180.jpg 300w\" alt=\"\" width=\"361\" height=\"217\" \/><\/a><figcaption class=\"wp-caption-text\">Fuente: Elaboraci\u00f3n propia a trav\u00e9s de datos del Ministerio de Educaci\u00f3n, Cultura y Deporte<\/figcaption><\/figure>\n<p>Seis de cada diez centros concertados pertenecen a la Iglesia Cat\u00f3lica y, por lo tanto, el Estado est\u00e1 financiando por esta v\u00eda a esta instituci\u00f3n religiosa. Seg\u00fan datos del Ministerio de Educaci\u00f3n los centros religiosos recibieron por conciertos educativos un total de 4.326 millones de euros, ya pertenezcan a congregaciones, organizaciones u cooperativas.<\/p>\n<p>Los defensores de la ense\u00f1anza concertada afirman que es mucho m\u00e1s rentable mantenerla que eliminarla porque el coste por alumno es menor. Sin embargo, eso no es del todo cierto ya que si unimos los criterios de inversi\u00f3n, ratio de estudiantes y condiciones salariales del profesorado tenemos que el coste de la p\u00fablica respecto a la concertada es pr\u00e1cticamente el mismo. Respecto a los salarios de los docentes hay una diferencia media de 5.700 euros anuales.<\/p>\n<p>A pesar de todo esto vemos c\u00f3mo el Partido Popular quiere implantar el mismo modelo que en la sanidad priorizando lo privado respecto a lo p\u00fablico incrementando las partidas presupuestarias destinadas a los colegios privados con concierto con la Administraci\u00f3n.<\/p>\n<\/div>\n<p>http:\/\/diario16.com\/la-iglesia-controla-el-64-de-los-presupuestos-de-los-conciertos-educativos\/<\/p>\n","protected":false},"excerpt":{"rendered":"<p>Espa\u00f1a es el pa\u00eds de la UE que m\u00e1s plazas concertadas oferta, seg\u00fan Eurostat, mientras&#8230;<\/p>\n","protected":false},"author":1,"featured_media":15033,"comment_status":"closed","ping_status":"closed","sticky":false,"template":"","format":"standard","meta":{"_coblocks_attr":"","_coblocks_dimensions":"","_coblocks_responsive_height":"","_coblocks_accordion_ie_support":"","jetpack_post_was_ever_published":false,"_jetpack_newsletter_access":"","_jetpack_dont_email_post_to_subs":false,"_jetpack_newsletter_tier_id":0,"_jetpack_memberships_contains_paywalled_content":false,"_jetpack_memberships_contains_paid_content":false,"footnotes":"","jetpack_publicize_message":"","jetpack_publicize_feature_enabled":true,"jetpack_social_post_already_shared":false,"jetpack_social_options":{"image_generator_settings":{"template":"highway","default_image_id":0,"enabled":false},"version":2}},"categories":[187,186,9,44,15],"tags":[892,1122,28],"class_list":["post-15032","post","type-post","status-publish","format-standard","has-post-thumbnail","hentry","category-centros-educativos","category-instituciones","category-medio-ambiente","category-noticias-de-hoy","category-ultimas-noticias","tag-becas","tag-conciertos","tag-iglesia"],"jetpack_publicize_connections":[],"jetpack_featured_media_url":"https:\/\/i0.wp.com\/miradordeatarfe.es\/wp-content\/uploads\/2017\/03\/las-propuestas-del-psoe-para-la-clase-de-religion.jpg?fit=822%2C484&ssl=1","jetpack_likes_enabled":true,"jetpack_sharing_enabled":true,"_links":{"self":[{"href":"https:\/\/miradordeatarfe.es\/index.php?rest_route=\/wp\/v2\/posts\/15032","targetHints":{"allow":["GET"]}}],"collection":[{"href":"https:\/\/miradordeatarfe.es\/index.php?rest_route=\/wp\/v2\/posts"}],"about":[{"href":"https:\/\/miradordeatarfe.es\/index.php?rest_route=\/wp\/v2\/types\/post"}],"author":[{"embeddable":true,"href":"https:\/\/miradordeatarfe.es\/index.php?rest_route=\/wp\/v2\/users\/1"}],"replies":[{"embeddable":true,"href":"https:\/\/miradordeatarfe.es\/index.php?rest_route=%2Fwp%2Fv2%2Fcomments&post=15032"}],"version-history":[{"count":1,"href":"https:\/\/miradordeatarfe.es\/index.php?rest_route=\/wp\/v2\/posts\/15032\/revisions"}],"predecessor-version":[{"id":15034,"href":"https:\/\/miradordeatarfe.es\/index.php?rest_route=\/wp\/v2\/posts\/15032\/revisions\/15034"}],"wp:featuredmedia":[{"embeddable":true,"href":"https:\/\/miradordeatarfe.es\/index.php?rest_route=\/wp\/v2\/media\/15033"}],"wp:attachment":[{"href":"https:\/\/miradordeatarfe.es\/index.php?rest_route=%2Fwp%2Fv2%2Fmedia&parent=15032"}],"wp:term":[{"taxonomy":"category","embeddable":true,"href":"https:\/\/miradordeatarfe.es\/index.php?rest_route=%2Fwp%2Fv2%2Fcategories&post=15032"},{"taxonomy":"post_tag","embeddable":true,"href":"https:\/\/miradordeatarfe.es\/index.php?rest_route=%2Fwp%2Fv2%2Ftags&post=15032"}],"curies":[{"name":"wp","href":"https:\/\/api.w.org\/{rel}","templated":true}]}}