{"id":15035,"date":"2017-03-21T10:18:10","date_gmt":"2017-03-21T09:18:10","guid":{"rendered":"http:\/\/miradordeatarfe.es\/?p=15035"},"modified":"2017-03-21T09:20:26","modified_gmt":"2017-03-21T08:20:26","slug":"la-primavera-llega-a-granada-que-tiempo-hara-estos-dias","status":"publish","type":"post","link":"https:\/\/miradordeatarfe.es\/?p=15035","title":{"rendered":"La primavera llega a Granada, \u00bfqu\u00e9 tiempo har\u00e1 estos d\u00edas?"},"content":{"rendered":"<div id=\"noticia_subtitulo\">\n<h4>Aemet indica mayores probabilidades de lluvia a partir del mi\u00e9rcoles y un fuerte descenso de temperaturas<\/h4>\n<\/div>\n<p><!--more--><\/p>\n<p>Uno de los d\u00edas m\u00e1s deseados por la ciudadan\u00eda por fin se ha desarrollado: la primavera ha hecho su aparici\u00f3n en toda Espa\u00f1a desde las 11:29 del d\u00eda de hoy con la llegada del equinoccio, el momento en que el d\u00eda y la noche duran lo mismo. Pero, a pesar de la mejora de temperaturas que se esperar\u00eda recibir de este cambio de estaci\u00f3n, Granada se resiste y contin\u00faa con su clima casi invernal.<\/p>\n<p>As\u00ed lo asegura la Agencia Estatal de Meteorolog\u00eda, que predice que aunque el tiempo estos d\u00edas ser\u00e1 c\u00e1lido -con temperaturas de 8\u00ba de m\u00ednima y entre 20 y 22\u00ba de m\u00e1xima-, a partir del mi\u00e9rcoles el panorama empeorar\u00e1\u00a0en la capital.<\/p>\n<p>De ese modo, las probabilidades de lluvia del mi\u00e9rcoles oscilar\u00e1n entre los 20 y 40%, mientras que ascender\u00e1 al 45% al siguiente d\u00eda y llegar\u00e1n a su mayor cifra el viernes con un 100%. La probabilidad disminuir\u00e1 durante el fin de semana, pero continuar\u00e1 en torno a los 85% el s\u00e1bado y 65% el domingo.<\/p>\n<p>Las temperaturas tambi\u00e9n sufrir\u00e1n un gran descenso durante toda la semana, pues pasar\u00e1n de los 8\u00ba de m\u00ednimo y entre 20 y 22\u00ba de m\u00e1xima que se vivir\u00e1 entre hoy y ma\u00f1ana a los -2\u00ba de m\u00ednima y entre 10 y 11\u00ba de m\u00e1xima del s\u00e1bado y el domingo.<\/p>\n<div id=\"attachment_206082\" class=\"wp-caption aligncenter\"><img data-recalc-dims=\"1\" loading=\"lazy\" decoding=\"async\" class=\"wp-image-206082 size-full\" src=\"https:\/\/i0.wp.com\/cdn.granadadigital.es\/wp-content\/uploads\/2017\/03\/aemet-granada.png?resize=640%2C351\" sizes=\"auto, (max-width: 888px) 100vw, 888px\" srcset=\"http:\/\/cdn.granadadigital.es\/wp-content\/uploads\/2017\/03\/aemet-granada.png 888w, http:\/\/cdn.granadadigital.es\/wp-content\/uploads\/2017\/03\/aemet-granada-680x373.png 680w, http:\/\/cdn.granadadigital.es\/wp-content\/uploads\/2017\/03\/aemet-granada-300x165.png 300w\" width=\"640\" height=\"351\" \/><\/p>\n<p class=\"wp-caption-text\">Predicci\u00f3n meteorol\u00f3gica de la AEMET para Granada | Fuente: AEMET<\/p>\n<\/div>\n<div id=\"noticia_img\"><\/div>\n","protected":false},"excerpt":{"rendered":"<p>Aemet indica mayores probabilidades de lluvia a partir del mi\u00e9rcoles y un fuerte descenso de&#8230;<\/p>\n","protected":false},"author":1,"featured_media":15036,"comment_status":"closed","ping_status":"closed","sticky":false,"template":"","format":"standard","meta":{"_coblocks_attr":"","_coblocks_dimensions":"","_coblocks_responsive_height":"","_coblocks_accordion_ie_support":"","jetpack_post_was_ever_published":false,"_jetpack_newsletter_access":"","_jetpack_dont_email_post_to_subs":false,"_jetpack_newsletter_tier_id":0,"_jetpack_memberships_contains_paywalled_content":false,"_jetpack_memberships_contains_paid_content":false,"footnotes":"","jetpack_publicize_message":"","jetpack_publicize_feature_enabled":true,"jetpack_social_post_already_shared":false,"jetpack_social_options":{"image_generator_settings":{"template":"highway","default_image_id":0,"enabled":false},"version":2}},"categories":[186,44,15],"tags":[3680,129,3681],"class_list":["post-15035","post","type-post","status-publish","format-standard","has-post-thumbnail","hentry","category-instituciones","category-noticias-de-hoy","category-ultimas-noticias","tag-aemet","tag-granada","tag-tiemo"],"jetpack_publicize_connections":[],"jetpack_featured_media_url":"https:\/\/i0.wp.com\/miradordeatarfe.es\/wp-content\/uploads\/2017\/03\/lluvia-paraguas-frio-invierno.jpg?fit=680%2C420&ssl=1","jetpack_likes_enabled":true,"jetpack_sharing_enabled":true,"_links":{"self":[{"href":"https:\/\/miradordeatarfe.es\/index.php?rest_route=\/wp\/v2\/posts\/15035","targetHints":{"allow":["GET"]}}],"collection":[{"href":"https:\/\/miradordeatarfe.es\/index.php?rest_route=\/wp\/v2\/posts"}],"about":[{"href":"https:\/\/miradordeatarfe.es\/index.php?rest_route=\/wp\/v2\/types\/post"}],"author":[{"embeddable":true,"href":"https:\/\/miradordeatarfe.es\/index.php?rest_route=\/wp\/v2\/users\/1"}],"replies":[{"embeddable":true,"href":"https:\/\/miradordeatarfe.es\/index.php?rest_route=%2Fwp%2Fv2%2Fcomments&post=15035"}],"version-history":[{"count":1,"href":"https:\/\/miradordeatarfe.es\/index.php?rest_route=\/wp\/v2\/posts\/15035\/revisions"}],"predecessor-version":[{"id":15037,"href":"https:\/\/miradordeatarfe.es\/index.php?rest_route=\/wp\/v2\/posts\/15035\/revisions\/15037"}],"wp:featuredmedia":[{"embeddable":true,"href":"https:\/\/miradordeatarfe.es\/index.php?rest_route=\/wp\/v2\/media\/15036"}],"wp:attachment":[{"href":"https:\/\/miradordeatarfe.es\/index.php?rest_route=%2Fwp%2Fv2%2Fmedia&parent=15035"}],"wp:term":[{"taxonomy":"category","embeddable":true,"href":"https:\/\/miradordeatarfe.es\/index.php?rest_route=%2Fwp%2Fv2%2Fcategories&post=15035"},{"taxonomy":"post_tag","embeddable":true,"href":"https:\/\/miradordeatarfe.es\/index.php?rest_route=%2Fwp%2Fv2%2Ftags&post=15035"}],"curies":[{"name":"wp","href":"https:\/\/api.w.org\/{rel}","templated":true}]}}