{"id":15038,"date":"2017-03-22T10:20:40","date_gmt":"2017-03-22T09:20:40","guid":{"rendered":"http:\/\/miradordeatarfe.es\/?p=15038"},"modified":"2017-03-22T10:20:36","modified_gmt":"2017-03-22T09:20:36","slug":"robots-los-humanos-y-las-maquinas-llega-al-parque-de-las-ciencias","status":"publish","type":"post","link":"https:\/\/miradordeatarfe.es\/?p=15038","title":{"rendered":"\u2018Robots. Los humanos y las m\u00e1quinas\u2019 llega al Parque de las Ciencias"},"content":{"rendered":"<p class=\"negrita\" style=\"text-align: justify;\">El 7 de marzo abri\u00f3 sus puertas esta exposici\u00f3n que recorre la historia de las m\u00e1quinas y aborda las grandes implicaciones de la rob\u00f3tica actual en campos como la medicina o la industria.<!--more--><\/p>\n<p style=\"text-align: justify;\">\u00a0Los robots \u201cconquistan\u201d el Parque de las Ciencias. La relaci\u00f3n entre el ser humano y las m\u00e1quinas es el hilo conductor de la nueva exposici\u00f3n temporal del museo que puede verse desde hoy en Granada y que es fruto de una coproducci\u00f3n internacional entre el Parque de las Ciencias y el Museo Alem\u00e1n de Industria y Trabajo DASA. Se trata de un novedoso proyecto que aborda un tema de enorme calado y actualidad con grandes implicaciones en campos que van desde la vida cotidiana a la econom\u00eda mundial, la industria, la investigaci\u00f3n, el transporte o la salud.<\/p>\n<p style=\"text-align: justify;\">A trav\u00e9s de casi un centenar interactivos, piezas hist\u00f3ricas, v\u00eddeos, robots actuales, talleres, etc. \u2018Robots. Los humanos y las m\u00e1quinas\u2019 invita a los visitantes a reflexionar sobre el pasado, presente y futuro de la tecnolog\u00eda rob\u00f3tica desde \u00e1mbitos tan diversos como la medicina, la \u00e9tica, la investigaci\u00f3n cient\u00edfica e incluso el arte y la literatura. Adem\u00e1s, la exposici\u00f3n se plantea como un espacio abierto a la reflexi\u00f3n p\u00fablica en el que los visitantes podr\u00e1n implicarse en el debate actual en torno a cuestiones como \u00bfSe podr\u00e1n distinguir los robots de los humanos? \u00bfHabr\u00e1 humanos-m\u00e1quinas con habilidades excepcionales? \u00bfExistir\u00e1n f\u00e1bricas inteligentes sin empleados humanos?<\/p>\n<p style=\"text-align: justify;\">La muestra, que estar\u00e1 instalada en el Parque de las Ciencias hasta enero de 2018, cuenta con la colaboraci\u00f3n de m\u00e1s de 60 museos y entidades diversas y el patrocinio de la Fundaci\u00f3n Espa\u00f1ola para la Ciencia y la Tecnolog\u00eda -Ministerio de Econom\u00eda y Competitividad\u201d.<\/p>\n<p style=\"text-align: justify;\">Granada es el primer lugar en el que puede verse tras su presentaci\u00f3n en Dortmund. La exposici\u00f3n es de car\u00e1cter itinerante y est\u00e1 previsto que, tras paso por Granada, se exponga en otras ciudades europeas. En el Parque de las Ciencias ocupa una superficie de 1.800 m2 e incluye novedades que ampl\u00edan los contenidos de la exposici\u00f3n instalada en Dortmund como talleres educativos, audiovisuales y tecnolog\u00eda rob\u00f3tica dise\u00f1ada por investigadores espa\u00f1oles.<\/p>\n<p style=\"text-align: justify;\">Tambi\u00e9n cuenta con un FabLab (acr\u00f3nimo del ingl\u00e9s Fabrication Laboratory), vinculado a la investigaci\u00f3n en los centros educativos y talleres familiares, que permite dar visibilidad al trabajo realizado en el campo de la ciencia y la tecnolog\u00eda. Es un espacio para el desarrollo de proyectos educativos, que tengan como eje la producci\u00f3n de objetos f\u00edsicos con m\u00e1quinas y tecnolog\u00eda controladas por ordenador.<\/p>\n<p style=\"text-align: justify;\">Adem\u00e1s de este FabLab, se ofertan talleres did\u00e1cticos de rob\u00f3tica con lego, biotecnolog\u00eda y salud, Arduino, iniciaci\u00f3n a la rob\u00f3tica, impresi\u00f3n 3D, etc.<\/p>\n<p style=\"text-align: justify;\">La exposici\u00f3n se completa con un programa paralelo de actividades entre las que destacan un Curso de Actualidad Cient\u00edfica, que se inaugura ma\u00f1ana 7 de marzo, y un ciclo de Ciencia de cerca, en el que expertos en el mundo de la rob\u00f3tica, micro-rob\u00f3tica y tecnolog\u00eda explicar\u00e1n su trabajo de una forma amena e interactiva.<\/p>\n<p style=\"text-align: justify;\">Con \u2018Robots\u2019 el Parque de las Ciencias vuelve a abordar un tema de candente actualidad y de gran atractivo para la sociedad general. El museo augura gran \u00e9xito a esta muestra y espera que contribuya a la tendencia de incremento de visitas anuales que ha ido experimentando en los \u00faltimos a\u00f1os.<\/p>\n<p class=\"titulo\" style=\"text-align: justify;\"><strong>\u00c1reas de la exposici\u00f3n<\/strong><\/p>\n<p style=\"text-align: justify;\"><strong>Introducci\u00f3n:<\/strong> Un robot da la bienvenida a los visitantes que se adentran en el contenido de la exposici\u00f3n visualizando un v\u00eddeo interactivo sobre la naturaleza de la relaci\u00f3n hombre-m\u00e1quina desde un punto de vista t\u00e9cnico y filos\u00f3fico.<\/p>\n<p style=\"text-align: justify;\"><strong>Historia de las m\u00e1quinas: <\/strong>Se presenta un recorrido desde las herramientas de la Edad de Piedra o los logros de la ingenier\u00eda llevados a cabo en la Antigua Grecia a las m\u00e1quinas de precisi\u00f3n de la Edad Media, las m\u00e1quinas ut\u00f3picas del Renacimiento o la primera guerra mecanizada hasta el comienzo de la era moderna.<\/p>\n<p style=\"text-align: justify;\"><strong>El nacimiento del robot: <\/strong>Se muestra el nacimiento del robot que surge a mediados del siglo XIX.<\/p>\n<p style=\"text-align: justify;\"><strong>El mundo de los robots: <\/strong>Un recorrido por el desarrollo de la rob\u00f3tica en el \u00faltimo siglo hasta la actualidad. Se presentan sus usos en la industria, el ej\u00e9rcito, la medicina y la salud. Tambi\u00e9n hay espacio para el dise\u00f1o humanoide de los robots, desde un simple brazo rob\u00f3tico hasta un robot humano que camina.<\/p>\n<p style=\"text-align: justify;\"><strong>M\u00e1quinas en el cuerpo humano: <\/strong>Este espacio se centra en las posibilidades de reparaci\u00f3n de funciones humanas perdidas a trav\u00e9s de la tecnolog\u00eda rob\u00f3tica.<\/p>\n<p style=\"text-align: justify;\"><strong>\u00bfHumano o m\u00e1quina?: <\/strong>La parte final de la exposici\u00f3n plantea una reflexi\u00f3n sobre c\u00f3mo ser\u00e1 la relaci\u00f3n humano-m\u00e1quina en el futuro.<\/p>\n<div class=\"explica\"><\/div>\n","protected":false},"excerpt":{"rendered":"<p>El 7 de marzo abri\u00f3 sus puertas esta exposici\u00f3n que recorre la historia de las&#8230;<\/p>\n","protected":false},"author":1,"featured_media":15039,"comment_status":"closed","ping_status":"closed","sticky":false,"template":"","format":"standard","meta":{"_coblocks_attr":"","_coblocks_dimensions":"","_coblocks_responsive_height":"","_coblocks_accordion_ie_support":"","jetpack_post_was_ever_published":false,"_jetpack_newsletter_access":"","_jetpack_dont_email_post_to_subs":false,"_jetpack_newsletter_tier_id":0,"_jetpack_memberships_contains_paywalled_content":false,"_jetpack_memberships_contains_paid_content":false,"footnotes":"","jetpack_publicize_message":"","jetpack_publicize_feature_enabled":true,"jetpack_social_post_already_shared":false,"jetpack_social_options":{"image_generator_settings":{"template":"highway","default_image_id":0,"enabled":false},"version":2}},"categories":[186,44,15],"tags":[129,133],"class_list":["post-15038","post","type-post","status-publish","format-standard","has-post-thumbnail","hentry","category-instituciones","category-noticias-de-hoy","category-ultimas-noticias","tag-granada","tag-parque-de-las-ciencias"],"jetpack_publicize_connections":[],"jetpack_featured_media_url":"https:\/\/i0.wp.com\/miradordeatarfe.es\/wp-content\/uploads\/2017\/03\/portada.jpg_1951930094.jpg?fit=769%2C401&ssl=1","jetpack_likes_enabled":true,"jetpack_sharing_enabled":true,"_links":{"self":[{"href":"https:\/\/miradordeatarfe.es\/index.php?rest_route=\/wp\/v2\/posts\/15038","targetHints":{"allow":["GET"]}}],"collection":[{"href":"https:\/\/miradordeatarfe.es\/index.php?rest_route=\/wp\/v2\/posts"}],"about":[{"href":"https:\/\/miradordeatarfe.es\/index.php?rest_route=\/wp\/v2\/types\/post"}],"author":[{"embeddable":true,"href":"https:\/\/miradordeatarfe.es\/index.php?rest_route=\/wp\/v2\/users\/1"}],"replies":[{"embeddable":true,"href":"https:\/\/miradordeatarfe.es\/index.php?rest_route=%2Fwp%2Fv2%2Fcomments&post=15038"}],"version-history":[{"count":1,"href":"https:\/\/miradordeatarfe.es\/index.php?rest_route=\/wp\/v2\/posts\/15038\/revisions"}],"predecessor-version":[{"id":15040,"href":"https:\/\/miradordeatarfe.es\/index.php?rest_route=\/wp\/v2\/posts\/15038\/revisions\/15040"}],"wp:featuredmedia":[{"embeddable":true,"href":"https:\/\/miradordeatarfe.es\/index.php?rest_route=\/wp\/v2\/media\/15039"}],"wp:attachment":[{"href":"https:\/\/miradordeatarfe.es\/index.php?rest_route=%2Fwp%2Fv2%2Fmedia&parent=15038"}],"wp:term":[{"taxonomy":"category","embeddable":true,"href":"https:\/\/miradordeatarfe.es\/index.php?rest_route=%2Fwp%2Fv2%2Fcategories&post=15038"},{"taxonomy":"post_tag","embeddable":true,"href":"https:\/\/miradordeatarfe.es\/index.php?rest_route=%2Fwp%2Fv2%2Ftags&post=15038"}],"curies":[{"name":"wp","href":"https:\/\/api.w.org\/{rel}","templated":true}]}}