{"id":15044,"date":"2017-03-25T10:42:28","date_gmt":"2017-03-25T09:42:28","guid":{"rendered":"http:\/\/miradordeatarfe.es\/?p=15044"},"modified":"2017-03-21T16:54:56","modified_gmt":"2017-03-21T15:54:56","slug":"atarfe-2o-concurso-de-poesia-al-rakuniyya","status":"publish","type":"post","link":"https:\/\/miradordeatarfe.es\/?p=15044","title":{"rendered":"ATARFE: 2\u00ba Concurso de Poes\u00eda \u00abal-Rakuniyya\u00bbFUNDA"},"content":{"rendered":"<p style=\"text-align: justify;\">\u00a0\u00a0La Fundaci\u00f3n Sierra Elvira con este concurso promueve entre los j\u00f3venes la producci\u00f3n po\u00e9tica, desde sus inicios en la escuela primaria hasta el bachillerato. El ejercicio de la poes\u00eda hace que expresen a todos nosotros sus inquietudes e ilusiones en un lenguaje propio de los sentimientos.<!--more--><\/p>\n<p style=\"text-align: justify;\">\u00a0\u00a0El concurso toma el nombre en recuerdo de la poetisa andalus\u00ed Hafsa bint al Hajj, de sobrenombre \u00abal-Rakuniyya\u00bb, nacida en Granada en 1135, fue una de las poetisas m\u00e1s c\u00e9lebres de al-\u00c1ndalus.<\/p>\n<p style=\"text-align: justify;\">\u00a0\u00a0Los participantes ser\u00e1n j\u00f3venes de edades comprendidas entre 10 y 18 a\u00f1os de edad y escolarizados en Atarfe (Granada) y municipios de su entorno. La participaci\u00f3n se har\u00e1 con la colaboraci\u00f3n del centro escolar respectivo y la autorizaci\u00f3n de la persona adulta responsable del menor.<\/p>\n<p style=\"text-align: justify;\">\u00a0\u00a0El Jurado designar\u00e1 un primer premio y un acc\u00e9sit en cada uno de los tres grupos de edad. Los participantes premiados recibir\u00e1n un Diploma acreditativo y un lote de libros o material escolar. A juicio del Jurado se podr\u00e1 conceder Menciones de Honor, que ser\u00edan acreditadas por un Diploma.<\/p>\n<p style=\"text-align: justify;\">\u00a0\u00a0Durante el acto de entrega de los Diplomas, cada participante premiado declamar\u00e1 su poes\u00eda.<\/p>\n<p style=\"text-align: justify;\" align=\"right\">Plazo de inscripci\u00f3n: hasta las <b>14h del 5 de mayo de 2017<\/b>.<\/p>\n<p style=\"text-align: justify;\">Las condiciones detalladas se encuentran en las <a href=\"http:\/\/www.fundacionsierraelvira.org\/poesia17.doc\">Bases del Concurso<\/a><\/p>\n<p style=\"text-align: justify;\">Los premios y diplomas se entregar\u00e1n el lunes 22 de mayo, al tiempo que los Diplomas escolares, en el Instituto Iliberis de Atarfe a las 6h de la tarde.<\/p>\n","protected":false},"excerpt":{"rendered":"<p>\u00a0\u00a0La Fundaci\u00f3n Sierra Elvira con este concurso promueve entre los j\u00f3venes la producci\u00f3n po\u00e9tica, desde&#8230;<\/p>\n","protected":false},"author":1,"featured_media":0,"comment_status":"closed","ping_status":"closed","sticky":false,"template":"","format":"standard","meta":{"_coblocks_attr":"","_coblocks_dimensions":"","_coblocks_responsive_height":"","_coblocks_accordion_ie_support":"","jetpack_post_was_ever_published":false,"_jetpack_newsletter_access":"","_jetpack_dont_email_post_to_subs":false,"_jetpack_newsletter_tier_id":0,"_jetpack_memberships_contains_paywalled_content":false,"_jetpack_memberships_contains_paid_content":false,"footnotes":"","jetpack_publicize_message":"","jetpack_publicize_feature_enabled":true,"jetpack_social_post_already_shared":false,"jetpack_social_options":{"image_generator_settings":{"template":"highway","default_image_id":0,"enabled":false},"version":2}},"categories":[2,12,187,44,15],"tags":[332,224],"class_list":["post-15044","post","type-post","status-publish","format-standard","hentry","category-atarfe","category-cultura","category-centros-educativos","category-noticias-de-hoy","category-ultimas-noticias","tag-fundacion-sierra-elvira","tag-poesia"],"jetpack_publicize_connections":[],"jetpack_featured_media_url":"","jetpack_likes_enabled":true,"jetpack_sharing_enabled":true,"_links":{"self":[{"href":"https:\/\/miradordeatarfe.es\/index.php?rest_route=\/wp\/v2\/posts\/15044","targetHints":{"allow":["GET"]}}],"collection":[{"href":"https:\/\/miradordeatarfe.es\/index.php?rest_route=\/wp\/v2\/posts"}],"about":[{"href":"https:\/\/miradordeatarfe.es\/index.php?rest_route=\/wp\/v2\/types\/post"}],"author":[{"embeddable":true,"href":"https:\/\/miradordeatarfe.es\/index.php?rest_route=\/wp\/v2\/users\/1"}],"replies":[{"embeddable":true,"href":"https:\/\/miradordeatarfe.es\/index.php?rest_route=%2Fwp%2Fv2%2Fcomments&post=15044"}],"version-history":[{"count":2,"href":"https:\/\/miradordeatarfe.es\/index.php?rest_route=\/wp\/v2\/posts\/15044\/revisions"}],"predecessor-version":[{"id":15052,"href":"https:\/\/miradordeatarfe.es\/index.php?rest_route=\/wp\/v2\/posts\/15044\/revisions\/15052"}],"wp:attachment":[{"href":"https:\/\/miradordeatarfe.es\/index.php?rest_route=%2Fwp%2Fv2%2Fmedia&parent=15044"}],"wp:term":[{"taxonomy":"category","embeddable":true,"href":"https:\/\/miradordeatarfe.es\/index.php?rest_route=%2Fwp%2Fv2%2Fcategories&post=15044"},{"taxonomy":"post_tag","embeddable":true,"href":"https:\/\/miradordeatarfe.es\/index.php?rest_route=%2Fwp%2Fv2%2Ftags&post=15044"}],"curies":[{"name":"wp","href":"https:\/\/api.w.org\/{rel}","templated":true}]}}