{"id":15056,"date":"2017-03-22T10:45:40","date_gmt":"2017-03-22T09:45:40","guid":{"rendered":"http:\/\/miradordeatarfe.es\/?p=15056"},"modified":"2017-03-22T10:20:52","modified_gmt":"2017-03-22T09:20:52","slug":"escolares-de-atarfe-asisten-al-estreno-de-una-obra-de-teatro-en-defensa-de-los-derechos-de-las-personas-con-discapacidad","status":"publish","type":"post","link":"https:\/\/miradordeatarfe.es\/?p=15056","title":{"rendered":"Escolares de Atarfe asisten al estreno de una obra de teatro en defensa de los derechos de las personas con discapacidad"},"content":{"rendered":"<p style=\"text-align: justify;\"><span class=\"contenidos_subtitulo\">La iniciativa ha sido promovida por el Grupo de Trabajo para la Accesibilidad de Atarfe en colaboraci\u00f3n con el Ayuntamiento y cinco colegios del municipio, cuyos alumnos abarrotaron el centro cultural.<\/span><!--more--><\/p>\n<div style=\"text-align: justify;\">Alumnos de cinco colegios de Atarfe han asistido hoy en el Centro Cultural Medina Elvira al estreno de la obra de teatro &#8216;El \u00fanico parque&#8217;, un alegato en defensa de los derechos de las personas con alg\u00fan tipo de discapacidad.<\/div>\n<div style=\"text-align: justify;\"><\/div>\n<div style=\"text-align: justify;\">El grupo de teatro de la <strong>Asociaci\u00f3n Art\u00edstica y Cultural Ciudad Atarfe<\/strong> se ha encargado de la puesta en escena de una obra escrita por <strong>Fuencisla Moreno<\/strong> y dirigida por <strong>V\u00edctor Rivera<\/strong>, con la que se ha pretendido concienciar sobre la necesidad de solucionar los problemas que a diario tienen las personas con &#8216;capacidades diferentes&#8217;, seg\u00fan ha explicado la concejal de Cultura, <strong>Fabiola Garc\u00eda Montijano<\/strong>.<\/div>\n<div style=\"text-align: justify;\"><\/div>\n<div style=\"text-align: justify;\">En dicha obra, la protagonista, una joven postrada en silla de ruedas tras sufrir un accidente de tr\u00e1fico, confiesa su impotencia por no disfrutar de los mismos derechos que el resto de personas que le acompa\u00f1an durante su visita diaria a un parque p\u00fablico.<\/div>\n<div style=\"text-align: justify;\"><\/div>\n<div style=\"text-align: justify;\">La iniciativa ha sido promovida por el <strong>Grupo de Trabajo para la Accesibilidad de Atarfe<\/strong>, un colectivo ciudadano integrado por miembros de la Asociaci\u00f3n para la Integraci\u00f3n de Enfermos y Minusv\u00e1lidos de Atarfe (APIEMA) que viene trabajando desde hace m\u00e1s de uno en la eliminaci\u00f3n de barreras arquitect\u00f3nicas. Sus miembros vienen manteniendo reuniones con el equipo de gobierno, t\u00e9cnicos municipales de Urbanismo, Actividades Econ\u00f3micas y la Polic\u00eda Local para &#8216;impulsar entre todos un Atarfe m\u00e1s accesible&#8217;.<\/div>\n<div style=\"text-align: justify;\"><\/div>\n<div style=\"text-align: justify;\">Esta actividad ha contado con la colaboraci\u00f3n de los <strong>colegios de Infantil y Primaria SAFA, Atalaya, Clara Campoamor, Jim\u00e9nez Rueda y Medina Elvira<\/strong>. Los alumnos han instalado en el vest\u00edbulo del centro cultural diversos expositores para concienciar sobre los problemas derivados de la falta de accesibilidad, as\u00ed como talleres para acercarse al lenguaje de signos y al alfabeto braille, el sistema de lectura y escritura t\u00e1ctil pensado para personas invidentes.<\/div>\n<div style=\"text-align: justify;\"><\/div>\n<div style=\"text-align: justify;\"><img data-recalc-dims=\"1\" loading=\"lazy\" decoding=\"async\" src=\"https:\/\/i0.wp.com\/www.ciudadatarfe.com\/data\/fotos_contenidos_web\/1689_2011_20170321133729.jpg?resize=442%2C295\" width=\"442\" height=\"295\" border=\"0\" \/><\/div>\n","protected":false},"excerpt":{"rendered":"<p>La iniciativa ha sido promovida por el Grupo de Trabajo para la Accesibilidad de Atarfe&#8230;<\/p>\n","protected":false},"author":1,"featured_media":15058,"comment_status":"closed","ping_status":"closed","sticky":false,"template":"","format":"standard","meta":{"_coblocks_attr":"","_coblocks_dimensions":"","_coblocks_responsive_height":"","_coblocks_accordion_ie_support":"","jetpack_post_was_ever_published":false,"_jetpack_newsletter_access":"","_jetpack_dont_email_post_to_subs":false,"_jetpack_newsletter_tier_id":0,"_jetpack_memberships_contains_paywalled_content":false,"_jetpack_memberships_contains_paid_content":false,"footnotes":"","jetpack_publicize_message":"","jetpack_publicize_feature_enabled":true,"jetpack_social_post_already_shared":false,"jetpack_social_options":{"image_generator_settings":{"template":"highway","default_image_id":0,"enabled":false},"version":2}},"categories":[2,1161,186,44,15],"tags":[1767,81,239],"class_list":["post-15056","post","type-post","status-publish","format-standard","has-post-thumbnail","hentry","category-atarfe","category-ciudadania","category-instituciones","category-noticias-de-hoy","category-ultimas-noticias","tag-accesibilidad","tag-atarfe","tag-discapacidad"],"jetpack_publicize_connections":[],"jetpack_featured_media_url":"https:\/\/i0.wp.com\/miradordeatarfe.es\/wp-content\/uploads\/2017\/03\/1689_2010_20170321133557.jpg?fit=442%2C295&ssl=1","jetpack_likes_enabled":true,"jetpack_sharing_enabled":true,"_links":{"self":[{"href":"https:\/\/miradordeatarfe.es\/index.php?rest_route=\/wp\/v2\/posts\/15056","targetHints":{"allow":["GET"]}}],"collection":[{"href":"https:\/\/miradordeatarfe.es\/index.php?rest_route=\/wp\/v2\/posts"}],"about":[{"href":"https:\/\/miradordeatarfe.es\/index.php?rest_route=\/wp\/v2\/types\/post"}],"author":[{"embeddable":true,"href":"https:\/\/miradordeatarfe.es\/index.php?rest_route=\/wp\/v2\/users\/1"}],"replies":[{"embeddable":true,"href":"https:\/\/miradordeatarfe.es\/index.php?rest_route=%2Fwp%2Fv2%2Fcomments&post=15056"}],"version-history":[{"count":3,"href":"https:\/\/miradordeatarfe.es\/index.php?rest_route=\/wp\/v2\/posts\/15056\/revisions"}],"predecessor-version":[{"id":15060,"href":"https:\/\/miradordeatarfe.es\/index.php?rest_route=\/wp\/v2\/posts\/15056\/revisions\/15060"}],"wp:featuredmedia":[{"embeddable":true,"href":"https:\/\/miradordeatarfe.es\/index.php?rest_route=\/wp\/v2\/media\/15058"}],"wp:attachment":[{"href":"https:\/\/miradordeatarfe.es\/index.php?rest_route=%2Fwp%2Fv2%2Fmedia&parent=15056"}],"wp:term":[{"taxonomy":"category","embeddable":true,"href":"https:\/\/miradordeatarfe.es\/index.php?rest_route=%2Fwp%2Fv2%2Fcategories&post=15056"},{"taxonomy":"post_tag","embeddable":true,"href":"https:\/\/miradordeatarfe.es\/index.php?rest_route=%2Fwp%2Fv2%2Ftags&post=15056"}],"curies":[{"name":"wp","href":"https:\/\/api.w.org\/{rel}","templated":true}]}}