{"id":15063,"date":"2017-03-23T10:23:30","date_gmt":"2017-03-23T09:23:30","guid":{"rendered":"http:\/\/miradordeatarfe.es\/?p=15063"},"modified":"2017-03-22T10:26:11","modified_gmt":"2017-03-22T09:26:11","slug":"el-31-de-este-mes-se-acaba-el-plazo-para-acogerse-a-las-ventajas-para-pagar-el-ibi-y-acogerse-a-las-bonificaciones","status":"publish","type":"post","link":"https:\/\/miradordeatarfe.es\/?p=15063","title":{"rendered":"EL 31 DE ESTE MES  SE ACABA EL PLAZO PARA ACOGERSE A LAS VENTAJAS para pagar el IBI Y  acogerse a las bonificaciones"},"content":{"rendered":"<p style=\"text-align: justify;\"><span class=\"contenidos_subtitulo\">El plazo para acogerse a las bonificaciones del impuesto de la contribuci\u00f3n acaba el 31 de marzo.- Se beneficia quien domicilie el recibo, las familias numerosas y quien menos recursos dispone. <\/span><br \/>\n<!--more--><\/p>\n<div style=\"text-align: justify;\">En el pleno ordinario del mes de enero se aprob\u00f3 por unanimidad la propuesta de modificaci\u00f3n de la ordenanza fiscal para facilitar a los vecinos el pago del Impuesto de Bienes Inmuebles, tambi\u00e9n conocido como la contribuci\u00f3n. Se podr\u00e1 abonar de forma fraccionada desde el 1 de julio al 30 de noviembre, transfiriendo la mitad del importe del impuesto entre el 1 de julio y el 31 de agosto, y la otra mitad entre el 1 de septiembre y el 30 de noviembre; o bien abonar el importe \u00edntegro en el periodo normal de pago, es decir del 1 de septiembre al 30 de noviembre.<\/div>\n<div style=\"text-align: justify;\"><\/div>\n<div style=\"text-align: justify;\">Al ciudadano que tenga domiciliado el recibo le cargar\u00e1n el importe en los dos plazos previstos [ver calendario fiscal 2017].<\/div>\n<div style=\"text-align: justify;\"><\/div>\n<div style=\"text-align: justify;\"><img data-recalc-dims=\"1\" decoding=\"async\" src=\"https:\/\/i0.wp.com\/www.ciudadatarfe.com\/data\/fotos_contenidos_web\/1688_2008_20170314114145.jpg?w=640\" border=\"0\" \/><\/div>\n<div style=\"text-align: justify;\"><\/div>\n<div style=\"text-align: justify;\"><strong>DESCUENTO POR DOMICILIAR<\/strong>. Un dato importante que los contribuyentes deben tener en cuenta es que el plazo para acogerse a las bonificaciones que contempla la ordenanza fiscal del Impuesto de Bienes Inmuebles (IBI) finaliza el 31 de marzo.<\/div>\n<div style=\"text-align: justify;\"><\/div>\n<div style=\"text-align: justify;\">El a\u00f1o pasado se beneficiaron un total de 450 vecinos que decidieron domiciliar la contribuci\u00f3n, obteniendo una bonificaci\u00f3n del 3% de la cuota del IBI. Otros 60 lograron una rebaja por cumplir con los requisitos de car\u00e1cter social o por ser familia numerosa.<\/div>\n<div style=\"text-align: justify;\"><\/div>\n<div style=\"text-align: justify;\"><strong>BONO FAMILIA NUMEROSA<\/strong>. Las familias numerosas obtendr\u00e1n una bonificaci\u00f3n en funci\u00f3n del valor catastral de la vivienda y de una serie de condicionantes que establece la Ley de Haciendas Locales. Es obligado acreditar la condici\u00f3n de familia numerosa mediante certificado o documento expedido por la Junta de Andaluc\u00eda.<\/div>\n<div style=\"text-align: justify;\"><\/div>\n<div style=\"text-align: justify;\"><strong>BONO SOCIAL<\/strong>. El bono social &amp;ndash;una rebaja del 10% en la cuota \u00edntegra del impuesto- s\u00f3lo se aplicar\u00e1 a los vecinos que tengan como \u00fanica residencia habitual un inmueble cuyo valor catastral no supere los 60.000 euros.<\/div>\n<div style=\"text-align: justify;\"><\/div>\n<div style=\"text-align: justify;\">Los ingresos anuales de la unidad familiar tienen que estar por debajo del doble del salario m\u00ednimo interprofesional (la suma total es 1.415,20 &amp;euro;) y sus miembros no deben ostentar m\u00e1s bienes que el de su residencia habitual.<\/div>\n<div style=\"text-align: justify;\"><\/div>\n<div style=\"text-align: justify;\">Es necesario aportar la declaraci\u00f3n del Impuesto sobre la Renta de las Personas F\u00edsicas y, en el supuesto de que no se tenga obligaci\u00f3n de presentar la citada declaraci\u00f3n, certificaci\u00f3n relativa a la falta de obligaci\u00f3n de formularla expedida por la Agencia Estatal de Administraci\u00f3n Tributaria.<\/div>\n<div style=\"text-align: justify;\"><\/div>\n<div style=\"text-align: justify;\">En este \u00faltimo caso, se autorizar\u00e1 a este Ayuntamiento a recabar los datos fiscales de todos los miembros de la unidad familiar.<\/div>\n<div style=\"text-align: justify;\"><\/div>\n<div style=\"text-align: justify;\">Es igualmente necesario tener domiciliado el recibo del IBI de la vivienda sobre el que se pretende la bonificaci\u00f3n, siendo \u00e9sta compatible con la prevista por la domiciliaci\u00f3n bancaria del 3% de la cuota del impuesto.<\/div>\n<div style=\"text-align: justify;\"><\/div>\n<div style=\"text-align: justify;\">La documentaci\u00f3n para acogerse a las bonificaciones por familia numerosa o de car\u00e1cter social debe presentarse en el registro municipal.<\/div>\n<div style=\"text-align: justify;\"><\/div>\n<div style=\"text-align: justify;\"><strong><u>LA CUENTA A MEDIDA, OTRA FORMA DE PAGO<\/u><\/strong><\/div>\n<div style=\"text-align: justify;\"><\/div>\n<div style=\"text-align: justify;\">La posibilidad de pago en dos plazos del IBI&amp;#8200;no excluye la otra modalidad de abono fraccionado de todas las tasas: la cuenta a medida. Esta opci\u00f3n permite a los vecinos que lo soliciten en el Servicio Municipal de Recaudaci\u00f3n la posibilidad de fraccionar el pago hasta en once mensualidades. Se suma el importe de todos los impuestos que una familia o particular paga al municipio y se divide el pago en once meses o, si se prefiere, en menos mensualidades.<\/div>\n<div style=\"text-align: justify;\"><\/div>\n<div style=\"text-align: justify;\">Se pueden acoger todos los que lo soliciten y no tengan deudas pendientes. Incluye el IBI, el Impuesto de Actividades Eco&amp;shy;n\u00f3&amp;shy;&amp;shy;micas (IAE), el de Veh\u00edculos (IVTM), la tasa de cementerio o la de vados. M\u00e1s informaci\u00f3n en Recaudaci\u00f3n (Tel\u00e9fono: 958434196).<\/div>\n","protected":false},"excerpt":{"rendered":"<p>El plazo para acogerse a las bonificaciones del impuesto de la contribuci\u00f3n acaba el 31&#8230;<\/p>\n","protected":false},"author":1,"featured_media":0,"comment_status":"closed","ping_status":"closed","sticky":false,"template":"","format":"standard","meta":{"_coblocks_attr":"","_coblocks_dimensions":"","_coblocks_responsive_height":"","_coblocks_accordion_ie_support":"","jetpack_post_was_ever_published":false,"_jetpack_newsletter_access":"","_jetpack_dont_email_post_to_subs":false,"_jetpack_newsletter_tier_id":0,"_jetpack_memberships_contains_paywalled_content":false,"_jetpack_memberships_contains_paid_content":false,"footnotes":"","jetpack_publicize_message":"","jetpack_publicize_feature_enabled":true,"jetpack_social_post_already_shared":false,"jetpack_social_options":{"image_generator_settings":{"template":"highway","default_image_id":0,"enabled":false},"version":2}},"categories":[2,1161,186,44,15],"tags":[81,2023,838],"class_list":["post-15063","post","type-post","status-publish","format-standard","hentry","category-atarfe","category-ciudadania","category-instituciones","category-noticias-de-hoy","category-ultimas-noticias","tag-atarfe","tag-bonificaciones","tag-ibi"],"jetpack_publicize_connections":[],"jetpack_featured_media_url":"","jetpack_likes_enabled":true,"jetpack_sharing_enabled":true,"_links":{"self":[{"href":"https:\/\/miradordeatarfe.es\/index.php?rest_route=\/wp\/v2\/posts\/15063","targetHints":{"allow":["GET"]}}],"collection":[{"href":"https:\/\/miradordeatarfe.es\/index.php?rest_route=\/wp\/v2\/posts"}],"about":[{"href":"https:\/\/miradordeatarfe.es\/index.php?rest_route=\/wp\/v2\/types\/post"}],"author":[{"embeddable":true,"href":"https:\/\/miradordeatarfe.es\/index.php?rest_route=\/wp\/v2\/users\/1"}],"replies":[{"embeddable":true,"href":"https:\/\/miradordeatarfe.es\/index.php?rest_route=%2Fwp%2Fv2%2Fcomments&post=15063"}],"version-history":[{"count":1,"href":"https:\/\/miradordeatarfe.es\/index.php?rest_route=\/wp\/v2\/posts\/15063\/revisions"}],"predecessor-version":[{"id":15064,"href":"https:\/\/miradordeatarfe.es\/index.php?rest_route=\/wp\/v2\/posts\/15063\/revisions\/15064"}],"wp:attachment":[{"href":"https:\/\/miradordeatarfe.es\/index.php?rest_route=%2Fwp%2Fv2%2Fmedia&parent=15063"}],"wp:term":[{"taxonomy":"category","embeddable":true,"href":"https:\/\/miradordeatarfe.es\/index.php?rest_route=%2Fwp%2Fv2%2Fcategories&post=15063"},{"taxonomy":"post_tag","embeddable":true,"href":"https:\/\/miradordeatarfe.es\/index.php?rest_route=%2Fwp%2Fv2%2Ftags&post=15063"}],"curies":[{"name":"wp","href":"https:\/\/api.w.org\/{rel}","templated":true}]}}