{"id":15097,"date":"2017-03-23T10:50:21","date_gmt":"2017-03-23T09:50:21","guid":{"rendered":"http:\/\/miradordeatarfe.es\/?p=15097"},"modified":"2017-03-23T10:51:12","modified_gmt":"2017-03-23T09:51:12","slug":"programacion-del-25-de-marzo-de-la-iv-edicion-de-la-noche-en-blanco","status":"publish","type":"post","link":"https:\/\/miradordeatarfe.es\/?p=15097","title":{"rendered":"Programaci\u00f3n del 25 de marzo de  la IV edici\u00f3n de la \u2018Noche en Blanco\u2019,"},"content":{"rendered":"<p>Te presentamos la <strong>programaci\u00f3n de la Noche en Blanco Granada 2017<\/strong>. Un evento Cultural \u00fanico. La ciudad se viste de cultura por todos los rincones para que locales y visitantes la disfruten gratuitamente.<!--more--><\/p>\n<p><strong>Gratuidad<\/strong><\/p>\n<p>Mostramos todas las manifestaciones culturales de manera gratuita dirigidas a todos los p\u00fablicos.<\/p>\n<p><strong>Vanguardia<\/strong><\/p>\n<p>Ofrecemos la renovaci\u00f3n e innovaci\u00f3n del arte en sus diferentes expresiones art\u00edsticas.<\/p>\n<p><strong>Ciudadan\u00eda<\/strong><\/p>\n<p>Un proyecto cultural que refuerza el derecho de la ciudadan\u00eda a expresarse a trav\u00e9s de la cultura<\/p>\n<p><strong>Sostenibilidad<\/strong><\/p>\n<p>La cultura como impulsora de una concienciaci\u00f3n social sobre la sostenibilidad<\/p>\n<h2>Noche en Blanco Granada 2017<\/h2>\n<p>Granada celebra el <strong>25 de marzo la IV edici\u00f3n de la \u2018Noche en Blanco\u2019<\/strong>, que este a\u00f1o por primera vez se extiende a los barrios de la ciudad \u00a0con un programa de actividades que comienza ma\u00f1ana y que se prolongar\u00e1 durante el jueves y el viernes. Seg\u00fan ha afirmado el alcalde \u00a0durante la presentaci\u00f3n del evento, \u201ces una apuesta del equipo de Gobierno por apoyar tambi\u00e9n el comercio de proximidad de los distintos barrios\u201d.<\/p>\n<p>As\u00ed, la uni\u00f3n entre las iniciativas p\u00fablica y privada ha dado lugar a<strong> m\u00e1s de 280 actividades<\/strong> entre las que se incluyen exposiciones, m\u00fasica, teatro, danza, deporte, desfiles, mercadillos, pasacalles o visitas guiadas que se distribuir\u00e1n entre m\u00e1s de 120 espacios p\u00fablicos y privados, museos, monumentos, calles y plazas de Granada que estos d\u00edas abren sus puertas de forma gratuita y ampl\u00edan sus horarios.<\/p>\n<p>M\u00e1s de cien espacios distribuiros por toda la ciudad acoger\u00e1n el extenso programa de actuaciones, programadas, entre otras entidades, por el Ayuntamiento de Granada, Diputaci\u00f3n, Junta de Andaluc\u00eda, Universidad, Cetursa, Centro Comercial Abierto y Arzobispado, as\u00ed como empresas privadas y organismos aut\u00f3nomos dependientes de las instituciones impulsoras.<\/p>\n<p>Tras agradecer \u00a0el apoyo de las 22 instituciones que se han implicado en el proyecto, el alcalde ha destacado que este a\u00f1o el evento cuenta con la colaboraci\u00f3n de la Curia que ha querido sumarse a la iniciativa abriendo las puertas de la Catedral y la Capilla Real entre las 20,00 y las 22,00 horas. Otras de las novedades es que la \u2018Noche en Blanco\u2019 estar\u00e1 dedicada a la obra \u2018Cuentos de la Alhambra\u2019, de Washington Irving. Se trata as\u00ed de vincular el proyecto a la nominaci\u00f3n de la UNESCO de Granada, ciudad de la Literatura y a la candidatura como Capital Europea de la Cultura en 2031.<\/p>\n<p><img data-recalc-dims=\"1\" loading=\"lazy\" decoding=\"async\" class=\"aligncenter size-large wp-image-459087\" src=\"https:\/\/i0.wp.com\/media.laguiago.com\/wp-content\/uploads\/2017\/03\/lanocheenblanco-1024x685.jpg?resize=640%2C428\" alt=\"la noche en blanco en granada\" width=\"640\" height=\"428\" \/><\/p>\n<h2><strong>Noche en Blanco de Granada en los Barrios. 22 al 24 de marzo<br \/>\n<\/strong><\/h2>\n<p><strong>Mi\u00e9rcoles 22:\u00a0 <\/strong>Plaza de Toros \u2013 Beiro.<\/p>\n<ul>\n<li>18:30: <strong>Exhibici\u00f3n de perros polic\u00eda<\/strong>, organizada por la Polic\u00eda Local de Granada. Explanada Plaza de Toros.<\/li>\n<li>20:30<strong>: <\/strong>Zarzamora teatro <strong><em>Sainetes para partirse de Risa<\/em><\/strong> . Teatro Municipal Maestro Francisco Alonso, C\/ Ribera del Beiro 50. Entradas disponibles en Comercios del barrio. Ayuntamiento de Granada.<\/li>\n<li>18:00 \u2013 21:00. <strong>FOTOMATON<\/strong> . Actividad que consiste en poder realizar fotos divertidas y en familia para subirlas a Redes Sociales. FOTOGLAM. <strong>La Caleta.<\/strong><\/li>\n<li>Hasta las 22:00: Ampliaci\u00f3n horario de cierre de comercios con promociones y actividades especiales en su interior.<\/li>\n<\/ul>\n<p><strong>Jueves 23: \u00a0Chana.<\/strong><\/p>\n<ul>\n<li>30: Exhibici\u00f3n de perros polic\u00eda, organizada por la Polic\u00eda Local de Granada. <strong>Plaza de la Unidad.<\/strong><\/li>\n<li>20:00: <strong>Coro Centro Municipal de Servicios Sociales de la Chana<\/strong>. <strong>Coro Rociero Sue\u00f1o Rociero<\/strong>. Teatro Municipal Jos\u00e9 Tamayo. Carretera de M\u00e1laga. Entradas disponibles en Comercios del barrio.\u00a0 Ayuntamiento de Granada.<\/li>\n<li>18:00 \u2013 21:00. <strong>FOTOMATON<\/strong> . Actividad que consiste en poder realizar fotos divertidas y en familia para subirlas a Redes Sociales.<\/li>\n<li>Hasta las 22:00: Ampliaci\u00f3n horario de cierre de comercios con promociones y actividades especiales en su interior.<\/li>\n<\/ul>\n<p><strong>\u00a0<\/strong><\/p>\n<p><strong>Viernes 24: Zaid\u00edn \u2013 Vergeles<\/strong><\/p>\n<ul>\n<li>18:30: Visita guiada a la <strong>exposici\u00f3n \u201cEl peso del alma. Fisiolog\u00eda de la vida y la muerte\u201d<\/strong>(Sala de exposiciones del PTS). Se formar\u00e1 el grupo en la entrada hasta completar el n\u00famero de plazas (30). Universidad de Granada.<\/li>\n<li>20:00: <strong>Concierto de la Orquesta de la UGR<\/strong>(Paraninfo del PTS). Entrada libre hasta completar aforo.<\/li>\n<li>20:30: <strong>Flamenco desde el Realejo. Callejuela de la Luna<\/strong>. Teatro Isidro Olgoso. Entradas disponibles en Comercios del barrio. Ayuntamiento de Granada.<\/li>\n<li>18:00 \u2013 22:00. <strong>FOTOMATON<\/strong> . Actividad que consiste en poder realizar fotos divertidas y en familia para subirlas a Redes Sociales.<\/li>\n<li>21:00 \u2013 23:00: <strong>Pasarela Granada de Moda<\/strong>. Avenida Don Bosco.<\/li>\n<li>21:00 \u2013 23:00: <strong>Actuaci\u00f3n en ac\u00fastico de Sopa de Ganso y El Chino<\/strong>. Avenida Don Bosco.<\/li>\n<li>21:30: <strong>Concierto de Iv\u00e1n Ferreiro<\/strong>. Palacio de Congresos. Invitaciones ofrecidas por Caja Rural de Granada a trav\u00e9s de sus redes sociales.<\/li>\n<\/ul>\n<p>Hasta las 22:30: Ampliaci\u00f3n horario de cierre de comercios con promociones y actividades especiales en su interior.<\/p>\n<h2>Programaci\u00f3n de la Noche en Blanco Granada 2017. 25 de Marzo 2017<strong><br \/>\n<\/strong><\/h2>\n<p><strong>PUERTA REAL:<\/strong><\/p>\n<ul>\n<li>12:00-01:00: Conoce tu pr\u00f3ximo coche. NUCESA<\/li>\n<li>12:00-01:00: Fotomat\u00f3n, la mejor foto #NocheEnBlancoGR17 en redes sociales. FOTOGLAM.<\/li>\n<li>12:00-01:00: Punto de escaneo c\u00f3digo QR programaci\u00f3n Noche en Blanco. FOTOGLAM<\/li>\n<li>19:00 \u2013 21:30: Cuarteto de Cuerda Albayz\u00edn.<strong><br \/>\n<\/strong><\/li>\n<\/ul>\n<p><strong>PLAZA DE LAS PASIEGAS\u00a0<\/strong><\/p>\n<ul>\n<li>19:30: Inauguraci\u00f3n oficial.<\/li>\n<li><em>20:00: <\/em><strong>Concierto de la Banda Municipal de M\u00fasica<\/strong>. Cervezas Ayuntamiento de Granada..<\/li>\n<li><em>21:00: <\/em><strong>Festival Trumpet <\/strong><strong><em>Ensemble de Trompetas<\/em><\/strong>. Cervezas Alhambra. Real Conservatorio Superior de M\u00fasica de Granada Victoria Eugenia.<\/li>\n<li>22:00: <strong>Danza urbana. JUMP<\/strong>. Cervezas Alhambra.<\/li>\n<li>22:15: <strong>Selecci\u00f3n de trabajos de danza<\/strong>. Cervezas Alhambra. Conservatorio Profesional de Danza de Granada Reina Sof\u00eda.<\/li>\n<li>23:00: <strong>Gregorio Fracchia<\/strong>. Concierto de Guitarra. Cervezas Alhambra.<strong><br \/>\n<\/strong><\/li>\n<\/ul>\n<p><strong>PLAZA BIBRAMBLA<\/strong><\/p>\n<ul>\n<li>18:00\u201321:00: <strong>Coros de los Centros de Participaci\u00f3n Activa de Personas Mayores<\/strong>. Ayuntamiento de Granada.<\/li>\n<li>10:00 \u2013 00:00: <strong>Granada pinta bien<\/strong>. Muestra y exposici\u00f3n de arte, pinturas y manualidades. Ayuntamiento de Granada.<\/li>\n<li>10:00 \u2013 00:00: <strong>Granada Market<\/strong>. Asociaci\u00f3n Entretantocreando Proyecto 2.0. Ayuntamiento de Granada.<\/li>\n<li>18:00 \u2013 21:00: <strong>Actividades infantiles<\/strong>. Cruz Roja.<\/li>\n<li>18:00 \u2013 21:00: <strong>Danza Urbana<\/strong>. Bas Move.<\/li>\n<\/ul>\n<p><strong>PLAZA DEL CARMEN<\/strong><\/p>\n<ul>\n<li>18:30: <strong>Exhibici\u00f3n de Tai Ch\u00ed<\/strong> . Ayuntamiento de Granada. Multiocio.<\/li>\n<li>19:00: <strong>Exhibici\u00f3n de Gimnasia Acrob\u00e1tica<\/strong>. Ayuntamiento de Granada.\u00a0 Club Balance<\/li>\n<li>19:45: <strong>Exhibici\u00f3n de Sloc adaptado<\/strong>. Ayuntamiento de Granda.<\/li>\n<li>20:30: <strong>Exhibici\u00f3n de Baile Deportivo<\/strong>. Ayuntamiento de Granada. Club de Baile Dancing Granada.<\/li>\n<li>21:30: <strong>Espect\u00e1culo de Baile Medieval<\/strong>. \u00a0Fundaci\u00f3n Legado Andalus\u00ed. Ayuntamiento de Santa Fe. Asociaci\u00f3n de Baile Medieval de Santa Fe.<\/li>\n<\/ul>\n<p><strong>PLAZA NUEVA<\/strong><\/p>\n<ul>\n<li>20:00: <strong>Lucas Carmona<\/strong>. Flamenco Fusi\u00f3n. BOTON Producciones.<\/li>\n<li>21:30: <strong>Mont<\/strong> Flamenco Fusi\u00f3n. BOTON Producciones.<\/li>\n<li>23:00: <strong>Los Vecinos del Callej\u00f3n<\/strong>. Flamenco Fusi\u00f3n. BOTON Producciones.<\/li>\n<li>20:00 \u2013 01:00: <strong>Actuaciones sorpresa<\/strong> de artistas granadinos.<strong><br \/>\n<\/strong><\/li>\n<\/ul>\n<p><strong>FUENTE DE LAS BATALLAS<\/strong><\/p>\n<ul>\n<li>12:00-01:00: Conoce tu pr\u00f3ximo coche. NUCESA<\/li>\n<li>12:00-01:00: Fotomat\u00f3n, la mejor foto #NocheEnBlancoGR17 en redes sociales. FOTOGLAM.<\/li>\n<li>12:00-01:00: Punto de escaneo c\u00f3digo QR programaci\u00f3n Noche en Blanco. FOTOGLAM.<\/li>\n<li>18:00 \u2013 22:00: Conoce los veh\u00edculos de la polic\u00eda, dirigido a ni\u00f1os. Cuerpo Nacional de Polic\u00eda.<\/li>\n<li>18:00 \u2013 01:00: M\u00fasica con DJ. CETURSA \u2013 Sierra Nevada.<\/li>\n<li>18:00 \u2013 01:00: Zona dedicada a los deportes de invierno: Federaci\u00f3n Andaluza de Deportes de Invierno y clubes. 18:00 \u2013 01:00: M\u00fasica con DJ. CETURSA \u2013 Sierra Nevada.<\/li>\n<li>18:00 \u2013 01:00: Zona Especial Freestyle. 18:00 \u2013 01:00: M\u00fasica con DJ. CETURSA \u2013 Sierra Nevada.<\/li>\n<li>18:00 \u2013 01:00: Zona Photocall. 18:00 \u2013 01:00: M\u00fasica con DJ. CETURSA \u2013 Sierra Nevada.<\/li>\n<li>18:00 \u2013 01:00: Experiencia 360 Sierra Nevada. 18:00 \u2013 01:00: M\u00fasica con DJ. CETURSA \u2013 Sierra Nevada.<\/li>\n<li>18:00 \u2013 01:00: Lo mejor de Sierra Nevada 2017. 18:00 \u2013 01:00: M\u00fasica con DJ. CETURSA \u2013 Sierra Nevada.<\/li>\n<li>18:00 \u2013 01:00: Zona Aprende a Esquiar: Promoci\u00f3n para los 1000 primeros visitantes . 18:00 \u2013 01:00: M\u00fasica con DJ. CETURSA \u2013 Sierra Nevada.<\/li>\n<li>18:00 \u2013 01:00: Zona Soy Verano: Promoci\u00f3n para los 1000 primeros visitantes. 18:00 \u2013 01:00: M\u00fasica con DJ. CETURSA \u2013 Sierra Nevada.<\/li>\n<li>18:30 \u2013 21:00: Mesas de Tenis con talleres participativos. Junta de Andaluc\u00eda.<\/li>\n<li>19:00 \u2013 00:00: Fotograf\u00edate en el once ideal. Granada CF<strong>.<\/strong><\/li>\n<li>19:00 \u2013 00:00: Pruebas de biomec\u00e1nica para visitantes. Granada CF<strong>.<\/strong><\/li>\n<li>19:00 \u2013 00:00: Stand Granada CF con ofertas especiales. Granada CF<strong>.<\/strong><\/li>\n<li>19:00 \u2013 00:00: Concurso de toques de bal\u00f3n femenino, masculino infantil y Senior. Granada CF<strong>.<\/strong><\/li>\n<li>19:00 \u2013 00:00: Sorpresas y animaci\u00f3n. Granada CF<strong>.<\/strong><\/li>\n<\/ul>\n<p><strong>PASEO DE LA VIRGEN<\/strong><\/p>\n<ul>\n<li>10:00-00:00: Zoco del Sal\u00f3n. Ayuntamiento de Granada.<\/li>\n<\/ul>\n<p><strong>FUENTE DE LAS GRANADAS | PLAZA DEL HUMILLADERO<\/strong><\/p>\n<ul>\n<li>18:30: Exhibici\u00f3n de perros polic\u00eda. Polic\u00eda Local Granada.<\/li>\n<li>18:30 \u2013 21:00: Zona de mini tenis. Ayuntamiento de Granada.<\/li>\n<li>18:30 \u2013 21:00: Zona de B\u00e1dminton. Ayuntamiento de Granada.<\/li>\n<li>18:30 \u2013 21:00: Zona de esgrima. Ayuntamiento de Granada.<\/li>\n<li>18:30 \u2013 21:00: Zona de patinaje. Ayuntamiento de Granada.<\/li>\n<li>18:30 \u2013 21:00: Rugby Tag. Ayuntamiento de Granada.<\/li>\n<\/ul>\n<p><strong>PLAZA DE SAN AGUST\u00cdN<\/strong><\/p>\n<ul>\n<li>21:00 \u2013 00:00: Actuaci\u00f3n en directo DJ Gonzalo. Bora Bora. EMASAGRA.<strong><br \/>\n<\/strong><\/li>\n<\/ul>\n<p><strong>PLAZA CAUCHILES GRANADA (MESONES)<\/strong><\/p>\n<ul>\n<li>18:00 \u2013 22:00: Muestra de veh\u00edculos de la polic\u00eda. Polic\u00eda Local Granada.<strong><br \/>\n<\/strong><\/li>\n<\/ul>\n<p><strong>PLAZA DE LA ROMANILLA<\/strong><\/p>\n<ul>\n<li>10:00 \u2013 00:00: Mercado Ecomercado. Ayuntamiento de Granada.<\/li>\n<li>18:00 \u2013 22:00: Muestra de cami\u00f3n bomberos. Cuerpo de Bomberos de Granada.<\/li>\n<\/ul>\n<p><strong>PLAZA ISABEL LA CAT\u00d3LICA<\/strong><\/p>\n<ul>\n<li>10:00 \u2013 00:00: Mercado Ecomercado. Ayuntamiento de Granada.<\/li>\n<li>10:00 \u2013 00:00: Exposici\u00f3n de artesan\u00eda tradicional y contempor\u00e1nea. Asociaci\u00f3n de Artesanos del Albaic\u00edn, San Nicol\u00e1s y el Suk. Ayuntamiento de Granada.<\/li>\n<li>10:00 \u2013 00:00: Ludopuzzle, taller artesano para ni\u00f1os y juegos. Asociaci\u00f3n de Artesanos del Albaic\u00edn, San Nicol\u00e1s y el Suk. Ayuntamiento de Granada.<\/li>\n<li>10:00 \u2013 00:00: Stand informativo de campa\u00f1a y actividades de prevenci\u00f3n. Asociaci\u00f3n Espa\u00f1ola Contra el C\u00e1ncer Granada.<\/li>\n<li>12:00-01:00: Conoce tu pr\u00f3ximo coche. NUCESA<\/li>\n<li>12:00-01:00: Fotomat\u00f3n, la mejor foto #NocheEnBlancoGR17 en redes sociales. FOTOGLAM.<strong><br \/>\n<\/strong><\/li>\n<\/ul>\n<p><strong>PLAZA DE LA TRINIDAD<\/strong><\/p>\n<ul>\n<li>10:00-00:00: Mercado de Artesan\u00eda Granadina Maga Market. Ayuntamiento de Granada<\/li>\n<li>10:00-00:00: Mercado por Amor al Arte. Ayuntamiento de Granada.<\/li>\n<\/ul>\n<p><strong>PLAZA DE CAMPO VERDE<\/strong><\/p>\n<ul>\n<li>18:00\u201321:00: Coros de los Centros de Participaci\u00f3n Activa de Personas Mayores. Ayuntamiento de Granada.<\/li>\n<li>23:00: Concierto polif\u00f3nico. Canciones populares. Asociaci\u00f3n Unigrama del Aula Permanente de Formaci\u00f3n Abierta. Coro Puerta Elvira.<\/li>\n<\/ul>\n<p><strong>PLAZA DE \u00a0SAN NICOL\u00c1S<\/strong><\/p>\n<ul>\n<li>22:00\u201301:00: Vers\u00f3dromo de Primavera.\u00a0 Lectura po\u00e9tica. Asociaci\u00f3n Af\u00e1n de Rivera. Ayuntamiento de Granada.<\/li>\n<\/ul>\n<p><strong>PASEILLOS UNIVERSITARIOS FUENTENUEVA<\/strong><\/p>\n<ul>\n<li>10:00\u201313:00: <strong>Talleres de juegos populares<\/strong>. Inscripci\u00f3n para participar exclusivamente en la nueva tienda de la Universidad de Granada situada en los Comedores Universitarios de Fuentenueva, desde las 9:00 am. Universidad de Granada.<strong><br \/>\n<\/strong><\/li>\n<\/ul>\n<p><strong>ENTORNO CONJUNTO MONUMENTAL | BOSQUE DE LA ALHAMBRA<\/strong><\/p>\n<ul>\n<li>Lecturas de la obra de Washington Irving en los lugares del Conjunto Monumental relacionados con el escritor. Patronato de La Alhambra y el Generalife.<\/li>\n<\/ul>\n<p><strong>TEATRO ISABEL LA CAT\u00d3LICA<\/strong><\/p>\n<ul>\n<li>21:00: <strong>Rey Lear de W. Chakespeare<\/strong> versi\u00f3n de Juan Mayorga dirigida por Jos\u00e9 Guerrero. Compa\u00f1\u00eda Corral del Carb\u00f3n. Ayuntamiento de Granada. Entrada gratuita con invitaci\u00f3n hasta completar aforo, se retirar\u00e1n en la taquilla del Teatro a partir de las 11:00 h. del d\u00eda 25.<strong><br \/>\n<\/strong><\/li>\n<\/ul>\n<p><strong>AUDITORIO MANUEL DE FALLA<\/strong><\/p>\n<ul>\n<li>12:00: <strong>Concierto de Pr\u00e9lude<\/strong>. Cuarteto de saxofones. Entrada gratuita con invitaci\u00f3n hasta completar aforo, se retirar\u00e1n en el Auditorio desde las 11:00 horas del d\u00eda 25. GEGSA.<\/li>\n<li>21:30: Concierto Juan Perro. Tour 2017 La Huella Sonora. GEGSA. Invitaciones ofrecidas por Caja Rural de Granada a trav\u00e9s de sus redes sociales.<strong><br \/>\n<\/strong><\/li>\n<\/ul>\n<p><strong>PALACIO DE EXPOSICIONES Y CONGRESOS DE GRANADA<\/strong><\/p>\n<ul>\n<li>21:30: <strong>Concierto de Ara Malikian<\/strong>. Invitaciones ofrecidas por Caja Rural de Granada a trav\u00e9s de sus redes sociales.<\/li>\n<\/ul>\n<p><strong>CUARTO REAL DE SANTO DOMINGO<\/strong><\/p>\n<ul>\n<li>16:00 \u2013 00:00: Exposici\u00f3n <strong>C215<\/strong>. Sobre todo, los objetos. Ayuntamiento de Granada.<\/li>\n<li>16:00 \u2013 00:00: El Museo arqueol\u00f3gico viaja al Cuarto Real con la pieza del mes <strong><em>Monedas de la Florentia Iliberritana<\/em><\/strong>. Ayuntamiento de granada.<\/li>\n<li>20:30 \u2013 21:30: <strong>Recital Po\u00e9tico<\/strong>. Miguel Arnas, Virgilio Cara y Pedro Enr\u00edquez. Academia de Buenas Letras de Granada. Agencia Albaic\u00edn.<\/li>\n<li>21:30 \u2013 22:00: <strong>Concierto selecci\u00f3n de Arias de \u00f3pera y zarzuela<\/strong>. Asociaci\u00f3n Juventudes Musicales de Granada. Ayuntamiento de Granada.<\/li>\n<\/ul>\n<p><strong>CASA DE ZAFRA<\/strong><\/p>\n<ul>\n<li>20:30 \u2013 21:30: Recital Po\u00e9tico. Fernando Ja\u00e9n, Jes\u00fas Amaya, Ram\u00f3n Mart\u00ednez L\u00f3pez y Jos\u00e9 Ram\u00f3n V\u00edlchez. Esdr\u00fajula Ediciones. Agencia Albaic\u00edn.<strong><br \/>\n<\/strong><\/li>\n<\/ul>\n<p><strong>CENTRO FEDERICO GARC\u00cdA LORCA<\/strong><\/p>\n<p><strong>\u00a0<\/strong>10:00 \u2013 20:00: Exposici\u00f3n <strong>Abstracci\u00f3n Andaluza 1957 -1982<\/strong>. Ayuntamiento de Granada.<\/p>\n<p><strong>PALACIO DE NI\u00d1AS NOBLES<\/strong><\/p>\n<ul>\n<li>10:00 \u2013 00:00: Granada Todo Sabor, productos de la provincia de Granada. Patronato Provincial de Turismo. Diputaci\u00f3n de Granada.<\/li>\n<li>10:00 \u2013 00:00: Exposici\u00f3n virtual sobre Lorca. Patronato Provincial de Turismo. Diputaci\u00f3n de Granada.<\/li>\n<\/ul>\n<p><strong>CORRAL DEL CARB\u00d3N<\/strong><\/p>\n<ul>\n<li>18:00 \u2013 18:30: Visita teatralizada <strong><em>Los Cuentos del Corral. <\/em><\/strong>La historia del Corral del Carb\u00f3n de la mano de Washington Irving. Entrada libre hasta completar aforo. Descubriendo Granada. Patronato de La Alhambra y Generalife.<\/li>\n<li>19:00 \u2013 19:30: Visita teatralizada <strong><em>Los Cuentos del Corral. <\/em><\/strong>La historia del Corral del Carb\u00f3n de la mano de Washington Irving. Entrada libre hasta completar aforo. Descubriendo Granada. Patronato de La Alhambra y Generalife.<\/li>\n<li>20:00 \u2013 20:30: Visita teatralizada <strong><em>Los Cuentos del Corral. <\/em><\/strong>La historia del Corral del Carb\u00f3n de la mano de Washington Irving. Entrada libre hasta completar aforo. Descubriendo Granada. Patronato de La Alhambra y Generalife.<\/li>\n<li>21:00 \u2013 21:30: Visita teatralizada <strong><em>Los Cuentos del Corral. <\/em><\/strong>La historia del Corral del Carb\u00f3n de la mano de Washington Irving. Entrada libre hasta completar aforo. Descubriendo Granada. Patronato de La Alhambra y Generalife.<\/li>\n<\/ul>\n<p><strong>\u00a0PARQUE DE LAS CIENCIAS<\/strong><\/p>\n<ul>\n<li>20:00 \u2013 00:00: Exposici\u00f3n <strong><em>WOW Maravillas de la vida salvaje<\/em><\/strong>. <strong>Una aproximaci\u00f3n a una <\/strong>parte fundamental del comportamiento animal: el movimiento. Acceso Libre. Parque de las Ciencias.<strong><br \/>\n<\/strong><\/li>\n<\/ul>\n<p><strong>MUSEO CASA DE LOS TIROS:<\/strong><\/p>\n<ul>\n<li>10:00 \u2013 22:00: Exposici\u00f3n fondos bibliogr\u00e1ficos de los Cuentos de la Alhambra de Washington Irving. Junta de Andaluc\u00eda.<\/li>\n<li>10:00-20:30: Itinerarios por el Museo. Asociaci\u00f3n Amigos del Museo. Junta de Andaluc\u00eda.<\/li>\n<li>21:00-22:30: Representaci\u00f3n fragmentos de los Cuentos de La Alhambra de Washington Irving. Junta de Andaluc\u00eda<strong><br \/>\n<\/strong><\/li>\n<\/ul>\n<p><strong>BIBLIOTECA DE ANDALUC\u00cdA-BIBLIOTECA PROVINCIAL DE GRANADA:<\/strong><\/p>\n<ul>\n<li>10:00 . 22:00: Exposici\u00f3n bibliogr\u00e1fica sobre Washington Irving y los Cuentos de la Alhambra. Biblioteca de Andaluc\u00eda y Biblioteca Provincial de Granada.<\/li>\n<li>19:30: Pasacalles. Biblioteca de Andaluc\u00eda y Biblioteca Provincial de Granada.<\/li>\n<li>20:00: Concierto Dixieland Clasijazz. Entrada libre hasta completar aforo. Biblioteca de Andaluc\u00eda y Biblioteca Provincial de Granada.<strong><br \/>\n<\/strong><\/li>\n<\/ul>\n<p><strong>CENTRO DE DOCUMENTACI\u00d3N MUSICAL DE ANDALUC\u00cdA:<\/strong><\/p>\n<ul>\n<li>18:00 \u2013 20:00. Taller infantil de instrumentos. Junta de Andaluc\u00eda.<\/li>\n<li>20:00. Taller la m\u00fasica y la f\u00edsica. Junta de Andaluc\u00eda.<\/li>\n<li>18:00 \u2013 23:00. Exposici\u00f3n de aparatos de m\u00fasica mec\u00e1nica. Junta de Andaluc\u00eda.<\/li>\n<li>18:00 \u2013 23:00. Exposici\u00f3n de documentos raros y curiosos. Junta de Andaluc\u00eda.<strong><br \/>\n<\/strong><\/li>\n<\/ul>\n<p><strong>CENTRO DE ARTE JOS\u00c9 GUERRERO<\/strong><\/p>\n<ul>\n<li>Apertura del museo hasta las 00:00 horas.<\/li>\n<li>Exposici\u00f3n Sobre Bulas, Juegos y Brechas de Jacobo Castellano. FACBA 17. Sala Planta Baja y Plata Mirador. Diputaci\u00f3n de Granada.<\/li>\n<li>Exposici\u00f3n Modificaci\u00f3n del Horizonte, de Albert Corb\u00ed. Salas Planta primera y segunda. Diputaci\u00f3n de Granada.<\/li>\n<\/ul>\n<p><strong>PALACIO DE LOS CONDES DE GABIA<\/strong><\/p>\n<ul>\n<li>18:00-23:00: Exposici\u00f3n fotogr\u00e1fica Huellas que son Signos, de Javier Algarra. Sala Alta. Diputaci\u00f3n de Granada.<strong><br \/>\n<\/strong><\/li>\n<\/ul>\n<p><strong>PALACIO DE LA MADRAZA<\/strong><\/p>\n<ul>\n<li>20:00 \u2013 00: Exposici\u00f3n Universidad de Granada.<strong><br \/>\n<\/strong><\/li>\n<\/ul>\n<p><strong>COMEDORES UNIVERSITARIOS FUENTENUEVA<\/strong><\/p>\n<ul>\n<li>10:00: <strong>Cata de Aceite. <\/strong>Asistencia con invitaci\u00f3n que se podr\u00e1 retirar en la nueva tienda de la Universidad de Granada situada en los comedores universitarios de Fuentenueva, durante el jueves 23 y el viernes 24. Universidad de Granada.<\/li>\n<li>11:00: <strong>Cata de Quesos granadinos y ensaladas. <\/strong>Asistencia con invitaci\u00f3n que se podr\u00e1 retirar en la nueva tienda de la Universidad de Granada situada en los comedores universitarios de Fuentenueva, durante el jueves 23 y el viernes 24. Universidad de Granada.<\/li>\n<li>12:00: <strong>Cata de Aceite. <\/strong>Asistencia con invitaci\u00f3n que se podr\u00e1 retirar en la nueva tienda de la Universidad de Granada situada en los comedores universitarios de Fuentenueva, durante el jueves 23 y el viernes 24. Universidad de Granada.<\/li>\n<li>18:00: <strong>Cata de frutas tropicales y de temporada. <\/strong>Asistencia con invitaci\u00f3n que se podr\u00e1 retirar en la nueva tienda de la Universidad de Granada situada en los comedores universitarios de Fuentenueva, durante el jueves 23 y el viernes 24. Universidad de Granada.<\/li>\n<\/ul>\n<p><strong>MERCADO DE SAN AGUST\u00cdN<\/strong><\/p>\n<ul>\n<li>16:00: <strong>Garage Ben\u00edtez<\/strong>, concierto en directo. Interior Mercado de San Agust\u00edn. Mercado de San Agust\u00edn.<strong><br \/>\n<\/strong><\/li>\n<\/ul>\n<p><strong>RUTAS Y VISITAS GUIADAS<\/strong><\/p>\n<ul>\n<li>10:30: Visita guiada <strong>El Jard\u00edn del Carmen de la Fundaci\u00f3n<\/strong>, en el Carmen de los Rodr\u00edguez Acosta. Profesor Manuel Casares Porcel. Callej\u00f3n de los ni\u00f1os del rollo 8. Inscripci\u00f3n en el correo actividades@fundacionrodriguezacosta.com. Fundaci\u00f3n Rodr\u00edguez Acosta.<\/li>\n<li>11:00: Visita guiada <strong>El Jard\u00edn del Carmen de la Fundaci\u00f3n<\/strong>, en el Carmen de los Rodr\u00edguez Acosta. Profesor Jos\u00e9 Tito Rojo. Callej\u00f3n de los ni\u00f1os del rollo 8. Inscripci\u00f3n en el correo actividades@fundacionrodriguezacosta.com. Fundaci\u00f3n Rodr\u00edguez Acosta.<\/li>\n<li>17:30: Visita guiada al <strong>Jard\u00edn Bot\u00e1nico de la UGR <\/strong>(Junto a Facultad de Derecho). Participaci\u00f3n por orden de llegada hasta completar aforo (20). Universidad de Granada.<\/li>\n<li>18:30: Visita guiada al <strong>Jard\u00edn Bot\u00e1nico de la UGR <\/strong>(Junto a Facultad de Derecho). Participaci\u00f3n por orden de llegada hasta completar aforo (20). Universidad de Granada.<\/li>\n<li>19:00: Visita guiada al <strong>Herbario de la Universidad de Granada <\/strong>(C\/ Rector L\u00f3pez Arg\u00fceta 8). Invitaciones disponibles jueves 23 y viernes 24, en la nueva tienda de la UGR \u2013 situada en los comedores universitarios de Fuentenueva. Universidad de Granada.<\/li>\n<li>19:00:\u00a0 Visita patrimonial al <strong>Hospital Real<\/strong> combinada con actuaciones musicales del Coro Manuel de Falla, del cuarteto de cuerda de los OUGR y taller de danza y de interpretaci\u00f3n. Formaci\u00f3n de grupos en riguroso orden de llegada (50). Universidad de Granada.<\/li>\n<li>19:30:\u00a0 Visita patrimonial al <strong>Hospital Real<\/strong> combinada con actuaciones musicales del Coro Manuel de Falla, del cuarteto de cuerda de los OUGR y taller de danza y de interpretaci\u00f3n. Formaci\u00f3n de grupos en riguroso orden de llegada (50). Universidad de Granada.<\/li>\n<li>20:00:\u00a0 Visita patrimonial al <strong>Hospital Real<\/strong> combinada con actuaciones musicales del Coro Manuel de Falla, del cuarteto de cuerda de los OUGR y taller de danza y de interpretaci\u00f3n. Formaci\u00f3n de grupos en riguroso orden de llegada (50). Universidad de Granada.<\/li>\n<li>20:30:\u00a0 Visita patrimonial al <strong>Hospital Real<\/strong> combinada con actuaciones musicales del Coro Manuel de Falla, del cuarteto de cuerda de los OUGR y taller de danza y de interpretaci\u00f3n. Formaci\u00f3n de grupos en riguroso orden de llegada (50). Universidad de Granada.<\/li>\n<li>20:00: Visita guiada al <strong>Herbario de la Universidad de Granada <\/strong>(C\/ Rector L\u00f3pez Arg\u00fceta 8). Invitaciones disponibles jueves 23 y viernes 24, en la nueva tienda de la UGR \u2013 situada en los comedores universitarios de Fuentenueva. Universidad de Granada.<\/li>\n<li>20:00 \u2013 00:00: <strong>Visitas guiadas al Palacio de La Madraza<\/strong>. Los grupos se formar\u00e1n por orden de llegada ininterrumpidamente. Universidad de Granada.<\/li>\n<li>20:30: <strong>Ruta Circular: Realejo Alto y Bajo<\/strong>. Duraci\u00f3n 2,30 h. Salida Plaza de Santo Domingo (Junto a escultura de Fray Luis de Granada). 30 Personas. Inscripci\u00f3n en Facebook y Twitter @Guiasdearte. Gu\u00edas de Arte.<\/li>\n<li>18:00-00:00: Jornada de puertas abiertas con <strong>visitas guiadas a la Iglesia de San Nicol\u00e1s<\/strong>. Formaci\u00f3n de grupos por orden de llegada. Amigos de San Nicol\u00e1s.<\/li>\n<li>19:00: <strong>Ruta por la Granada Secreta<\/strong>.\u00a0 Duraci\u00f3n 2 h. 20 personas. Inscripci\u00f3n por correo a reservas@granadasecreta.com, indicando nombre completo-DNI-mail-tel\u00e9fono.<\/li>\n<li>19:30: <strong>Un paseo por la Granada Rom\u00e1ntica<\/strong>. Duraci\u00f3n 2 horas. Inscripci\u00f3n en la web www.albaicin-granada.org. Agencia Albaic\u00edn.<\/li>\n<li>20:00: <strong>Ruta urbana Whahintong Irving<\/strong>. Duraci\u00f3n 3 h. (Edad de 17 a 35 a\u00f1os). Salida desde Puerta de los Juzgados de Plaza Nueva. Inscripci\u00f3n por orden de llegada. Espacio Joven Ayuntamiento de Granada.<\/li>\n<li>20:00: <strong>Visita guiada por el interior de la Catedral <\/strong><strong><em>25 de Marzo 494 aniversario de la colocaci\u00f3n de la primera piedra de la Catedral<\/em><\/strong><em>. <\/em>35 personas. Los gu\u00edas de CICERONE estar\u00e1n en la puerta principal identificados\u00a0 con una etiqueta verde en la solapa y con el listado de participantes. Inscripci\u00f3n centro de atenci\u00f3n al cliente-Tienda de CICERONE en Calle San Jeronimo 10,\u00a0 en el tel\u00e9fono 958561810 y en reservas@ciceronegranada.com. CICERONE Cultura y Ocio.<\/li>\n<li>20:30: <strong>Visita guiada por el interior de la Catedral <\/strong><strong><em>25 de Marzo 494 aniversario de la colocaci\u00f3n de la primera piedra de la Catedral<\/em><\/strong><em>. <\/em>35 personas. Los gu\u00edas de CICERONE estar\u00e1n en la puerta principal identificados\u00a0 con una etiqueta verde en la solapa y con el listado de participantes. Inscripci\u00f3n centro de atenci\u00f3n al cliente-Tienda de CICERONE en Calle San Jeronimo 10,\u00a0 en el tel\u00e9fono 958561810 y en reservas@ciceronegranada.com. CICERONE Cultura y Ocio.<\/li>\n<li>21:00: <strong>Visita guiada por el interior de la Catedral <\/strong><strong><em>25 de Marzo 494 aniversario de la colocaci\u00f3n de la primera piedra de la Catedral<\/em><\/strong><em>. <\/em>35 personas. Los gu\u00edas de CICERONE estar\u00e1n en la puerta principal identificados\u00a0 con una etiqueta verde en la solapa y con el listado de participantes. Inscripci\u00f3n centro de atenci\u00f3n al cliente-Tienda de CICERONE en Calle San Jeronimo 10,\u00a0 en el tel\u00e9fono 958561810 y en reservas@ciceronegranada.com. CICERONE Cultura y Ocio.<\/li>\n<li>17:00: <strong>Tour Conociendo los C\u00e1rmenes por dentro<\/strong>. Ubicaci\u00f3n: Estadio Nuevo Los C\u00e1rmenes. Inscripci\u00f3n a trav\u00e9s de Facebook y Twitter del Granada Club de F\u00fatbol @GranadaCF. Granada Club de F\u00fatbol.<\/li>\n<li>19:00: <strong>Tour Conociendo los C\u00e1rmenes por dentro<\/strong>. Ubicaci\u00f3n: Estadio Nuevo Los C\u00e1rmenes. Inscripci\u00f3n a trav\u00e9s de Facebook y Twitter del Granada Club de F\u00fatbol @GranadaCF. Granada Club de F\u00fatbol.<strong><br \/>\n<\/strong><\/li>\n<\/ul>\n<p><strong>ACTUACIONES ITINERARANTES EN PLAZAS Y CALLES<\/strong><\/p>\n<ul>\n<li>18:00\u201321:00: Coros de los Centros de Participaci\u00f3n Activa de Personas Mayores. Ubicaciones: Capilla Real, Plaza de Campo Verde y Plaza Bibrrambla. Ayuntamiento de Granada.<\/li>\n<li>19:00 \u2013 21:00: Exhibici\u00f3n Danza del Vientre. Calle Mesones. Grupo ANADE.<\/li>\n<li>20:00-23:00: Granada Baila swing Fin. 20:00: Fuente de las Batallas. 21:00: Plaza de la Trinidad. 21:30: Plaza Bibrrambla. 22:00: Plaza Alonso Cano\/ Pasiegas NO. 22:30: Plaza Nueva.<\/li>\n<li>20:30: Exhibici\u00f3n de patinaje urbano iluminado. Plaza Humilladero, Acera del Darro, Puerta Real, Recogidas, Puentezuelas, Tablas, Plaza de la Trinidad, Alh\u00f3ndiga, Puerta Real, Ganivet, Plaza Mariana Pineda, Plaza del Campillo, Carrera del Genil, Paseo del Sal\u00f3n.<\/li>\n<li>21:00-23:00: El Folclore con el Comercio de la Ciudad. Grupo Municipal de Bailes Regionales. Ubicaciones: 21:00 Plaza Bibrambla. 21:30: Plaza de la Trinidad. 22:00: Plaza de Campo Verde. 22:30: Puerta Real. 23:00: Plaza de la Mariana. Ayuntamiento de Granada.<\/li>\n<li>21:00 \u2013 00:00: Desfile de Moda para todos los p\u00fablicos en la v\u00eda p\u00fablica. Calle Darrillo de la Magdalena. Eva Burgos Agencia de Modelos.<\/li>\n<li>22:00 \u2013 00:00: Cuarteto de Cuerda Albayz\u00edn. Calle Zacat\u00edn.<\/li>\n<li>20:00-23:00: Asociaci\u00f3n Gran\u00e1 Swing Fin. 20:00- 20:45: Puerta Real- 20:45 \u2013 21:00:Subida Reyes Cat\u00f3licos.\u00a0 21:00- 21:45: Plaza Reyes Cat\u00f3licos.\u00a0 21:45 \u2013 22:00: Subida a Plaza Nueva.\u00a0\u00a0\u00a0\u00a0\u00a0\u00a0 22:00- 22:45: Plaza Nueva. 22:45 \u2013 23:00: Bajada por C\/ Zacat\u00edn. 23:00 -23:30. Plaza Bibrrambla. 00:00 \u2013 01:00: Plaza de Pasiegas.<\/li>\n<li>24:00 Concierto polif\u00f3nico. Canciones populares y medievales festivas. Puerta Iglesia San Ant\u00f3n. Asociaci\u00f3n Unigrama del Aula Permanente de Formaci\u00f3n Abierta. Coro Puerta Elvira.<\/li>\n<\/ul>\n<p><strong>ACCESO LIBRE A MONUMENTOS, MUSEOS Y EXPOSICIONES.<\/strong><\/p>\n<ul>\n<li>10:00 \u2013 17:00: Casa Museo Federico Garc\u00eda Lorca de Huerta de San Vicente. Jornada de Puertas Abiertas.<\/li>\n<li>10:00 \u2013 17:00: Casa Museo Manuel de Falla. Jornada de Puertas Abiertas. GEGSA.<\/li>\n<li>10:00 \u2013 18:00: Jardines del Carmen de los M\u00e1rtires. Acceso libre. Ayuntamiento de Granada.<\/li>\n<li>10:00 \u2013 18:00: Jardines del Palacio de Quinta Alegre. Acceso libre. Ayuntamiento de Granada.<\/li>\n<li>10:00 \u2013 18:00: Jardines del Palacio de los C\u00f3rdova. Acceso libre. Ayuntamiento de Granada.<\/li>\n<li>10:00 \u2013 00:00: Casa de Zafra. Acceso libre. Agencia Albaic\u00edn.<\/li>\n<li>10:00 \u2013 00:00: Cuarto Real de Santo Domingo. Acceso libre. Agencia Albaic\u00edn.<\/li>\n<li>10:00 \u2013 00:00: Centro de Arte Jos\u00e9 Guerrero. Acceso libre. Diputaci\u00f3n de Granada.<\/li>\n<li>10:00 \u2013 00:00: Visita Corral del Carb\u00f3n. Patronato de la Alhambra y Generalife.<\/li>\n<li>10:00 \u2013 00:00: Palacio de Ni\u00f1as Nobles. Acceso libre. Diputaci\u00f3n de Granada.<\/li>\n<li>10:00 \u2013 22:00: Museo Casa de Los Tiros. Acceso libre. Junta de Andaluc\u00eda.<\/li>\n<li>17:00 \u2013 00:00: El Ba\u00f1uelo. Acceso libre. Patronato de la Alhambra y Generalife.<\/li>\n<li>18:00 \u2013 23:00: Centro de Documentaci\u00f3n de Andaluc\u00eda. Acceso libre. Junta de Andaluc\u00eda.<\/li>\n<li>18:00 \u2013 23:00: Palacio de los Condes de Gabia. Acceso libre. Diputaci\u00f3n de Granada.<\/li>\n<li>18:00 \u2013 00:00: Iglesia de San Nicol\u00e1s. Visitas guiadas. Amigos de San Nicol\u00e1s.<\/li>\n<li>18:00 \u2013 00:00: Sala de Exposiciones Zaida . Exposici\u00f3n \u201cThe Star of a Very Bad Day\u201d Sala de Exposiciones Zaida. Fundaci\u00f3n Caja Rural de Granada.<\/li>\n<li>18:30 \u2013 00:00: Centro de Exposiciones CajaGRANADA de Puerta Real. Exposici\u00f3n \u201cTerry O\u2019Neill. El rostro de las leyendas\u201d.. CAJAGRANADA Fundaci\u00f3n.<\/li>\n<li>19:00 \u2013 22:30: Monasterio de la Encarnaci\u00f3n. Acceso libre a la Capilla y Coro Bajo del Monasterio. C\/ Monjas del Carmen 8. Carmelitas AO Granada.<\/li>\n<li>20:00 \u2013 22:00: Santa Iglesia Catedral.<\/li>\n<li>20:00 \u2013 22:00: Capilla Real. El acceso ser\u00e1 regulado seg\u00fan aforo.<\/li>\n<li>20:00 \u2013 00:00: Palacio de la Madraza. El acceso ser\u00e1 regulado seg\u00fan aforo.<\/li>\n<li>21:00 \u2013 01:00: Monumento Camar\u00edn Virgen del Rosario, Edificio Barroco S.VIII. Plaza de Santo Domingo. Archicofrad\u00eda del Sant\u00edsimo Rosario.<\/li>\n<li>10:00 \u2013 20:00: Centro Federico Garc\u00eda Lorca.<\/li>\n<\/ul>\n<p><strong>TIENDA LIBRER\u00cdA ALHAMBRA REYES CAT\u00d3LICOS.<\/strong><\/p>\n<ul>\n<li>10:00 \u2013 00:00: Dinamizaci\u00f3n a la lectura de Washington Irving durante toda la jornada. Patronato de la Alhambra y Generalife.<\/li>\n<li>21:00 \u2013 22:30: Conociendo a Washington Irving. Interpretaci\u00f3n de los personajes de los Cuentos de la Alhambra del escritor. Entrada libre hasta completar aforo. Patronato de La Alhambra y Generalife.<strong><br \/>\n<\/strong><\/li>\n<\/ul>\n<p><strong>TIENDA LA B\u00d3VEDA DE LA UNIVERSIDAD DE GRANADA | PLAZA ISABEL LA CAT\u00d3LICA.<\/strong><\/p>\n<ul>\n<li>11:30: Taller infantil <strong><em>Construimos un caleidoscopio gigante con Piezas Tutakaboo<\/em><\/strong>. Entrada libre hasta completar aforo (20) . Mi refugio infantil. Universidad de Granada.<\/li>\n<li>12:30: Taller infantil de <strong><em>Elaboraci\u00f3n de un libro de artista<\/em><\/strong>. Entrada libre hasta completar aforo (20). Mi refugio infantil. Universidad de Granada.<\/li>\n<li>17:30: Taller infantil de <strong><em>Literatura y Ciencia Ficci\u00f3n<\/em><\/strong>. Entrada libre hasta completar aforo (20). Mi refugio infantil. Universidad de Granada<\/li>\n<li>18:00: Taller infantil de <strong><em>Expresi\u00f3n art\u00edstica<\/em><\/strong>. Entrada libre hasta completar aforo (20). Mi refugio infantil. Universidad de Granada<\/li>\n<li>19:00: Taller infantil <strong><em>Construimos un caleidoscopio gigante con Piezas Tutakaboo<\/em><\/strong>. Entrada libre hasta completar aforo (20). Mi refugio infantil. Universidad de Granada<\/li>\n<li>20:00: Taller infantil <strong><em>Construimos un caleidoscopio gigante con Piezas Tutakaboo<\/em><\/strong>. Entrada libre hasta completar aforo (20). Mi refugio infantil. Universidad de Granada<\/li>\n<\/ul>\n<p><strong>erranT ESPACIO COWORK<\/strong><\/p>\n<ul>\n<li>19:30 \u2013 20:30: <strong>Ilustradores a sueldo. <\/strong>Ilustradores realizar\u00e1n dibujos en directo que vender\u00e1n a un euro (si alguien lo desea puede aportar m\u00e1s). El dinero ser\u00e1 destinado \u00edntegramente <strong>al Banco de Alimentos de Granada<\/strong>.<strong><br \/>\n<\/strong><\/li>\n<\/ul>\n<p><strong>BAR DE ERIC:<\/strong><\/p>\n<ul>\n<li>14:00 \u2013 0000: Marat\u00f3n de m\u00fasica pop. 10 horas de m\u00fasica en directo. Conciertos de artistas locales y nacionales. Calle Escuelas n\u00ba 8.<strong><br \/>\n<\/strong><\/li>\n<\/ul>\n<p><strong>TALLER DE GRABADO LA GRANJA.<\/strong><\/p>\n<ul>\n<li>20:00 \u2013 03:00: <strong>Fusi\u00f3n, Grabado y Blues en La Granja<\/strong>. El artista E. Luis, estampar\u00e1 en directo un grabado exclusivo para el evento, con una tirada exclusiva de 100 ejemplares. C\/ Ca\u00f1averal 30. Taller de Dibujo, Grabado y Estampaci\u00f3n la Granja.<\/li>\n<\/ul>\n<p>22:00: Concierto de Blues con el <strong>Oso de Benal\u00faa y artista invitado<\/strong> con Cata de vino Lindaraja 2015 de las Bodegas Fontedei. Entrada 5 Euros, noche solidaria a beneficio de AUNE (Asociaci\u00f3n de Universitarios con Necesidades Especiales). Solicita invitaci\u00f3n para el concierto en tallerdegrabadolagranja@gmail.com hasta completar aforo.<\/p>\n<p>M\u00e1s info de la NOCHE EN BLANCO DE GRANADA 2017 en su web y perfiles oficiales:<\/p>\n<p><a href=\"http:\/\/www.nocheenblancogranada.es\">http:\/\/www.nocheenblancogranada.es<\/a><\/p>\n<p><a href=\"https:\/\/twitter.com\/NocheenBlancoGR\">https:\/\/twitter.com\/NocheenBlancoGR<\/a><\/p>\n<p><a href=\"https:\/\/www.facebook.com\/NocheenBlancoGR\">https:\/\/www.facebook.com\/NocheenBlancoGR<\/a><\/p>\n","protected":false},"excerpt":{"rendered":"<p>Te presentamos la programaci\u00f3n de la Noche en Blanco Granada 2017. Un evento Cultural \u00fanico&#8230;.<\/p>\n","protected":false},"author":1,"featured_media":15099,"comment_status":"closed","ping_status":"closed","sticky":false,"template":"","format":"standard","meta":{"_coblocks_attr":"","_coblocks_dimensions":"","_coblocks_responsive_height":"","_coblocks_accordion_ie_support":"","jetpack_post_was_ever_published":false,"_jetpack_newsletter_access":"","_jetpack_dont_email_post_to_subs":false,"_jetpack_newsletter_tier_id":0,"_jetpack_memberships_contains_paywalled_content":false,"_jetpack_memberships_contains_paid_content":false,"footnotes":"","jetpack_publicize_message":"","jetpack_publicize_feature_enabled":true,"jetpack_social_post_already_shared":false,"jetpack_social_options":{"image_generator_settings":{"template":"highway","default_image_id":0,"enabled":false},"version":2}},"categories":[1161,186,9,44,15],"tags":[129,3686],"class_list":["post-15097","post","type-post","status-publish","format-standard","has-post-thumbnail","hentry","category-ciudadania","category-instituciones","category-medio-ambiente","category-noticias-de-hoy","category-ultimas-noticias","tag-granada","tag-noche-en-blanco"],"jetpack_publicize_connections":[],"jetpack_featured_media_url":"https:\/\/i0.wp.com\/miradordeatarfe.es\/wp-content\/uploads\/2017\/03\/%C3%ADndice-8.jpg?fit=361%2C140&ssl=1","jetpack_likes_enabled":true,"jetpack_sharing_enabled":true,"_links":{"self":[{"href":"https:\/\/miradordeatarfe.es\/index.php?rest_route=\/wp\/v2\/posts\/15097","targetHints":{"allow":["GET"]}}],"collection":[{"href":"https:\/\/miradordeatarfe.es\/index.php?rest_route=\/wp\/v2\/posts"}],"about":[{"href":"https:\/\/miradordeatarfe.es\/index.php?rest_route=\/wp\/v2\/types\/post"}],"author":[{"embeddable":true,"href":"https:\/\/miradordeatarfe.es\/index.php?rest_route=\/wp\/v2\/users\/1"}],"replies":[{"embeddable":true,"href":"https:\/\/miradordeatarfe.es\/index.php?rest_route=%2Fwp%2Fv2%2Fcomments&post=15097"}],"version-history":[{"count":1,"href":"https:\/\/miradordeatarfe.es\/index.php?rest_route=\/wp\/v2\/posts\/15097\/revisions"}],"predecessor-version":[{"id":15098,"href":"https:\/\/miradordeatarfe.es\/index.php?rest_route=\/wp\/v2\/posts\/15097\/revisions\/15098"}],"wp:featuredmedia":[{"embeddable":true,"href":"https:\/\/miradordeatarfe.es\/index.php?rest_route=\/wp\/v2\/media\/15099"}],"wp:attachment":[{"href":"https:\/\/miradordeatarfe.es\/index.php?rest_route=%2Fwp%2Fv2%2Fmedia&parent=15097"}],"wp:term":[{"taxonomy":"category","embeddable":true,"href":"https:\/\/miradordeatarfe.es\/index.php?rest_route=%2Fwp%2Fv2%2Fcategories&post=15097"},{"taxonomy":"post_tag","embeddable":true,"href":"https:\/\/miradordeatarfe.es\/index.php?rest_route=%2Fwp%2Fv2%2Ftags&post=15097"}],"curies":[{"name":"wp","href":"https:\/\/api.w.org\/{rel}","templated":true}]}}