{"id":1511,"date":"2015-05-03T07:26:37","date_gmt":"2015-05-03T07:26:37","guid":{"rendered":"http:\/\/miradordeatarfe.es\/?p=1511"},"modified":"2015-05-04T10:49:39","modified_gmt":"2015-05-04T10:49:39","slug":"el-olmo-seco-por-juan-alfredo-bellon","status":"publish","type":"post","link":"https:\/\/miradordeatarfe.es\/?p=1511","title":{"rendered":"EL OLMO SECO  Por Juan Alfredo Bell\u00f3n"},"content":{"rendered":"<p lang=\"es-ES\"><span style=\"color: #000000;\"><span style=\"font-family: Calibri,sans-serif;\"><span style=\"font-size: small;\"><i><b>EL OLMO SECO <\/b><\/i><b>Por Juan Alfredo Bell\u00f3n DESDE EL MIRADOR N\u00ba50Para el domingo 03-05-2015<\/b><\/span><\/span><\/span><\/p>\n<p lang=\"es-ES\"><span style=\"color: #000000;\"><span style=\"font-family: Calibri,sans-serif;\"><span style=\"font-size: small;\"><b> <\/b>A este olmo centenario, plantado en la rivera, no del Duero, sino del mism\u00edsimo Mare Nostrum, tan <i>nostrum<\/i> que da nombre a un banco que fue caja de Granada y que ahora ya no se sabe de qui\u00e9n es ni si va a poder operar con el virtual gobierno de Andaluc\u00eda si, por fin Podemos deshoja la margarita y se pringa pol\u00edticamente hablando y deja de ponerse de perfil, como los reyes en las monedas y como Ignacio S\u00e1nchez Meg\u00edas cuando se lo llev\u00f3 por delante el toro de la vida. Pues dec\u00eda que a este olmo viejo andaluz parece que <i>algunos brotes verdes le han salido.<\/i><\/span><\/span><\/span><\/p>\n<p lang=\"es-ES\"><span style=\"color: #000000;\"><span style=\"font-family: Calibri,sans-serif;\"><span style=\"font-size: small;\"> No somos nadie. El mes de mayo aqu\u00ed y nosotros con estos pelos tan revueltos, que m\u00e1s parecen un amasijo de calamidades que la encimera ordenada de nuestro instrumento anat\u00f3mico de pensar, m\u00e1s o menos desordenadamente, pero de pensar y darle que darle al tarro procesando los est\u00edmulos que diariamente nos excitan las entendederas y nos obligan a tomar partido y a mojarnos porque as\u00ed es la vida y m\u00e1s cuando se tiene por delante \u2013y por detr\u00e1s\u2013 lo que aqu\u00ed tenemos. No hay m\u00e1s que mirar a Grecia, para no salirnos de ese Mediterr\u00e1neo que nos riega nuclearmente, en vez de separarnos y diferenciarnos como muchos piensan. En Grecia, las cosas no han acabado de entrar en vereda, que fue lo que todos (y especialmente Txipras) prometieron durante la reciente campa\u00f1a electoral. El caso es que no han sido capaces de desatascar el retrete, sobre todo porque la primera parte contratante, la del mercader de Venecia alem\u00e1n y los fondos de inversi\u00f3n, que son los acreedores salom\u00f3nicos, no est\u00e1n dispuestos a ceder sus derechos patrimoniales en beneficio de la segunda parte contratante y recortada, sujeto pasivo de una mega-transacci\u00f3n obligada que ahora padece el escarmiento a terceros en el \u00e1mbito internacional globalizado de entregar una libra de carne de la parte que el acreedor elija. Y parece que ha elegido la m\u00e1s tierna y sensible, que est\u00e1 junto al coraz\u00f3n, de la que un buen chef sacar\u00eda sin dudarlo un jugos\u00edsimo bistec t\u00e1rtaro con fondo de inversi\u00f3n intercontinental de <i>repera patatera<\/i> y sufl\u00e9 caramelizado de merengue y ar\u00e1ndanos.<\/span><\/span><\/span><\/p>\n<p lang=\"es-ES\"><span style=\"color: #000000;\"><span style=\"font-family: Calibri,sans-serif;\"><span style=\"font-size: small;\"> Casi nada. \u00bfy ahora qu\u00e9 hacemos? Porque no nos vale ni la receta <i>shakespeariana <\/i>que el propio Shylok acab\u00f3 por aceptar, pues su autor, no pertenec\u00eda a\u00fan a la Inglaterra protestante del ojo por ojo y diente por diente y no hay mejor libro de texto que una buena vara de medir las costillas al educando, que viene a ser una parte importante del mensaje luterano que \u00c1ngela Merkel s\u00ed mam\u00f3 de su padre, en el sentido metaf\u00f3rico del t\u00e9rmino \u00abmamar\u00bb, claro. Y como no se puede dar al mundo el peligros\u00edsimo mensaje de que lo nuestro es de todos y, cuando no puedas pagarme lo que me debes, yo te lo condonar\u00e9, aqu\u00ed estamos atrancados repudiando a los bancos que ejecutan a los pobres y no sabiendo qui\u00e9n nos va a prestar el dinero que necesitamos, reflexi\u00f3n tan cierta como la de que no existen vegetarianos puros ni omn\u00edvoros tan salvajes como los vegetarianos argentinos que mezclan el Pilates con el aprendizaje del tango en el colmo de la exaltaci\u00f3n de lo suced\u00e1neo.<\/span><\/span><\/span><\/p>\n<p lang=\"es-ES\"><span style=\"color: #000000;\"><span style=\"font-family: Calibri,sans-serif;\"><span style=\"font-size: small;\"> Y as\u00ed ocurre que nuestro coraz\u00f3n viejo y cansado como el olmo sufre no se sabe si una transformaci\u00f3n primaveral o un espejismo, creyendo vernos avanzar en Andaluc\u00eda hacia un gobierno estable fruto del consenso y sabedor del mensaje de las urnas (o de los idus) de marzo pasado. Para ello no hace falta haber estudiado Politolog\u00eda ni Geopol\u00edtica ni Traducci\u00f3n e Interpretaci\u00f3n de Expectativas y Resultados Electorales. Basta con tener mucho sentido com\u00fan, un pel\u00edn de buena voluntad, un pellizquito de sensibilidad pol\u00edtica y una cucharadita de pimiento rojo homologado. La floraci\u00f3n tiene que ser segura, como seguro el ciclo nuevo que reinaugure la democracia. Por cierto, el martes fui a ver a Zapatero en la Universidad Euro-\u00c1rabe granadina y comprob\u00e9 que su discurso sobre la Alianza de Civilizaciones sigue tan vivo y vigente como lozano y sal\u00ed de all\u00ed dispuesto a gritar \u00a1Viva el 1\u00ba de mayo, D\u00eda Internacional del Trabajo y de los derechos de los trabajadores aut\u00f3ctonos y al\u00f3ctonos! <\/span><\/span><\/span><\/p>\n","protected":false},"excerpt":{"rendered":"<p>EL OLMO SECO Por Juan Alfredo Bell\u00f3n DESDE EL MIRADOR N\u00ba50Para el domingo 03-05-2015 A&#8230;<\/p>\n","protected":false},"author":1,"featured_media":1512,"comment_status":"closed","ping_status":"closed","sticky":false,"template":"","format":"standard","meta":{"_coblocks_attr":"","_coblocks_dimensions":"","_coblocks_responsive_height":"","_coblocks_accordion_ie_support":"","jetpack_post_was_ever_published":false,"_jetpack_newsletter_access":"","_jetpack_dont_email_post_to_subs":false,"_jetpack_newsletter_tier_id":0,"_jetpack_memberships_contains_paywalled_content":false,"_jetpack_memberships_contains_paid_content":false,"footnotes":"","jetpack_publicize_message":"","jetpack_publicize_feature_enabled":true,"jetpack_social_post_already_shared":false,"jetpack_social_options":{"image_generator_settings":{"template":"highway","default_image_id":0,"enabled":false},"version":2}},"categories":[36,15],"tags":[172,308],"class_list":["post-1511","post","type-post","status-publish","format-standard","has-post-thumbnail","hentry","category-opinion-de-juan-alfredo-bellon","category-ultimas-noticias","tag-andalucia","tag-susana-diaz"],"jetpack_publicize_connections":[],"jetpack_featured_media_url":"https:\/\/i0.wp.com\/miradordeatarfe.es\/wp-content\/uploads\/2015\/05\/SUSAS.jpg?fit=323%2C156&ssl=1","jetpack_likes_enabled":true,"jetpack_sharing_enabled":true,"_links":{"self":[{"href":"https:\/\/miradordeatarfe.es\/index.php?rest_route=\/wp\/v2\/posts\/1511","targetHints":{"allow":["GET"]}}],"collection":[{"href":"https:\/\/miradordeatarfe.es\/index.php?rest_route=\/wp\/v2\/posts"}],"about":[{"href":"https:\/\/miradordeatarfe.es\/index.php?rest_route=\/wp\/v2\/types\/post"}],"author":[{"embeddable":true,"href":"https:\/\/miradordeatarfe.es\/index.php?rest_route=\/wp\/v2\/users\/1"}],"replies":[{"embeddable":true,"href":"https:\/\/miradordeatarfe.es\/index.php?rest_route=%2Fwp%2Fv2%2Fcomments&post=1511"}],"version-history":[{"count":1,"href":"https:\/\/miradordeatarfe.es\/index.php?rest_route=\/wp\/v2\/posts\/1511\/revisions"}],"predecessor-version":[{"id":1513,"href":"https:\/\/miradordeatarfe.es\/index.php?rest_route=\/wp\/v2\/posts\/1511\/revisions\/1513"}],"wp:featuredmedia":[{"embeddable":true,"href":"https:\/\/miradordeatarfe.es\/index.php?rest_route=\/wp\/v2\/media\/1512"}],"wp:attachment":[{"href":"https:\/\/miradordeatarfe.es\/index.php?rest_route=%2Fwp%2Fv2%2Fmedia&parent=1511"}],"wp:term":[{"taxonomy":"category","embeddable":true,"href":"https:\/\/miradordeatarfe.es\/index.php?rest_route=%2Fwp%2Fv2%2Fcategories&post=1511"},{"taxonomy":"post_tag","embeddable":true,"href":"https:\/\/miradordeatarfe.es\/index.php?rest_route=%2Fwp%2Fv2%2Ftags&post=1511"}],"curies":[{"name":"wp","href":"https:\/\/api.w.org\/{rel}","templated":true}]}}