{"id":15113,"date":"2017-03-23T10:30:17","date_gmt":"2017-03-23T09:30:17","guid":{"rendered":"http:\/\/miradordeatarfe.es\/?p=15113"},"modified":"2017-03-23T10:19:19","modified_gmt":"2017-03-23T09:19:19","slug":"historia-del-reloj-adelantado-en-europa-occidental","status":"publish","type":"post","link":"https:\/\/miradordeatarfe.es\/?p=15113","title":{"rendered":"Historia del reloj adelantado en Europa occidental"},"content":{"rendered":"<div class=\"sing-post\">\n<p style=\"text-align: justify;\">Hace dos a\u00f1os di una explicaci\u00f3n geogr\u00e1fica de <a href=\"http:\/\/politikon.es\/2014\/10\/09\/por-que-la-hora-de-berlin-triunfa-en-europa-occidental\/\">por qu\u00e9 el huso de Berl\u00edn triunf\u00f3 en la Europa occidental<\/a>. All\u00ed dije que cre\u00eda que las interpretaciones hist\u00f3ricas de por qu\u00e9 sucedieron ciertos hechos \u2014que Espa\u00f1a o Francia tuvieran un reloj adelantado\u2014 eran en s\u00ed mismos menos importantes que el hecho en s\u00ed, en mi opini\u00f3n.<\/p>\n<p><!--more--><\/p>\n<p style=\"text-align: justify;\">Ahora, en cambio, voy a desarrollar el contexto hist\u00f3rico de los hechos. Que tambi\u00e9n es una muestra de por qu\u00e9 nuestro huso no es tan loco como nos lo han querido hacer ver. <a href=\"http:\/\/personal.us.es\/olalla\/time\/sgm.pdf\">Aqu\u00ed he dejado unas transparencias con mapas<\/a> que ayudan a entender este art\u00edculo.<\/p>\n<p style=\"text-align: justify;\">La primera cuesti\u00f3n es <strong>por qu\u00e9 adelantamos los relojes<\/strong> y su respuesta no est\u00e1 relacionada estrictamente con el huso sino con las costumbres. Durante toda la historia la actividad humana en latitudes extratropicales (las de Europa o el norte de Am\u00e9rica) ha sido probablemente diferente seg\u00fan las estaciones. No s\u00e9 en qu\u00e9 medida difer\u00edan pero es razonable que lo hicieran:<strong> el ritmo de vida en invierno era diferente al del verano.<\/strong><\/p>\n<p style=\"text-align: justify;\">En el siglo XX estas diferencias empiezan a disminuir no por que los relojes se hicieran m\u00e1s homog\u00e9neos sino <em>porque los relojes empezaron a dictar ciertos comportamientos humanos como a qu\u00e9 hora levantarse o a qu\u00e9 hora empezar a trabajar. <\/em>El cambio estacional (adelanto de la hora en primavera y retraso de la hora en oto\u00f1o) permite mantener estas r\u00edgidas costumbres horarias y a la vez variar el ritmo de actividad a lo largo del a\u00f1o. Originalmente el cambio estacional pretend\u00eda que las personas madrugaran m\u00e1s en verano para poder terminar sus tareas antes. Los gobiernos r\u00e1pidamente relacionaron esto con el ahorro energ\u00e9tico: al trasladar horas de luz de la ma\u00f1ana a la tarde parte de la actividad econ\u00f3mica que se har\u00eda de noche en verano se segu\u00eda haciendo de d\u00eda. No por casualidad el cambio estacional ha estado ligado a \u00e9pocas de crisis y de guerra. Y, finalmente, mi interpretaci\u00f3n favorita (incluso personal) es que el cambio estacional aumenta en (in)cierta medida el producto interior bruto al alargar la luz solar durante las horas de ocio de los trabajadores, que hoy tambi\u00e9n son econ\u00f3micamente productivas. Un paradigma ser\u00eda la explotaci\u00f3n de una piscina que tiene m\u00e1s horas de luz vespertinas y m\u00e1s atractivo para que los trabajadores se apunte a \u00e9l gracias al cambio estacional. La cuesti\u00f3n fundamental en este problema es que la actividad solar es sim\u00e9trica: se dispone igual antes y despu\u00e9s del mediod\u00eda, <a href=\"https:\/\/www.youtube.com\/watch?v=JEQjsTVD4iw\">las horas de luz crecen (y decrecen) sim\u00e9tricamente por la ma\u00f1ana y por la tarde cuando nos movemos por las estaciones<\/a>. Sin embargo la actividad humana no es sim\u00e9trica: no hacemos lo mismo por la ma\u00f1ana que por la tarde. Por ejemplo, no hay ocio matinal.<\/p>\n<p style=\"text-align: justify;\">La segunda cuesti\u00f3n es <strong>c\u00f3mo y cu\u00e1ndo se implant\u00f3 el cambio estacional<\/strong> y fue durante una guerra: la Primera Guerra Mundial. La Gran Guerra. Durante ese conflicto los gobiernos trataron de paliar la factura energ\u00e9tica implementando estas medidas. Recurrieron a este cambio los beligerantes principales del conflicto, tanto en Europa como en Am\u00e9rica. Tambi\u00e9n Espa\u00f1a, aunque no fuera part\u00edcipe del conflicto. Todos estos cambios estacionales fueron completos y, por tanto, globalmente neutros: se adelantaba el reloj en primavera, se atrasaba en oto\u00f1o. Se alteraba el verano pero no el invierno.<\/p>\n<p style=\"text-align: justify;\">El periodo de entreguerras vivi\u00f3 una aplicaci\u00f3n diversa del cambio estacional. En Estados Unidos, Reino Unido y Francia siguieron emple\u00e1ndolo pero en Alemania, no.<\/p>\n<p style=\"text-align: justify;\">En Espa\u00f1a se aplic\u00f3 irregularmente: desde 1924 pero no en 1925 ni en 1930. En el a\u00f1o 1931 estaba previsto el cambio primaveral para finales de abril pero la proclamaci\u00f3n de la Rep\u00fablica lo abort\u00f3. S\u00ed, uno de los primeros decretos del Gobierno provisional de la Rep\u00fablica, el 15 de abril de 1931, fue anular el cambio de hora estacional.<\/p>\n<p style=\"text-align: justify;\">Durante <strong>la Guerra Civil<\/strong> se retoma el cambio estacional en Espa\u00f1a pero se hace de forma diferente en seg\u00fan qu\u00e9 zonas del conflicto. El a\u00f1o 1937 es un a\u00f1o regular con su adelanto primaveral y retraso oto\u00f1al. Pero el a\u00f1o 1938 vivir\u00e1 dos novedades en el manejo de los relojes. El Gobierno de la Rep\u00fablica, presidido por Juan Negr\u00edn, adelant\u00f3 los relojes en el mes de abril dos veces, una hora cada vez, para un total de dos horas. Durante el verano de 1938 en la Espa\u00f1a republicana reg\u00eda exactamente el mismo horario que rige en nuestros veranos desde 1974: UTC+02, la hora de Kiev. Casi con toda seguridad fue la primera vez que una regi\u00f3n del mundo observ\u00f3 un desfase de dos horas respecto de su hora est\u00e1ndar.<\/p>\n<p style=\"text-align: justify;\">En el oto\u00f1o de ese a\u00f1o el gobierno de Negr\u00edn s\u00f3lo atras\u00f3 el reloj una vez, y s\u00f3lo por una hora. El cambio estacional no fue por tanto completo ni neutro. Por eso el invierno de 1938-39 en la Espa\u00f1a republicana el reloj estaba una hora adelantado respecto de la hora est\u00e1ndar. La Espa\u00f1a republicana vivi\u00f3 ese invierno en UTC+01, la hora de Berl\u00edn. Era una de las primeras veces en que se alteraba el horario de invierno de una regi\u00f3n; esto es lo que modernamente se conoce como \u00abcambiar el huso\u00bb.<\/p>\n<p style=\"text-align: justify;\">As\u00ed adelantamos el huso por primera vez y as\u00ed se adelanta a\u00fan hoy: eliminando el retraso estacional de oto\u00f1o. La propuesta que este a\u00f1o evacuaron los parlamentos de Baleares y Valencia implicaban eso: un adelanto del huso. Turqu\u00eda, este mismo a\u00f1o, ha adelantado el huso de esta misma forma.<\/p>\n<p style=\"text-align: justify;\">En ese invierno de 1938-39 termin\u00f3 la guerra. Parad\u00f3jicamente para nuestros o\u00eddos actuales, las tropas de Franco quitaron la hora adelantada (que era la \u00abhora de Berl\u00edn\u00bb) y pusieron la hora est\u00e1ndar (es decir la \u00abhora de Londres\u00bb) conforme entraban en Barcelona, Madrid o Valencia. En esta \u00faltima ciudad s\u00f3lo durante quince d\u00edas: el 15 de abril se produjo el tradicional cambio estacional de primavera y los relojes volvieron a adelantarse, para retrasarse en oto\u00f1o.<\/p>\n<p style=\"text-align: justify;\">El <strong>pen\u00faltimo elemento de an\u00e1lisis<\/strong> es la Segunda Guerra Mundial, que ocurre casi consecutivamente a la Guerra Civil espa\u00f1ola ya que empieza en oto\u00f1o del a\u00f1o 1939. Ese a\u00f1o el retraso de la hora en los pa\u00edses (Reino Unido, Francia, B\u00e9lgica, Irlanda y Portugal) con horario de verano se har\u00e1 un mes m\u00e1s tarde de lo habitual: a mediados de noviembre.<\/p>\n<p style=\"text-align: justify;\">A principios del a\u00f1o 1940, el 25 de febrero, estos pa\u00edses avanzaron sus relojes una hora un mes antes de lo habitual. Los gobiernos ya se preparan para un conflicto econ\u00f3micamente sangrante y explotan al m\u00e1ximo el reloj adelantado.<\/p>\n<p style=\"text-align: justify;\">Doce d\u00edas despu\u00e9s, un lapso de tiempo considerablemente peque\u00f1o, el Gobierno de Franco tambi\u00e9n decreta un adelanto de la hora para el 16 de marzo (tambi\u00e9n en una fecha adelantada, s\u00f3lo en 1938 se hab\u00eda adelantado la hora en una fecha tan temprana, lo normal era medidos de abril). El redactado del decreto es bastante claro y habla de la \u00abla conveniencia de que el horario nacional marche de acuerdo con <em>otros pa\u00edses europeos<\/em> y las ventajas de diversos \u00f3rdenes que el adelanto <em>temporal<\/em> de la hora trae consigo\u00bb. Por \u00abotros pa\u00edses europeos\u00bb debe entenderse la lista de cinco pa\u00edses que hab\u00edan adelantado la hora s\u00f3lo doce d\u00edas antes del decreto. Cualquier otra interpretaci\u00f3n (la connivencia con Alemania) parece simplemente rid\u00edcula, al menos de la lectura directa del bolet\u00edn.<\/p>\n<p style=\"text-align: justify;\">Por <em>temporal<\/em> debe entenderse que el adelanto de marzo de 1940 era lo que era: el cambio estacional de primavera, que deb\u00eda anularse con un retraso en oto\u00f1o. Ese retraso estacional no lleg\u00f3. Como no hab\u00eda llegado en 1938 en la zona republicana y como no lleg\u00f3 en ninguno de los pa\u00edses antes mencionados con la excepci\u00f3n de Portugal.<\/p>\n<p style=\"text-align: justify;\">Los relojes de Irlanda y Portugal, ambos pa\u00edses no beligerantes y situados en la regi\u00f3n m\u00e1s occidental de Europa y m\u00e1s alejados del frente de guerra, vivir\u00e1n la Segunda Guerra Mundial de forma muy tranquila: en Portugal se har\u00e1n cambios estacionales regulares con adelantos en primavera y retrasos en oto\u00f1o; alg\u00fan a\u00f1o Portugal har\u00e1 un doble adelanto en primavera y un doble atraso en oto\u00f1o. Irlanda, por contra, no volver\u00e1 a cambiar sus relojes hasta el a\u00f1o 1946: pasar\u00e1 toda la guerra, inviernos incluidos, con el reloj adelantado y estable.<\/p>\n<p style=\"text-align: justify;\">M\u00e1s al este y m\u00e1s cerca del frente de guerra, los relojes de Reino Unido y Espa\u00f1a vivir\u00e1n historias parecidas: en el oto\u00f1o del a\u00f1o 1940 los relojes no se retrasar\u00e1n y pasar\u00e1n el invierno con el reloj adelantado. A partir de 1941 (Reino Unido) o 1942 (Espa\u00f1a) har\u00e1n cambios estacionales completos: adelanto de la hora en primavera (a UTC+02), retraso en oto\u00f1o (a UTC+01). Exactamente lo mismo que hacemos desde 1974.<\/p>\n<p style=\"text-align: justify;\">M\u00e1s al este, en Francia, B\u00e9lgica y Holanda entramos en el frente de guerra y es necesario hablar tambi\u00e9n de lo que ocurri\u00f3 a\u00fan m\u00e1s al este: en Alemania e Italia, que se encuentran en el siguiente huso geogr\u00e1fico y eran aliados en la guerra. Ninguno de ellos us\u00f3 el cambio estacional durante la \u00e9poca de entreguerras y s\u00f3lo en 1940 volvieron a aplicarlo. Lo hicieron m\u00e1s tarde que los pa\u00edses antes mencionados. Alemania adelant\u00f3 sus relojes el 1 de abril, Italia lo har\u00e1 tan tarde como el 15 de junio. En ambos pa\u00edses los relojes marcan entonces UTC+02.<\/p>\n<p style=\"text-align: justify;\">La importancia de este hecho es que cuando Alemania invade con \u00e9xito Holanda, B\u00e9lgica y Francia exporta la hora UTC+02 a esos pa\u00edses. En Holanda a\u00fan reg\u00eda la hora de Amsterdam (no hab\u00edan adoptado ning\u00fan huso moderno) y a\u00fan no hab\u00eda adelantado sus relojes por primavera (iban a hacerlo en mayo). <em>Manu militari<\/em> los relojes se adelantaron una hora y cuarenta minutos en Holanda con la invasi\u00f3n alemana. En Francia y B\u00e9lgica los relojes sufrieron un adelanto adicional al que se hubo implementado el 25 de febrero. Fue lo que se conoci\u00f3 en Francia como \u00abhora alemana\u00bb.<\/p>\n<p style=\"text-align: justify;\">En el oto\u00f1o de 1940 la hora s\u00f3lo se retras\u00f3 en Portugal y no en ninguno de los otros pa\u00edses mencionados (Irlanda, Espa\u00f1a, Reino Unido, Francia, B\u00e9lgica, Holanda, Italia y Alemania). As\u00ed todos vivieron un invierno (el primero de varios) con los relojes adelantados: todos lo hac\u00edan por primera vez, s\u00f3lo en la Espa\u00f1a republicana se hab\u00eda vivido algo igual.<\/p>\n<p style=\"text-align: justify;\">Adem\u00e1s, Francia, B\u00e9lgica y Holanda vivieron dos inviernos con los relojes adelantados dos horas ya que a la hora de adelanto que hicieron en febrero (excepto Holanda) sumaron la hora \u00abexportada\u00bb por Alemania. Ninguna de ellas se revirti\u00f3 en oto\u00f1o. En esos invierno Francia, B\u00e9lgica y Holanda ten\u00edan el mismo huso horario que el que habr\u00edan surgido de atender las las peticiones recientes del Parlamento de las Islas Baleares y de las Cortes Valencianas. En Par\u00eds llegaba a amanecer a las diez de la ma\u00f1ana y no anochec\u00eda hasta las 6 de la tarde. Obviamente ha sido una ocurrencia singular en la historia.<\/p>\n<p style=\"text-align: justify;\">Tras dos inviernos sin cambios en los relojes Alemania retrasa la hora en oto\u00f1o de 1942 y anula el adelanto de primavera de 1940. El resto de la guerra experimentar\u00e1 los t\u00edpicos cambios estacionales y los inviernos se pasan en su hora est\u00e1ndar y s\u00ed, estar\u00e1n m\u00e1s coordinados con la hora espa\u00f1ola\u2026 y tambi\u00e9n con la brit\u00e1nica.<\/p>\n<p style=\"text-align: justify;\">Francia, B\u00e9lgica y Holanda siguen esos pasos y ahora supone que pasen los inviernos con los relojes adelantados s\u00f3lo una hora, en las mismas circunstancias que viven hoy.<\/p>\n<p style=\"text-align: justify;\">El \u00faltimo punto es <strong>qu\u00e9 ocurre cuando termina la guerra<\/strong> y podemos empezar incluso un poco antes. En verano de 1944 los aliados realizan el desembarco de Normand\u00eda y para finales de agosto de ese a\u00f1o Francia est\u00e1 \u00abliberada\u00bb. Al contrario que en la invasi\u00f3n alemana la liberaci\u00f3n de Francia no supone ning\u00fan paso atr\u00e1s en los relojes. Siguen exactamente en UTC+2 hasta el oto\u00f1o de 1944 en que retrasan a UTC+1, el cambio estacional propio. En parte esto es debido a que los relojes de Reino Unido marcan tambi\u00e9n esa hora. Pero es evidente que para los aliados la hora en ese momento no es una cuesti\u00f3n \u00abnacional o identitaria\u00bb sino econ\u00f3mica o pragm\u00e1tica, ligada al esfuerzo de guerra. En este art\u00edculo he procurado hablar de adelanto y retraso de relojes: adelantar el reloj en Espa\u00f1a, Reino Unido, Francia, B\u00e9lgica, Holanda, Portugal o Irlanda implica adoptar la hora est\u00e1ndar del huso de Berl\u00edn y N\u00e1poles. Esto es un mera casualidad geogr\u00e1fica sin ning\u00fan tipo de relevancia a la hora de tomar esas decisiones. Ni en Reino Unido, ni en Espa\u00f1a, ni en Francia.<\/p>\n<p style=\"text-align: justify;\">Al finalizar la guerra mundial en el verano de 1945 ocurren varias situaciones complementarias:<\/p>\n<ol style=\"text-align: justify;\">\n<li>Portugal, Alemania e Italia no tienen nada especial que hacer, siguen en su hora est\u00e1ndar con cambios estacionales. Portugal seguir\u00e1 haciendo cambios estacionales en el futuro mientras que en Alemania e Italia cesar\u00e1n en 1950 hasta la crisis del petr\u00f3leo de los setenta.<\/li>\n<li>Reino Unido acaba la guerra con la hora UTC+02. En dos pasos (el 15 de julio (antes de que haya acabado la guerra en el Pac\u00edfico) y el 7 de octubre) volver\u00e1 a su hora est\u00e1ndar UTC+00. Seguir\u00e1 haciendo cambios estacionales indefinidamente.<\/li>\n<li>Irlanda pasa toda la guerra en UTC+01 sin cambios estacionales. El invierno de 1945-46 sigue en ese huso a pesar de que Reino Unido (que est\u00e1 m\u00e1s al este) est\u00e1 ya en UTC+00. Aprovechar\u00e1 el retraso estacional de oto\u00f1o de 1946 para volver a UTC+00. A cambio realizar\u00e1 cambios estacionales como lo de Reino Unido o Portugal.<\/li>\n<li>Francia, es decir, el gobierno provisional de Charles de Gaulle, dise\u00f1a un plan similar al brit\u00e1nico para pasar de UTC+02 a UTC+00 en dos fases: el 16 de septiembre y el 18 de noviembre. Sin embargo el 5 de noviembre se deroga el \u00faltimo cambio y Francia permanecer\u00e1 en UTC+01 desde entonces. A cambio no har\u00e1 m\u00e1s cambios estacionales hasta 1974. Lo mismo ocurrir\u00e1 en B\u00e9lgica, Holanda y Espa\u00f1a.<\/li>\n<\/ol>\n<p style=\"text-align: justify;\">Una cuesti\u00f3n a analizar es por qu\u00e9 de Gaulle permanece en la hora UTC+01. Esto excede de un mero an\u00e1lisis de las disposiciones aprobadas. Supongo que los historiadores dispondr\u00e1n de herramientas para entender por qu\u00e9 se adopt\u00f3 tal decisi\u00f3n (tanto en Francia como en Espa\u00f1a) y es posible que ya se haya analizado. Unos apuntes propios que podr\u00edan explicarlo:<\/p>\n<ol style=\"text-align: justify;\">\n<li>Mantener el reloj adelantado en 1945 despu\u00e9s de dos inviernos con el reloj adelantado dos horas y tres con el reloj adelantado no era tan traum\u00e1tico como lo habr\u00eda sido hacerlo por primera vez. En Espa\u00f1a eran cinco los inviernos con la hora adelantada en Espa\u00f1a (seis si contamos el invierno del 1938-39). Lo mismo pod\u00eda decirse en Reino Unido o Irlanda pero:<\/li>\n<li>El factor geogr\u00e1fico. El continente europeo est\u00e1 curvado en direcci\u00f3n NE-SW, justamente la que sigue <a href=\"http:\/\/politikon.es\/2014\/10\/09\/por-que-la-hora-de-berlin-triunfa-en-europa-occidental\/\">el amanecer invernal<\/a>. Para Francia era m\u00e1s \u00abf\u00e1cil\u00bb permanecer con el reloj adelantado que para Reino Unido. En Par\u00eds amanece a las 08:50 (UTC+01) pero es de los los lugares m\u00e1s tard\u00edos en Francia. En Londres amanece s\u00f3lo unos veinte minutos despu\u00e9s (a las 09:10 para el mismo reloj, 08:10 para la hora oficial) pero es uno de los lugares de Reino Unido donde m\u00e1s temprano amanece. La misma \u00abfacilidad\u00bb tiene Espa\u00f1a y a\u00fan m\u00e1s \u00abdificultad\u00bb ten\u00eda Irlanda. El entrecomillado en \u00abf\u00e1cil\u00bb y \u00abdif\u00edcil\u00bb quiere se\u00f1alar que son conceptos subjetivos m\u00e1s que racionales.<\/li>\n<li>El factor econ\u00f3mico: segu\u00eda siendo una situaci\u00f3n econ\u00f3micamente calamitosa y tal vez el gobierno franc\u00e9s pens\u00f3 que mantener la hora adelantada tendr\u00eda alg\u00fan tipo de beneficio econ\u00f3mico frente a la alternativa de retornar a UTC+00 y, probablemente, seguir aplicando el cambio estacional, como se hizo en Reino Unido, Irlanda y Portugal. Es decir, la alternativa s\u00f3lo se diferenciar\u00eda durante los seis importantes meses del horario de invierno. Esto tambi\u00e9n es aplicable a Espa\u00f1a. En este contexto hist\u00f3rico llevamos unos a\u00f1os discutiendo sobre cosas que no dependen del huso. Las penurias de las postguerra habr\u00edan seguido estando presentes a\u00fan habiendo retrasado los relojes en oto\u00f1o del 1945. Y su combate mediante el pluriempleo o el trabajar de sol a sol habr\u00eda seguido siendo una soluci\u00f3n y una necesidad para una sociedad econ\u00f3micamente destrozada. La vida no habr\u00eda sido especialmente m\u00e1s f\u00e1cil con la hora de Londres cuando de aspectos b\u00e1sicos de supervivencia se trata.Tal vez el gobierno franc\u00e9s, y el espa\u00f1ol, pensaron en alg\u00fan momento futuro en revertir la situaci\u00f3n; quiz\u00e1 cuando la situaci\u00f3n econ\u00f3mica se normalizara. El problema es que, tal vez, la actividad econ\u00f3mica de la post-guerra renaciera ya adaptada al nuevo huso horario (un efecto que es m\u00e1s evidente en Espa\u00f1a que Francia y, probablemente, B\u00e9lgica y Holanda) e hiciera innecesario su reversi\u00f3n. Dicho de otra forma: el pueblo anula la medida normativa del adelanto del huso retrasando los horarios, algo que es muy evidente en Espa\u00f1a. Por eso, perm\u00edtanme el salto en el vac\u00edo, en 1977 en Espa\u00f1a se pide lo que se echa en falta: libertad, amnist\u00eda y estatuto de autonom\u00eda; y no se a\u00f1ade \u00aby que volvamos a Greenwich\u00bb. Es que no nos hab\u00edamos ido.<\/li>\n<li>Simplemente lo prefiri\u00f3 a la alternativa brit\u00e1ncia que era retrasar la hora y seguir aplicando cambios estacionales en los a\u00f1os venideros. Francia no retras\u00f3 la hora y, a la vez, dej\u00f3 de hacer cambios estacionales. La diferencia, de nuevo, es el invierno.<\/li>\n<li>No es una raz\u00f3n en s\u00ed misma pero en este punto merece la pena se\u00f1alar que Francia, junto con Alemania, Italia, B\u00e9lgica, Holanda y Luxemburgo impulsaron en 1950 (s\u00f3lo cinco a\u00f1os despu\u00e9s del final de la guerra) la creaci\u00f3n de la Comunidad Econ\u00f3mica del Carb\u00f3n y del Acero, el germen de la actual Uni\u00f3n Europea y el germen del que probablemente sea el periodo de estabilidad mayor en esos pa\u00edses. Cuando naci\u00f3 la CECA los seis pa\u00edses fundadores ya compart\u00edan huso horario. Es inevitable, hagan lo que hagan con el huso, s\u00f3lo pase una hora (un medida est\u00e1ndar de huso) desde que amanece en invierno en el norte de Italia a hasta que amanece en toda Francia. Comparten ese hito astron\u00f3mico aunque no compartan la hora del mediod\u00eda. No es irracional privilegiar el primero frente al segundo cuando eliges huso.<\/li>\n<\/ol>\n<p style=\"text-align: justify;\">Despu\u00e9s de 1945 Reino Unido, Irlanda y Portugal (que ten\u00edan un reloj est\u00e1ndar) siguieron haciendo los cambios estacionales mientras que el resto de a Europa occidental (Francia, Espa\u00f1a, Benelux, con reloj adelantado y tambi\u00e9n Alemania, Italia, con reloj est\u00e1ndar) dejo de hacerlos hasta la crisis de los a\u00f1os setenta. En verano coincid\u00edan sus horarios en UTC+01, en invierno no.<\/p>\n<p style=\"text-align: justify;\">Reino Unido, Irlanda y Portugal intentaron cambiar al otro esquema en los a\u00f1os sesenta pero sus sociedades no se adaptaron al cambio. Portugal volvi\u00f3 a intentarlo en los a\u00f1os noventa con el mismo resultado. La rigidez de las sociedades ya era demasiado grande como para admitir estos cambios que afectaban esencialmente al invierno.<\/p>\n<p style=\"text-align: justify;\">El hecho de que con la crisis del petr\u00f3leo volvieran los cambios estacionales a Espa\u00f1a, Francia o Benelux muestra hasta qu\u00e9 punto el adelanto del huso ocurrido en la Segunda Guerra Mundial hab\u00eda sido absorbido por las sociedades de estos pa\u00edses: despu\u00e9s de admitir un reloj adelantado en invierno admitieron un reloj con doble adelanto en verano. Es un caso singular entre los pa\u00edses que viven con un reloj adelantado.<\/p>\n<p style=\"text-align: justify;\">El \u00faltimo cambio digno de mencionar ocurri\u00f3 en 1996 cuando una directiva europea (los cambios estacionales a finales del siglo XX se hacen de forma coordinada, estable y anunciada con mucha antelaci\u00f3n y no cuando al gobierno de turno se le ocurre) oblig\u00f3 a que el retraso oto\u00f1al se hiciera a final del octubre (como se hac\u00eda en Reino Unido) y no a finales de septiembre (como se hac\u00eda en el resto de Europa). Esta peque\u00f1a modificaci\u00f3n, inadvertidamente, ha fomentado la sensaci\u00f3n de que es el cambio de hora quien produce los anocheceres tempranos.<\/p>\n<p style=\"text-align: justify;\">Esta sensaci\u00f3n se debe a que la fecha astron\u00f3mica del anochecer m\u00e1s temprano es, ahora mismo, principios de diciembre, poco m\u00e1s de un mes despu\u00e9s del cambio de hora. Cuando cambiamos la hora a finales de octubre la puesta del Sol ocurre s\u00f3lo media hora m\u00e1s tarde de lo que lo har\u00e1 en diciembre, que es cuando m\u00e1s temprano anochece. Por eso asociamos el cambio con una hora temprana de anochecer.<\/p>\n<p style=\"text-align: justify;\">Por contra, la fecha del amanecer m\u00e1s tard\u00edo es un mes m\u00e1s tarde (principios de enero) y, por tanto, hay un mes m\u00e1s de margen respecto del cambio de hora. As\u00ed hay casi una hora de diferencia entre la hora del amanecer a final de octubre tras el cambio de hora y la hora del amanecer m\u00e1s tard\u00edo del a\u00f1o. Notamos como progresivamente los amaneceres son m\u00e1s tard\u00edos despu\u00e9s del cambio de hora de oto\u00f1o pero no notamos que los atardeceres sean cada vez m\u00e1s tempranos; ya desde el inicio \u00abnos parecen\u00bb demasiado temprano.<\/p>\n<p style=\"text-align: justify;\">Relacionado con esto est\u00e1 la \u00faltima vuelta de tuerca la hemos visto este a\u00f1o cuando desde diversos sectores (y creo que no s\u00f3lo espa\u00f1oles) se ha pedido no retrasar la hora en oto\u00f1o alentados por ese efecto del anochecer temprano. Esto ser\u00eda volver a aplicar la misma medida que tom\u00f3 Juan Negr\u00edn en 1938 o Charles de Gaulle en 1945. Recorriendo este camino paso a paso (primero no retrasar la hora en oto\u00f1o, m\u00e1s tarde hacer cambios estacionales completos y m\u00e1s tarde a\u00fan no retrasar la hora en oto\u00f1o) podr\u00edamos llegar a tener la hora de Nueva Zelanda en unos siglos y posteriormente regresar a Greenwich despu\u00e9s de circumnavegar los husos, y sin movernos de casa.<\/p>\n<p style=\"text-align: justify;\">Inopinadamente estas peticiones muestran lo asentado que est\u00e1 el huso horario en Europa y, particularmente, en Espa\u00f1a: hay personas que piden adelantarlo a\u00fan m\u00e1s y otros que piden retrasarlo. Indirectamente, es un recordatorio de que la estabilidad del sistema horario en Europa (70 a\u00f1os sin cambios en la hora de invierno salvo las excursiones, fracasadas, de Reino Unido y Portugal a la hora de Berl\u00edn), las reglas del juego sobre las que hemos tomado decisiones tan simples como a qu\u00e9 hora levantarnos o a qu\u00e9 hora deben empezar los colegios de primaria, y sobre las que podemos construir cualesquiera otras, es un bien com\u00fan que algunos han dejado de apreciar irracionalmente.<\/p>\n<h3 style=\"text-align: justify;\">Referencias<\/h3>\n<p style=\"text-align: justify;\">Como buen cu\u00f1ado de mi cu\u00f1ada buena parte de este trabajo proviene de analizar sistem\u00e1ticamente los datos que aparecen en <a href=\"http:\/\/www.timeanddate.com\">timeanddate.com<\/a>, que espero que sean correctos aunque no siempre lo son. Por ejemplo s\u00f3lo aparecen los datos de la zona franquista durante la Guerra Civil.<\/p>\n<p style=\"text-align: justify;\">Tambi\u00e9n he consultado el art\u00edculo de Pere Planesas titulado <a href=\"http:\/\/astronomia.ign.es\/rknowsys-theme\/images\/webAstro\/paginas\/documentos\/Anuario\/lahoraoficialenespana.pdf\"><em>La hora oficial en Espa\u00f1a y sus cambios<\/em><\/a> publicado en el Anuario del Observatorio Astron\u00f3mico de Madrid del a\u00f1o 2013. Y el art\u00edculo de Yvonne Poulle <em>La France \u00e0 l\u2019heure allemande<\/em> en la Bibliot\u00e8que de l\u2019\u00e8cole des chartes, 1999, aunque con el importante h\u00e1ndicap de que no s\u00e9 mucho franc\u00e9s: s\u00f3lo lo que dieron de s\u00ed tres cursos de la E.G.B.<\/p>\n<\/div>\n<p>&nbsp;<\/p>\n","protected":false},"excerpt":{"rendered":"<p>Hace dos a\u00f1os di una explicaci\u00f3n geogr\u00e1fica de por qu\u00e9 el huso de Berl\u00edn triunf\u00f3&#8230;<\/p>\n","protected":false},"author":1,"featured_media":15114,"comment_status":"closed","ping_status":"closed","sticky":false,"template":"","format":"standard","meta":{"_coblocks_attr":"","_coblocks_dimensions":"","_coblocks_responsive_height":"","_coblocks_accordion_ie_support":"","jetpack_post_was_ever_published":false,"_jetpack_newsletter_access":"","_jetpack_dont_email_post_to_subs":false,"_jetpack_newsletter_tier_id":0,"_jetpack_memberships_contains_paywalled_content":false,"_jetpack_memberships_contains_paid_content":false,"footnotes":"","jetpack_publicize_message":"","jetpack_publicize_feature_enabled":true,"jetpack_social_post_already_shared":false,"jetpack_social_options":{"image_generator_settings":{"template":"highway","default_image_id":0,"enabled":false},"version":2}},"categories":[1161,44,15],"tags":[588,3691,3690],"class_list":["post-15113","post","type-post","status-publish","format-standard","has-post-thumbnail","hentry","category-ciudadania","category-noticias-de-hoy","category-ultimas-noticias","tag-energia","tag-luz-solar","tag-uso-horarios"],"jetpack_publicize_connections":[],"jetpack_featured_media_url":"https:\/\/i0.wp.com\/miradordeatarfe.es\/wp-content\/uploads\/2017\/03\/4-horario.jpg?fit=649%2C366&ssl=1","jetpack_likes_enabled":true,"jetpack_sharing_enabled":true,"_links":{"self":[{"href":"https:\/\/miradordeatarfe.es\/index.php?rest_route=\/wp\/v2\/posts\/15113","targetHints":{"allow":["GET"]}}],"collection":[{"href":"https:\/\/miradordeatarfe.es\/index.php?rest_route=\/wp\/v2\/posts"}],"about":[{"href":"https:\/\/miradordeatarfe.es\/index.php?rest_route=\/wp\/v2\/types\/post"}],"author":[{"embeddable":true,"href":"https:\/\/miradordeatarfe.es\/index.php?rest_route=\/wp\/v2\/users\/1"}],"replies":[{"embeddable":true,"href":"https:\/\/miradordeatarfe.es\/index.php?rest_route=%2Fwp%2Fv2%2Fcomments&post=15113"}],"version-history":[{"count":1,"href":"https:\/\/miradordeatarfe.es\/index.php?rest_route=\/wp\/v2\/posts\/15113\/revisions"}],"predecessor-version":[{"id":15115,"href":"https:\/\/miradordeatarfe.es\/index.php?rest_route=\/wp\/v2\/posts\/15113\/revisions\/15115"}],"wp:featuredmedia":[{"embeddable":true,"href":"https:\/\/miradordeatarfe.es\/index.php?rest_route=\/wp\/v2\/media\/15114"}],"wp:attachment":[{"href":"https:\/\/miradordeatarfe.es\/index.php?rest_route=%2Fwp%2Fv2%2Fmedia&parent=15113"}],"wp:term":[{"taxonomy":"category","embeddable":true,"href":"https:\/\/miradordeatarfe.es\/index.php?rest_route=%2Fwp%2Fv2%2Fcategories&post=15113"},{"taxonomy":"post_tag","embeddable":true,"href":"https:\/\/miradordeatarfe.es\/index.php?rest_route=%2Fwp%2Fv2%2Ftags&post=15113"}],"curies":[{"name":"wp","href":"https:\/\/api.w.org\/{rel}","templated":true}]}}