{"id":15126,"date":"2017-03-25T10:27:26","date_gmt":"2017-03-25T09:27:26","guid":{"rendered":"http:\/\/miradordeatarfe.es\/?p=15126"},"modified":"2017-03-23T10:30:22","modified_gmt":"2017-03-23T09:30:22","slug":"el-parque-de-las-ciencias-y-la-noche-en-blanco","status":"publish","type":"post","link":"https:\/\/miradordeatarfe.es\/?p=15126","title":{"rendered":"EL PARQUE DE LAS CIENCIAS Y LA NOCHE EN BLANCO"},"content":{"rendered":"<p><strong>\u00a1Participamos en la Noche en Blanco de Granada!<!--more--><\/strong><br \/>\nVen y haz una visita nocturna a la exposici\u00f3n \u201cWOW. Maravillas de la vida salvaje\u201d con tus amigos.<br \/>\nHabr\u00e1 <strong>talleres, m\u00fasica y un espacio \u201cMute Disco\u201d<\/strong> con m\u00fasica silenciosa para los m\u00e1s bailones.<br \/>\nSe podr\u00e1n comprar bebidas y tentempi\u00e9s para tomar mientras disfrut\u00e1is de un ambiente agradable.<\/p>\n<p>\u2022 Fecha y hora: \u00a0\u00a0\u00a0\u00a0<strong>S\u00e1bado 25 de marzo de 20 h a 24 h<br \/>\n<\/strong>\u2022 Dirigido: \u00a0\u00a0\u00a0\u00a0\u00a0\u00a0\u00a0\u00a0\u00a0\u00a0\u00a0\u00a0<strong>Adultos y apto para p\u00fablico familiar<br \/>\n<\/strong><br \/>\n<strong>Actividad gratuita de entrada libre hasta completar aforo.<br \/>\nColaboran<\/strong>: Henry Vincent Kneuer, Isabel G\u00f3mez, Daniel Kelsan, Asociaci\u00f3n de Voluntarios del Parque de las Ciencias y Mute Disco.<\/p>\n<p>Toda la informaci\u00f3n con horarios y programa musical est\u00e1 disponible en: \u00a0<a href=\"http:\/\/www.parqueciencias.com\/parqueciencias\/actividades\/nocheenblanco.html\" target=\"_blank\" data-saferedirecturl=\"https:\/\/www.google.com\/url?hl=es&amp;q=http:\/\/www.parqueciencias.com\/parqueciencias\/actividades\/nocheenblanco.html&amp;source=gmail&amp;ust=1490347591781000&amp;usg=AFQjCNHJPQ3nTeAKKNyWSTXJrIMdOM_Vvw\">http:\/\/www.parqueciencias.com<wbr \/>\/parqueciencias\/actividades\/<wbr \/>nocheenblanco.html<\/a><\/p>\n<p><strong>Informaci\u00f3n importante:<br \/>\n<\/strong>\u2022 Las consumiciones NO son gratuitas.<br \/>\n\u2022 Abierto el aparcamiento del Edificio Macroscopio. Coste por hora: 1,20 \u20ac IVA incluido.<br \/>\n\u2022 La entrada se har\u00e1 por el Edifico Macroscopio en Avda. de la Ciencia s\/n.<\/p>\n<p>Os esperamos por el Museo este s\u00e1bado.<\/p>\n","protected":false},"excerpt":{"rendered":"<p>\u00a1Participamos en la Noche en Blanco de Granada!<\/p>\n","protected":false},"author":1,"featured_media":15127,"comment_status":"closed","ping_status":"closed","sticky":false,"template":"","format":"standard","meta":{"_coblocks_attr":"","_coblocks_dimensions":"","_coblocks_responsive_height":"","_coblocks_accordion_ie_support":"","jetpack_post_was_ever_published":false,"_jetpack_newsletter_access":"","_jetpack_dont_email_post_to_subs":false,"_jetpack_newsletter_tier_id":0,"_jetpack_memberships_contains_paywalled_content":false,"_jetpack_memberships_contains_paid_content":false,"footnotes":"","jetpack_publicize_message":"","jetpack_publicize_feature_enabled":true,"jetpack_social_post_already_shared":false,"jetpack_social_options":{"image_generator_settings":{"template":"highway","default_image_id":0,"enabled":false},"version":2}},"categories":[186,44,15],"tags":[3686,133],"class_list":["post-15126","post","type-post","status-publish","format-standard","has-post-thumbnail","hentry","category-instituciones","category-noticias-de-hoy","category-ultimas-noticias","tag-noche-en-blanco","tag-parque-de-las-ciencias"],"jetpack_publicize_connections":[],"jetpack_featured_media_url":"https:\/\/i0.wp.com\/miradordeatarfe.es\/wp-content\/uploads\/2017\/03\/collage-pc_xoptimizadax-ktHB-U204288477243AjH-575x323%40Ideal.jpg?fit=575%2C323&ssl=1","jetpack_likes_enabled":true,"jetpack_sharing_enabled":true,"_links":{"self":[{"href":"https:\/\/miradordeatarfe.es\/index.php?rest_route=\/wp\/v2\/posts\/15126","targetHints":{"allow":["GET"]}}],"collection":[{"href":"https:\/\/miradordeatarfe.es\/index.php?rest_route=\/wp\/v2\/posts"}],"about":[{"href":"https:\/\/miradordeatarfe.es\/index.php?rest_route=\/wp\/v2\/types\/post"}],"author":[{"embeddable":true,"href":"https:\/\/miradordeatarfe.es\/index.php?rest_route=\/wp\/v2\/users\/1"}],"replies":[{"embeddable":true,"href":"https:\/\/miradordeatarfe.es\/index.php?rest_route=%2Fwp%2Fv2%2Fcomments&post=15126"}],"version-history":[{"count":1,"href":"https:\/\/miradordeatarfe.es\/index.php?rest_route=\/wp\/v2\/posts\/15126\/revisions"}],"predecessor-version":[{"id":15128,"href":"https:\/\/miradordeatarfe.es\/index.php?rest_route=\/wp\/v2\/posts\/15126\/revisions\/15128"}],"wp:featuredmedia":[{"embeddable":true,"href":"https:\/\/miradordeatarfe.es\/index.php?rest_route=\/wp\/v2\/media\/15127"}],"wp:attachment":[{"href":"https:\/\/miradordeatarfe.es\/index.php?rest_route=%2Fwp%2Fv2%2Fmedia&parent=15126"}],"wp:term":[{"taxonomy":"category","embeddable":true,"href":"https:\/\/miradordeatarfe.es\/index.php?rest_route=%2Fwp%2Fv2%2Fcategories&post=15126"},{"taxonomy":"post_tag","embeddable":true,"href":"https:\/\/miradordeatarfe.es\/index.php?rest_route=%2Fwp%2Fv2%2Ftags&post=15126"}],"curies":[{"name":"wp","href":"https:\/\/api.w.org\/{rel}","templated":true}]}}