{"id":15131,"date":"2017-03-25T11:35:47","date_gmt":"2017-03-25T10:35:47","guid":{"rendered":"http:\/\/miradordeatarfe.es\/?p=15131"},"modified":"2019-12-28T12:46:43","modified_gmt":"2019-12-28T11:46:43","slug":"sierra-elvira-manantial-de-las-aguas-termales-por-jose-enrique-granados","status":"publish","type":"post","link":"https:\/\/miradordeatarfe.es\/?p=15131","title":{"rendered":"\u00abSIERRA ELVIRA: manantial de las aguas termales\u00bb por Jos\u00e9 Enrique Granados"},"content":{"rendered":"<p style=\"text-align: justify;\">En la memoria de quinquenio de las Aguas minero medicinales de Sierra Elvira, impreso en 1909 en la imprenta del Defensor de Granada, podemos leer:<!--more--><br \/>\n\u201c\u2026\u2026\u2026\u2026\u2026..A la izquierda del patio de ba\u00f1os se halla una escalera en caracol, que desciende hasta una peque\u00f1a galer\u00eda subterr\u00e1nea a tres metros de profundidad, donde antiguamente hubo una instalaci\u00f3n para ba\u00f1os y duchas, y de la cual quedan restos de construcci\u00f3n, que hoy no se utilizan por estar dispuestas las dem\u00e1s instalaciones e<span class=\"text_exposed_show\">n mejor disposici\u00f3n para ser utilizadas. La parte derecha de esta galer\u00eda abre paso a otra escalera, casi toda tallada en la roca y que desciende en l\u00ednea recta y en una profundidad total de diez metros hasta el pie del manantial.<\/span><\/p>\n<p style=\"text-align: justify;\"><span class=\"text_exposed_show\"> Este es una grande grieta de formaci\u00f3n natural, como una gran falla del terreno, y consta de dos partes principales: la primera, en donde se encuentra la dicha escalera y la segunda, o cueva del agua, en cuya depresi\u00f3n emerge. <\/span><\/p>\n<p style=\"text-align: justify;\"><span class=\"text_exposed_show\">En la primera, al terminar la bajada, puede verse una gruta natural de forma redondeada y de unos dos metros de alto y ancho, que serv\u00eda en los tiempos antiguos de cuarto de vestir y sudadero, porque se administraban los ba\u00f1os en el mismo manantial a la usanza arcaica de las primitivas edades; hoy, convenientemente iluminada, sirve para alojar un motor el\u00e9ctrico de diez y seis caballos de fuerza, utilizado para mover una centr\u00edfuga destinada a la elevaci\u00f3n del agua. <\/span><\/p>\n<p style=\"text-align: justify;\"><span class=\"text_exposed_show\">Esta magn\u00edfica m\u00e1quina construida por la Casa Sch\u00fctzemburger, se ha colocado a la entrada de la cueva del agua; es capaz de elevar hasta cuarenta mil litros de agua por hora a la altura de veintitr\u00e9s metros\u2026\u2026\u2026..\u201d<\/span><\/p>\n<div class=\"text_exposed_show\">\n<p style=\"text-align: justify;\">En la fotograf\u00eda de la \u00e9poca, manantial de las aguas termales.<\/p>\n<p style=\"text-align: justify;\">Curiosidades elvirenses.<\/p>\n<p style=\"text-align: justify;\"><a href=\"https:\/\/i0.wp.com\/miradordeatarfe.es\/wp-content\/uploads\/2017\/03\/17265142_1303121956440483_5854790155910148546_n.jpg?ssl=1\"><img data-recalc-dims=\"1\" loading=\"lazy\" decoding=\"async\" class=\"alignnone size-full wp-image-15132\" src=\"https:\/\/i0.wp.com\/miradordeatarfe.es\/wp-content\/uploads\/2017\/03\/17265142_1303121956440483_5854790155910148546_n.jpg?resize=376%2C711&#038;ssl=1\" alt=\"\" width=\"376\" height=\"711\" srcset=\"https:\/\/i0.wp.com\/miradordeatarfe.es\/wp-content\/uploads\/2017\/03\/17265142_1303121956440483_5854790155910148546_n.jpg?w=376&amp;ssl=1 376w, https:\/\/i0.wp.com\/miradordeatarfe.es\/wp-content\/uploads\/2017\/03\/17265142_1303121956440483_5854790155910148546_n.jpg?resize=159%2C300&amp;ssl=1 159w\" sizes=\"auto, (max-width: 376px) 100vw, 376px\" \/><\/a><\/p>\n<\/div>\n","protected":false},"excerpt":{"rendered":"<p>En la memoria de quinquenio de las Aguas minero medicinales de Sierra Elvira, impreso en&#8230;<\/p>\n","protected":false},"author":1,"featured_media":15133,"comment_status":"closed","ping_status":"closed","sticky":false,"template":"","format":"standard","meta":{"_coblocks_attr":"","_coblocks_dimensions":"","_coblocks_responsive_height":"","_coblocks_accordion_ie_support":"","jetpack_post_was_ever_published":false,"_jetpack_newsletter_access":"","_jetpack_dont_email_post_to_subs":false,"_jetpack_newsletter_tier_id":0,"_jetpack_memberships_contains_paywalled_content":false,"_jetpack_memberships_contains_paid_content":false,"footnotes":"","jetpack_publicize_message":"","jetpack_publicize_feature_enabled":true,"jetpack_social_post_already_shared":false,"jetpack_social_options":{"image_generator_settings":{"template":"highway","default_image_id":0,"enabled":false},"version":2}},"categories":[2,1225,186,38,44,15,10],"tags":[624,3693],"class_list":["post-15131","post","type-post","status-publish","format-standard","has-post-thumbnail","hentry","category-atarfe","category-ha-de-atarfe","category-instituciones","category-opinion-de-jose-enrique-granados","category-noticias-de-hoy","category-ultimas-noticias","category-salud","tag-banos-de-sierra-elvira","tag-manantiales"],"jetpack_publicize_connections":[],"jetpack_featured_media_url":"https:\/\/i0.wp.com\/miradordeatarfe.es\/wp-content\/uploads\/2017\/03\/AntiguoBalnearioSierraElvira1.jpg?fit=608%2C387&ssl=1","jetpack_likes_enabled":true,"jetpack_sharing_enabled":true,"_links":{"self":[{"href":"https:\/\/miradordeatarfe.es\/index.php?rest_route=\/wp\/v2\/posts\/15131","targetHints":{"allow":["GET"]}}],"collection":[{"href":"https:\/\/miradordeatarfe.es\/index.php?rest_route=\/wp\/v2\/posts"}],"about":[{"href":"https:\/\/miradordeatarfe.es\/index.php?rest_route=\/wp\/v2\/types\/post"}],"author":[{"embeddable":true,"href":"https:\/\/miradordeatarfe.es\/index.php?rest_route=\/wp\/v2\/users\/1"}],"replies":[{"embeddable":true,"href":"https:\/\/miradordeatarfe.es\/index.php?rest_route=%2Fwp%2Fv2%2Fcomments&post=15131"}],"version-history":[{"count":2,"href":"https:\/\/miradordeatarfe.es\/index.php?rest_route=\/wp\/v2\/posts\/15131\/revisions"}],"predecessor-version":[{"id":36431,"href":"https:\/\/miradordeatarfe.es\/index.php?rest_route=\/wp\/v2\/posts\/15131\/revisions\/36431"}],"wp:featuredmedia":[{"embeddable":true,"href":"https:\/\/miradordeatarfe.es\/index.php?rest_route=\/wp\/v2\/media\/15133"}],"wp:attachment":[{"href":"https:\/\/miradordeatarfe.es\/index.php?rest_route=%2Fwp%2Fv2%2Fmedia&parent=15131"}],"wp:term":[{"taxonomy":"category","embeddable":true,"href":"https:\/\/miradordeatarfe.es\/index.php?rest_route=%2Fwp%2Fv2%2Fcategories&post=15131"},{"taxonomy":"post_tag","embeddable":true,"href":"https:\/\/miradordeatarfe.es\/index.php?rest_route=%2Fwp%2Fv2%2Ftags&post=15131"}],"curies":[{"name":"wp","href":"https:\/\/api.w.org\/{rel}","templated":true}]}}