{"id":15135,"date":"2017-03-30T10:30:44","date_gmt":"2017-03-30T08:30:44","guid":{"rendered":"http:\/\/miradordeatarfe.es\/?p=15135"},"modified":"2019-12-28T12:46:25","modified_gmt":"2019-12-28T11:46:25","slug":"curiosidadses-elvirenses-por-jose-enrique-granados","status":"publish","type":"post","link":"https:\/\/miradordeatarfe.es\/?p=15135","title":{"rendered":"\u00abCuriosidadses elvirenses\u00bb por Jos\u00e9 Enrique Granados"},"content":{"rendered":"<p>Exponemos a continuaci\u00f3n diferentes gacetillas de inter\u00e9s Atarfe\u00f1o que Jose Enrique publica en su <a href=\"https:\/\/www.facebook.com\/Gacetilla-y-curiosidades-elvirenses-732817910137560\/\">\u00abGacetilla y curiosidades Elvirenses\u00bb<\/a><!--more--><\/p>\n<p><strong>CARRETERA DE CORDOBA<\/strong><\/p>\n<p><a href=\"https:\/\/i0.wp.com\/miradordeatarfe.es\/wp-content\/uploads\/2017\/03\/17309134_1305245709561441_6616918117652622319_n.jpg?ssl=1\"><img data-recalc-dims=\"1\" loading=\"lazy\" decoding=\"async\" class=\"alignnone size-full wp-image-15136\" src=\"https:\/\/i0.wp.com\/miradordeatarfe.es\/wp-content\/uploads\/2017\/03\/17309134_1305245709561441_6616918117652622319_n.jpg?resize=452%2C315&#038;ssl=1\" alt=\"\" width=\"452\" height=\"315\" srcset=\"https:\/\/i0.wp.com\/miradordeatarfe.es\/wp-content\/uploads\/2017\/03\/17309134_1305245709561441_6616918117652622319_n.jpg?w=452&amp;ssl=1 452w, https:\/\/i0.wp.com\/miradordeatarfe.es\/wp-content\/uploads\/2017\/03\/17309134_1305245709561441_6616918117652622319_n.jpg?resize=300%2C209&amp;ssl=1 300w\" sizes=\"auto, (max-width: 452px) 100vw, 452px\" \/><\/a><\/p>\n<p>Vista a\u00e9rea de otro rinc\u00f3n de nuestro pueblo que ha cambiado sustancialmente en estos a\u00f1os. Se trata del cruce de la carretera de C\u00f3rdoba con la de Santa fe, con las instalaciones de Los Morenos antes de la construcci\u00f3n de la nave que conocemos en la actualidad, en un primer t\u00e9rmino.<br \/>\nSon tambi\u00e9n perceptibles las ruinas de la alcoholera \u201cSanta Adelaida\u201d edificada en 1891. Esta f\u00e1brica reutilizaba las melazas de la f\u00e1brica de San Fernando. Hoy se encuentra totalmente destruid<span class=\"text_exposed_show\">a.<\/span><\/p>\n<div class=\"text_exposed_show\">\n<p>A la izquierda de la fachada, una hilera de motos nos trae a la mente el taller de reparaciones de \u201cEl Che\u201d.<\/p>\n<p><strong>CALLE REAL<\/strong><\/p>\n<p><a href=\"https:\/\/i0.wp.com\/miradordeatarfe.es\/wp-content\/uploads\/2017\/03\/17264456_1305234142895931_576814880111113975_n.jpg?ssl=1\"><img data-recalc-dims=\"1\" loading=\"lazy\" decoding=\"async\" class=\"alignnone size-full wp-image-15137\" src=\"https:\/\/i0.wp.com\/miradordeatarfe.es\/wp-content\/uploads\/2017\/03\/17264456_1305234142895931_576814880111113975_n.jpg?resize=480%2C348&#038;ssl=1\" alt=\"\" width=\"480\" height=\"348\" srcset=\"https:\/\/i0.wp.com\/miradordeatarfe.es\/wp-content\/uploads\/2017\/03\/17264456_1305234142895931_576814880111113975_n.jpg?w=480&amp;ssl=1 480w, https:\/\/i0.wp.com\/miradordeatarfe.es\/wp-content\/uploads\/2017\/03\/17264456_1305234142895931_576814880111113975_n.jpg?resize=300%2C218&amp;ssl=1 300w\" sizes=\"auto, (max-width: 480px) 100vw, 480px\" \/><\/a><\/p>\n<p>Curiosa e in\u00e9dita la fotograf\u00eda de la calle Real, finales de los a\u00f1os sesenta, principio de los setenta del siglo pasado, en donde contemplamos la intersecci\u00f3n de la calle Cedazos y calle de los Civiles con la arteria principal de nuestro pueblo. Los ra\u00edles del tranv\u00eda parecen ser el objetivo del objetivo\u2026\u2026<\/p>\n<p><strong>SIBONEY<\/strong><\/p>\n<p><a href=\"https:\/\/i0.wp.com\/miradordeatarfe.es\/wp-content\/uploads\/2017\/03\/17191960_1299361623483183_8213128764533902642_o.jpg?ssl=1\"><img data-recalc-dims=\"1\" loading=\"lazy\" decoding=\"async\" class=\"alignnone  wp-image-15138\" src=\"https:\/\/i0.wp.com\/miradordeatarfe.es\/wp-content\/uploads\/2017\/03\/17191960_1299361623483183_8213128764533902642_o.jpg?resize=550%2C382&#038;ssl=1\" alt=\"\" width=\"550\" height=\"382\" srcset=\"https:\/\/i0.wp.com\/miradordeatarfe.es\/wp-content\/uploads\/2017\/03\/17191960_1299361623483183_8213128764533902642_o.jpg?w=2048&amp;ssl=1 2048w, https:\/\/i0.wp.com\/miradordeatarfe.es\/wp-content\/uploads\/2017\/03\/17191960_1299361623483183_8213128764533902642_o.jpg?resize=300%2C208&amp;ssl=1 300w, https:\/\/i0.wp.com\/miradordeatarfe.es\/wp-content\/uploads\/2017\/03\/17191960_1299361623483183_8213128764533902642_o.jpg?resize=768%2C533&amp;ssl=1 768w, https:\/\/i0.wp.com\/miradordeatarfe.es\/wp-content\/uploads\/2017\/03\/17191960_1299361623483183_8213128764533902642_o.jpg?resize=1024%2C711&amp;ssl=1 1024w, https:\/\/i0.wp.com\/miradordeatarfe.es\/wp-content\/uploads\/2017\/03\/17191960_1299361623483183_8213128764533902642_o.jpg?resize=600%2C417&amp;ssl=1 600w, https:\/\/i0.wp.com\/miradordeatarfe.es\/wp-content\/uploads\/2017\/03\/17191960_1299361623483183_8213128764533902642_o.jpg?w=1280&amp;ssl=1 1280w, https:\/\/i0.wp.com\/miradordeatarfe.es\/wp-content\/uploads\/2017\/03\/17191960_1299361623483183_8213128764533902642_o.jpg?w=1920&amp;ssl=1 1920w\" sizes=\"auto, (max-width: 550px) 100vw, 550px\" \/><\/a><\/p>\n<\/div>\n<p>Siboney yo te quiero yo me muero por tu amor<br \/>\nSiboney al arrullo de la palma pienso en ti<br \/>\nVen a mi que te quiero y de todo tesoro eres tu para mi<br \/>\nSiboney al arrullo de la palma pienso en ti<br \/>\nSiboney de mi sue\u00f1o si no oyes la queja de mi voz<span class=\"text_exposed_show\"><br \/>\nSiboney si no vienes me morir\u00e9 de amor<br \/>\nSiboney de mis sue\u00f1os te espero con ansias en mi caney<br \/>\nSiboney si no vienes me morir\u00e9 de amor<br \/>\nOye el eco de mi canto de cristal<br \/>\nSiboney de mis sue\u00f1os te espero con ansias en mi caney<br \/>\nSiboney si no vienes me morir\u00e9 de amor<br \/>\nOye el eco de mi canto de cristal<br \/>\nNo te pierdas por entre el rudo Manigual <\/span><\/p>\n<div class=\"text_exposed_show\">\n<p>Siboney (Ernesto Lecuona, 1929)<\/p>\n<p>Orquesta Siboney en Casa Marino julio de 1996<\/p>\n<p>&nbsp;<\/p>\n<\/div>\n","protected":false},"excerpt":{"rendered":"<p>Exponemos a continuaci\u00f3n diferentes gacetillas de inter\u00e9s Atarfe\u00f1o que Jose Enrique publica en su \u00abGacetilla&#8230;<\/p>\n","protected":false},"author":1,"featured_media":0,"comment_status":"closed","ping_status":"closed","sticky":false,"template":"","format":"standard","meta":{"_coblocks_attr":"","_coblocks_dimensions":"","_coblocks_responsive_height":"","_coblocks_accordion_ie_support":"","jetpack_post_was_ever_published":false,"_jetpack_newsletter_access":"","_jetpack_dont_email_post_to_subs":false,"_jetpack_newsletter_tier_id":0,"_jetpack_memberships_contains_paywalled_content":false,"_jetpack_memberships_contains_paid_content":false,"footnotes":"","jetpack_publicize_message":"","jetpack_publicize_feature_enabled":true,"jetpack_social_post_already_shared":false,"jetpack_social_options":{"image_generator_settings":{"template":"highway","default_image_id":0,"enabled":false},"version":2}},"categories":[2,1225,186,38,44,15],"tags":[81,1125],"class_list":["post-15135","post","type-post","status-publish","format-standard","hentry","category-atarfe","category-ha-de-atarfe","category-instituciones","category-opinion-de-jose-enrique-granados","category-noticias-de-hoy","category-ultimas-noticias","tag-atarfe","tag-historia"],"jetpack_publicize_connections":[],"jetpack_featured_media_url":"","jetpack_likes_enabled":true,"jetpack_sharing_enabled":true,"_links":{"self":[{"href":"https:\/\/miradordeatarfe.es\/index.php?rest_route=\/wp\/v2\/posts\/15135","targetHints":{"allow":["GET"]}}],"collection":[{"href":"https:\/\/miradordeatarfe.es\/index.php?rest_route=\/wp\/v2\/posts"}],"about":[{"href":"https:\/\/miradordeatarfe.es\/index.php?rest_route=\/wp\/v2\/types\/post"}],"author":[{"embeddable":true,"href":"https:\/\/miradordeatarfe.es\/index.php?rest_route=\/wp\/v2\/users\/1"}],"replies":[{"embeddable":true,"href":"https:\/\/miradordeatarfe.es\/index.php?rest_route=%2Fwp%2Fv2%2Fcomments&post=15135"}],"version-history":[{"count":2,"href":"https:\/\/miradordeatarfe.es\/index.php?rest_route=\/wp\/v2\/posts\/15135\/revisions"}],"predecessor-version":[{"id":36430,"href":"https:\/\/miradordeatarfe.es\/index.php?rest_route=\/wp\/v2\/posts\/15135\/revisions\/36430"}],"wp:attachment":[{"href":"https:\/\/miradordeatarfe.es\/index.php?rest_route=%2Fwp%2Fv2%2Fmedia&parent=15135"}],"wp:term":[{"taxonomy":"category","embeddable":true,"href":"https:\/\/miradordeatarfe.es\/index.php?rest_route=%2Fwp%2Fv2%2Fcategories&post=15135"},{"taxonomy":"post_tag","embeddable":true,"href":"https:\/\/miradordeatarfe.es\/index.php?rest_route=%2Fwp%2Fv2%2Ftags&post=15135"}],"curies":[{"name":"wp","href":"https:\/\/api.w.org\/{rel}","templated":true}]}}