{"id":15223,"date":"2017-03-29T10:15:47","date_gmt":"2017-03-29T08:15:47","guid":{"rendered":"http:\/\/miradordeatarfe.es\/?p=15223"},"modified":"2017-03-29T10:13:18","modified_gmt":"2017-03-29T08:13:18","slug":"curso-de-monitor-ocupacional-y-deportivo-para-jovenes-desempleados","status":"publish","type":"post","link":"https:\/\/miradordeatarfe.es\/?p=15223","title":{"rendered":"DEPORTES: Curso de monitor ocupacional y deportivo para j\u00f3venes desempleados"},"content":{"rendered":"<div class=\"contenedor_textos_contenidos\">\n<p><span class=\"contenidos_subtitulo\">La formaci\u00f3n de inicia el 17 de abril pero los interesados, j\u00f3venes desempleados de entre 16 y 30 a\u00f1os, deben inscribirse antes del 5 de abril.<\/span><\/p>\n<div>\n<p><!--more--><\/p>\n<\/div>\n<div style=\"text-align: justify;\">El Ayuntamiento de Atarfe, a trav\u00e9s de la Sociedad Atarfe Ciudad Deportiva (Acidesa), organiza en abril un <strong>curso de monitor ocupacional y deportivo dirigido a j\u00f3venes desempleados<\/strong> de los municipios que forman parte del Consorcio Vega Sierra Elvira, con edades comprendidas entre los 16 y 30 a\u00f1os y a los que les guste la actividad f\u00edsica y el deporte.<\/div>\n<div style=\"text-align: justify;\"><\/div>\n<div style=\"text-align: justify;\">El curso, que forma parte del plan de formaci\u00f3n activa del Consorcio Vega Sierra Elvira, cuenta con un total de<strong> 15 plazas, se inicia el 17 de abril y finaliza un mes m\u00e1s tarde, el 17 de mayo<\/strong>. Consta de una duraci\u00f3n de 100 horas que se impartir\u00e1n de lunes a viernes en horario de 9:00 a 14 horas. Los interesados, adem\u00e1s de inscribirse antes del 31 de marzo, puedes asistir a la presentaci\u00f3n de curso de presentaci\u00f3n que tendr\u00e1 lugar <strong><u>el pr\u00f3ximo lunes 27 de marzo, a las 11.00 horas, en el Centro Cultural Medina Elvira<\/u><\/strong>.<\/div>\n<div style=\"text-align: justify;\"><\/div>\n<div style=\"text-align: justify;\"><strong><u>Las inscripciones deben presentarse en el registro del Ayuntamiento de Atarfe antes del 5 DE ABRIL<\/u><\/strong>, donde pueden solicitar un modelo espec\u00edfico a tal efecto, o bien descargar el archivo adjunto que se incluye a continuaci\u00f3n. Adem\u00e1s de rellenar la solicitud, el interesado debe entregar una fotocopia del DNI y de la tarjeta demandante de empleo, as\u00ed como el curriculum.<\/div>\n<\/div>\n<div style=\"text-align: justify;\"><\/div>\n<div style=\"text-align: justify;\">\n<div class=\"contenedor_contenidos_extra\">FICHEROS ADJUNTOS<\/p>\n<p><img data-recalc-dims=\"1\" decoding=\"async\" src=\"https:\/\/i0.wp.com\/www.ciudadatarfe.com\/imagenes\/pdf_fondogris.jpg?w=640\" align=\"absmiddle\" border=\"0\" \/><img data-recalc-dims=\"1\" loading=\"lazy\" decoding=\"async\" src=\"https:\/\/i0.wp.com\/www.ciudadatarfe.com\/imagenes\/espacio.gif?resize=8%2C18\" width=\"8\" height=\"18\" align=\"absmiddle\" border=\"0\" \/><a class=\"contenidos_extra_enlacesinteres_txt\" href=\"http:\/\/www.ciudadatarfe.com\/data\/ficherosadjuntos_contenidosweb\/contenidos_1691_1192_20170323114829.pdf\" target=\"_blank\">Solicitud de inscripci\u00f3n al curso de monitor deportivo<\/a><span class=\"contenidos_extra_enlacesinteres_url\"> [678,09 Kb] <\/span><br \/>\n<img data-recalc-dims=\"1\" loading=\"lazy\" decoding=\"async\" src=\"https:\/\/i0.wp.com\/www.ciudadatarfe.com\/imagenes\/espacio.gif?resize=1%2C5\" width=\"1\" height=\"5\" border=\"0\" \/><\/div>\n<\/div>\n<p style=\"text-align: justify;\"><a href=\"https:\/\/i0.wp.com\/miradordeatarfe.es\/wp-content\/uploads\/2017\/03\/769_702_20170323113439.jpg?ssl=1\"><img data-recalc-dims=\"1\" loading=\"lazy\" decoding=\"async\" class=\"alignnone size-full wp-image-15225\" src=\"https:\/\/i0.wp.com\/miradordeatarfe.es\/wp-content\/uploads\/2017\/03\/769_702_20170323113439.jpg?resize=400%2C565&#038;ssl=1\" alt=\"\" width=\"400\" height=\"565\" srcset=\"https:\/\/i0.wp.com\/miradordeatarfe.es\/wp-content\/uploads\/2017\/03\/769_702_20170323113439.jpg?w=400&amp;ssl=1 400w, https:\/\/i0.wp.com\/miradordeatarfe.es\/wp-content\/uploads\/2017\/03\/769_702_20170323113439.jpg?resize=212%2C300&amp;ssl=1 212w\" sizes=\"auto, (max-width: 400px) 100vw, 400px\" \/><\/a><\/p>\n<p>&nbsp;<\/p>\n","protected":false},"excerpt":{"rendered":"<p>La formaci\u00f3n de inicia el 17 de abril pero los interesados, j\u00f3venes desempleados de entre&#8230;<\/p>\n","protected":false},"author":1,"featured_media":15226,"comment_status":"closed","ping_status":"closed","sticky":false,"template":"","format":"standard","meta":{"_coblocks_attr":"","_coblocks_dimensions":"","_coblocks_responsive_height":"","_coblocks_accordion_ie_support":"","jetpack_post_was_ever_published":false,"_jetpack_newsletter_access":"","_jetpack_dont_email_post_to_subs":false,"_jetpack_newsletter_tier_id":0,"_jetpack_memberships_contains_paywalled_content":false,"_jetpack_memberships_contains_paid_content":false,"footnotes":"","jetpack_publicize_message":"","jetpack_publicize_feature_enabled":true,"jetpack_social_post_already_shared":false,"jetpack_social_options":{"image_generator_settings":{"template":"highway","default_image_id":0,"enabled":false},"version":2}},"categories":[2,1161,182,186,44,15],"tags":[76],"class_list":["post-15223","post","type-post","status-publish","format-standard","has-post-thumbnail","hentry","category-atarfe","category-ciudadania","category-deportes","category-instituciones","category-noticias-de-hoy","category-ultimas-noticias","tag-formacion"],"jetpack_publicize_connections":[],"jetpack_featured_media_url":"https:\/\/i0.wp.com\/miradordeatarfe.es\/wp-content\/uploads\/2017\/03\/1691_20170323121927_ft.jpg?fit=321%2C130&ssl=1","jetpack_likes_enabled":true,"jetpack_sharing_enabled":true,"_links":{"self":[{"href":"https:\/\/miradordeatarfe.es\/index.php?rest_route=\/wp\/v2\/posts\/15223","targetHints":{"allow":["GET"]}}],"collection":[{"href":"https:\/\/miradordeatarfe.es\/index.php?rest_route=\/wp\/v2\/posts"}],"about":[{"href":"https:\/\/miradordeatarfe.es\/index.php?rest_route=\/wp\/v2\/types\/post"}],"author":[{"embeddable":true,"href":"https:\/\/miradordeatarfe.es\/index.php?rest_route=\/wp\/v2\/users\/1"}],"replies":[{"embeddable":true,"href":"https:\/\/miradordeatarfe.es\/index.php?rest_route=%2Fwp%2Fv2%2Fcomments&post=15223"}],"version-history":[{"count":3,"href":"https:\/\/miradordeatarfe.es\/index.php?rest_route=\/wp\/v2\/posts\/15223\/revisions"}],"predecessor-version":[{"id":15231,"href":"https:\/\/miradordeatarfe.es\/index.php?rest_route=\/wp\/v2\/posts\/15223\/revisions\/15231"}],"wp:featuredmedia":[{"embeddable":true,"href":"https:\/\/miradordeatarfe.es\/index.php?rest_route=\/wp\/v2\/media\/15226"}],"wp:attachment":[{"href":"https:\/\/miradordeatarfe.es\/index.php?rest_route=%2Fwp%2Fv2%2Fmedia&parent=15223"}],"wp:term":[{"taxonomy":"category","embeddable":true,"href":"https:\/\/miradordeatarfe.es\/index.php?rest_route=%2Fwp%2Fv2%2Fcategories&post=15223"},{"taxonomy":"post_tag","embeddable":true,"href":"https:\/\/miradordeatarfe.es\/index.php?rest_route=%2Fwp%2Fv2%2Ftags&post=15223"}],"curies":[{"name":"wp","href":"https:\/\/api.w.org\/{rel}","templated":true}]}}