{"id":15229,"date":"2017-03-30T10:00:19","date_gmt":"2017-03-30T08:00:19","guid":{"rendered":"http:\/\/miradordeatarfe.es\/?p=15229"},"modified":"2017-03-30T10:22:08","modified_gmt":"2017-03-30T08:22:08","slug":"atarfe-curso-de-cajero-dirigido-a-personas-desempleadas","status":"publish","type":"post","link":"https:\/\/miradordeatarfe.es\/?p=15229","title":{"rendered":"ATARFE: Curso de cajero dirigido a personas desempleadas"},"content":{"rendered":"<div class=\"contenedor_textos_contenidos\"><span class=\"contenidos_titulo\"><br \/>\n<\/span><span class=\"contenidos_subtitulo\"><span class=\"contenidos_subtitulo\">La formaci\u00f3n arranca el 17 de abril para un m\u00e1ximo de 15 personas. El plazo de inscripci\u00f3n acaba el 5 de abril.\u00a0\u00a0La documentaci\u00f3n debe presentarse en el registro.<\/span><\/span><!--more--><\/p>\n<div>El Ayuntamiento de Atarfe organiza a mediados de abril un <strong>curso de cajero\/a dirigido a personas desempleadas<\/strong>.<\/div>\n<div><\/div>\n<div>El curso, que forma parte del programa de formaci\u00f3n del <strong>Consorcio Vega Sierra Elvira<\/strong>, cuenta con un total de <strong>15 plazas<\/strong> y se celebrar\u00e1 en el Centro de Educaci\u00f3n de Adultos a partir del 17 de abril. Tendr\u00e1 una duraci\u00f3n de 100 horas en horario de ma\u00f1ana, de 9:00 a 14:00 horas.<\/div>\n<div><\/div>\n<div><strong><u>El plazo de inscripci\u00f3n es del 27 de marzo al 5 de abril <\/u><\/strong>y habr\u00e1 que entregar, adem\u00e1s de la solicitud con los datos cumplimentados que se puede recoger en el Centro Cultural Medina Elvira o bien descargar el PDF que se adjunta m\u00e1s abajo, fotocopias del DNI y de la tarjeta de demandante de empleo y el curr\u00edculum personal. La documentaci\u00f3n debe entregarse en el registro municipal del Ayuntamiento de Atarfe.<\/div>\n<div><\/div>\n<div><strong>El pr\u00f3ximo lunes 27 de marzo, a las 11 horas, se informar\u00e1 en el Centro Cultural Medina Elvira de los detalles del curso<\/strong>.<\/div>\n<div><\/div>\n<div><img data-recalc-dims=\"1\" loading=\"lazy\" decoding=\"async\" src=\"https:\/\/i0.wp.com\/www.ciudadatarfe.com\/data\/fotos_contenidos_web\/1692_2016_20170324092526.jpg?resize=442%2C625\" width=\"442\" height=\"625\" border=\"0\" \/><\/div>\n<div><\/div>\n<div><\/div>\n<div><\/div>\n<div class=\"contenedor_contenidos_extra\">FICHEROS ADJUNTOS<\/p>\n<p><img data-recalc-dims=\"1\" decoding=\"async\" src=\"https:\/\/i0.wp.com\/www.ciudadatarfe.com\/imagenes\/pdf_fondogris.jpg?w=640\" align=\"absmiddle\" border=\"0\" \/><img data-recalc-dims=\"1\" loading=\"lazy\" decoding=\"async\" src=\"https:\/\/i0.wp.com\/www.ciudadatarfe.com\/imagenes\/espacio.gif?resize=8%2C18\" width=\"8\" height=\"18\" align=\"absmiddle\" border=\"0\" \/><a class=\"contenidos_extra_enlacesinteres_txt\" href=\"http:\/\/www.ciudadatarfe.com\/data\/ficherosadjuntos_contenidosweb\/contenidos_1692_1193_20170324103934.pdf\" target=\"_blank\">Solicitud de inscripci\u00f3n al curso de cajero<\/a><span class=\"contenidos_extra_enlacesinteres_url\"> [678,09 Kb] <\/span><br \/>\n<img data-recalc-dims=\"1\" loading=\"lazy\" decoding=\"async\" src=\"https:\/\/i0.wp.com\/www.ciudadatarfe.com\/imagenes\/espacio.gif?resize=1%2C5\" width=\"1\" height=\"5\" border=\"0\" \/><\/div>\n<\/div>\n<p>&nbsp;<\/p>\n","protected":false},"excerpt":{"rendered":"<p>La formaci\u00f3n arranca el 17 de abril para un m\u00e1ximo de 15 personas. El plazo&#8230;<\/p>\n","protected":false},"author":1,"featured_media":0,"comment_status":"closed","ping_status":"closed","sticky":false,"template":"","format":"standard","meta":{"_coblocks_attr":"","_coblocks_dimensions":"","_coblocks_responsive_height":"","_coblocks_accordion_ie_support":"","jetpack_post_was_ever_published":false,"_jetpack_newsletter_access":"","_jetpack_dont_email_post_to_subs":false,"_jetpack_newsletter_tier_id":0,"_jetpack_memberships_contains_paywalled_content":false,"_jetpack_memberships_contains_paid_content":false,"footnotes":"","jetpack_publicize_message":"","jetpack_publicize_feature_enabled":true,"jetpack_social_post_already_shared":false,"jetpack_social_options":{"image_generator_settings":{"template":"highway","default_image_id":0,"enabled":false},"version":2}},"categories":[2,187,186,44,15],"tags":[81,1798,76],"class_list":["post-15229","post","type-post","status-publish","format-standard","hentry","category-atarfe","category-centros-educativos","category-instituciones","category-noticias-de-hoy","category-ultimas-noticias","tag-atarfe","tag-curso","tag-formacion"],"jetpack_publicize_connections":[],"jetpack_featured_media_url":"","jetpack_likes_enabled":true,"jetpack_sharing_enabled":true,"_links":{"self":[{"href":"https:\/\/miradordeatarfe.es\/index.php?rest_route=\/wp\/v2\/posts\/15229","targetHints":{"allow":["GET"]}}],"collection":[{"href":"https:\/\/miradordeatarfe.es\/index.php?rest_route=\/wp\/v2\/posts"}],"about":[{"href":"https:\/\/miradordeatarfe.es\/index.php?rest_route=\/wp\/v2\/types\/post"}],"author":[{"embeddable":true,"href":"https:\/\/miradordeatarfe.es\/index.php?rest_route=\/wp\/v2\/users\/1"}],"replies":[{"embeddable":true,"href":"https:\/\/miradordeatarfe.es\/index.php?rest_route=%2Fwp%2Fv2%2Fcomments&post=15229"}],"version-history":[{"count":1,"href":"https:\/\/miradordeatarfe.es\/index.php?rest_route=\/wp\/v2\/posts\/15229\/revisions"}],"predecessor-version":[{"id":15230,"href":"https:\/\/miradordeatarfe.es\/index.php?rest_route=\/wp\/v2\/posts\/15229\/revisions\/15230"}],"wp:attachment":[{"href":"https:\/\/miradordeatarfe.es\/index.php?rest_route=%2Fwp%2Fv2%2Fmedia&parent=15229"}],"wp:term":[{"taxonomy":"category","embeddable":true,"href":"https:\/\/miradordeatarfe.es\/index.php?rest_route=%2Fwp%2Fv2%2Fcategories&post=15229"},{"taxonomy":"post_tag","embeddable":true,"href":"https:\/\/miradordeatarfe.es\/index.php?rest_route=%2Fwp%2Fv2%2Ftags&post=15229"}],"curies":[{"name":"wp","href":"https:\/\/api.w.org\/{rel}","templated":true}]}}