{"id":15232,"date":"2017-03-30T08:56:42","date_gmt":"2017-03-30T06:56:42","guid":{"rendered":"http:\/\/miradordeatarfe.es\/?p=15232"},"modified":"2017-03-29T11:40:44","modified_gmt":"2017-03-29T09:40:44","slug":"ayudas-para-un-curso-intensivo-de-inmersion-linguistica-en-ingles","status":"publish","type":"post","link":"https:\/\/miradordeatarfe.es\/?p=15232","title":{"rendered":"Ayudas para un curso intensivo de inmersi\u00f3n ling\u00fc\u00edstica en ingl\u00e9s."},"content":{"rendered":"<p><strong>Plazo de presentaci\u00f3n: <\/strong><em>ABIERTO<\/em> desde el 17 de marzo de 2017 hasta el 20 de abril de 2017 <!--more--><\/p>\n<div id=\"contenido\">\n<div id=\"info\">\n<div class=\"ficha\"><a class=\"boton\" title=\"Enlace externo, se abre en ventana nueva\" href=\"https:\/\/sede.educacion.gob.es\/tramite\/login\/inicio.jjsp?idConvocatoria=902\" rel=\"external\"><strong>Acceso al servicio online<\/strong><\/a><\/p>\n<div class=\"subseccion\">\n<h3 id=\"dg1\">Descripci\u00f3n<\/h3>\n<p>Los beneficiarios asistir\u00e1n a un curso organizado por empresas contratadas por este Ministerio, debiendo abonar una parte del coste.<\/p><\/div>\n<div class=\"subseccion\">\n<h3 id=\"dg3\">Destinatarios<\/h3>\n<p>Alumnos becarios que cumplan los requisitos establecidos.<\/p>\n<\/div>\n<div class=\"subseccion\">\n<h3 id=\"dg5\">Requisito<\/h3>\n<ul>\n<li>Haber nacido entre el 1 de enero de 1997 y el 31 de diciembre del 2000.<\/li>\n<li>Tener la condici\u00f3n de becario en el curso 2016\/17 de la convocatoria general de becas de este Ministerio conforme a la Resoluci\u00f3n de 11 de agosto de 2016 de la Secretar\u00eda de Estado de Educaci\u00f3n, Formaci\u00f3n Profesional y Universidades por la que se convocan becas para estudiantes que cursen estudios postobligatorios (BOE de 13 de agosto).<\/li>\n<li>Estar matriculado en el curso 2016\/17 en:\n<ul>\n<li>Bachillerato<\/li>\n<li>Ense\u00f1anzas profesionales de m\u00fasica y danza<\/li>\n<li>Grado medio de Formaci\u00f3n Profesional<\/li>\n<li>Grado medio de artes pl\u00e1sticas y dise\u00f1o<\/li>\n<li>Grado medio de ense\u00f1anzas deportivas<\/li>\n<li>Ense\u00f1anzas de idiomas de nivel intermedio o avanzado<\/li>\n<\/ul>\n<\/li>\n<li>Tener aprobado totalmente el curso inmediatamente anterior y haber obtenido en dicho curso una nota final m\u00ednima de 7,50 puntos en la asignatura de ingl\u00e9s.<\/li>\n<li>Tendr\u00e1n preferencia los solicitantes que hayan obtenido una puntuaci\u00f3n superior en la asignatura de ingl\u00e9s. A esta nota se sumar\u00e1n 1,5 puntos a los solicitantes de nueva adjudicaci\u00f3n.<\/li>\n<\/ul>\n<\/div>\n<div class=\"subseccion\">\n<h3 id=\"dg6\">Dotaci\u00f3n<\/h3>\n<p>La ayuda cubre todos los gastos de ense\u00f1anza, material, manutenci\u00f3n y alojamiento. El transporte hasta las instalaciones corre por cuenta del alumno que, asimismo, debe abonar 100 euros a la empresa.<\/p>\n<\/div>\n<div class=\"subseccion\">\n<h3 id=\"dg8\">M\u00e1s Informaci\u00f3n<\/h3>\n<ul>\n<li><a title=\"Enlace externo, se abre en ventana nueva\" href=\"http:\/\/www.pap.minhafp.gob.es\/bdnstrans\/GE\/es\/convocatoria\/335130\" rel=\"external\">Informaci\u00f3n en la Base de Datos Nacional de Subvenciones<\/a>\u00a0<img data-recalc-dims=\"1\" decoding=\"async\" src=\"https:\/\/i0.wp.com\/www.mecd.gob.es\/docroot\/fckeditor\/images\/smiley\/educacion-ico\/ico-bdns.gif?w=640\" alt=\"Base de datos nacionales\" \/><\/li>\n<\/ul>\n<\/div>\n<p>Informaci\u00f3n de la solicitud<\/p>\n<div class=\"subseccion\">\n<h3 id=\"ds1\">Plazo de presentaci\u00f3n<\/h3>\n<\/div>\n<div class=\"subseccion\">\n<h3 id=\"ds3\">Instrucciones<\/h3>\n<ul>\n<li>La solicitud se debe realizar a trav\u00e9s del bot\u00f3n \u00abAcceso al servicio online\u00bb que figura en la parte superior de esta p\u00e1gina. Tras cumplimentar sus datos, el solicitante obtendr\u00e1 una plantilla o certificado, que deber\u00e1 imprimir y presentar en su centro de estudios, para que este certifique los datos acad\u00e9micos necesarios para valorar su solicitud.<\/li>\n<li>Una vez obtenido este certificado, el solicitante lo escanear\u00e1 y lo adjuntar\u00e1 a trav\u00e9s de la aplicaci\u00f3n inform\u00e1tica que utiliz\u00f3 anteriormente. <strong>Solo entonces podr\u00e1 completar el proceso de presentaci\u00f3n de la solicitud.<\/strong><\/li>\n<\/ul>\n<p><strong>Por tanto, es muy importante que se inicien las gestiones con suficiente antelaci\u00f3n para completar todo el proceso antes de que finalice el plazo de presentaci\u00f3n. Asimismo, se deben leer cuidadosamente las instrucciones que figuran en el formulario de solicitud.<\/strong><\/p>\n<\/div>\n<h2 id=\"ic\" class=\"subrayado\">Contacto<\/h2>\n<p>Las consultas sobre el procedimiento pueden realizarse por cualquiera de los medios que se encuentran en la p\u00e1gina de <a href=\"http:\/\/www.mecd.gob.es\/servicios-al-ciudadano-mecd\/informacion-administrativa.html\">Informaci\u00f3n administrativa<\/a><\/p>\n<\/div>\n<\/div>\n<\/div>\n","protected":false},"excerpt":{"rendered":"<p>Plazo de presentaci\u00f3n: ABIERTO desde el 17 de marzo de 2017 hasta el 20 de&#8230;<\/p>\n","protected":false},"author":1,"featured_media":15233,"comment_status":"closed","ping_status":"closed","sticky":false,"template":"","format":"standard","meta":{"_coblocks_attr":"","_coblocks_dimensions":"","_coblocks_responsive_height":"","_coblocks_accordion_ie_support":"","jetpack_post_was_ever_published":false,"_jetpack_newsletter_access":"","_jetpack_dont_email_post_to_subs":false,"_jetpack_newsletter_tier_id":0,"_jetpack_memberships_contains_paywalled_content":false,"_jetpack_memberships_contains_paid_content":false,"footnotes":"","jetpack_publicize_message":"","jetpack_publicize_feature_enabled":true,"jetpack_social_post_already_shared":false,"jetpack_social_options":{"image_generator_settings":{"template":"highway","default_image_id":0,"enabled":false},"version":2}},"categories":[186,44,15],"tags":[892,2214],"class_list":["post-15232","post","type-post","status-publish","format-standard","has-post-thumbnail","hentry","category-instituciones","category-noticias-de-hoy","category-ultimas-noticias","tag-becas","tag-inmersion-linguistica"],"jetpack_publicize_connections":[],"jetpack_featured_media_url":"https:\/\/i0.wp.com\/miradordeatarfe.es\/wp-content\/uploads\/2017\/03\/summer.jpg?fit=270%2C216&ssl=1","jetpack_likes_enabled":true,"jetpack_sharing_enabled":true,"_links":{"self":[{"href":"https:\/\/miradordeatarfe.es\/index.php?rest_route=\/wp\/v2\/posts\/15232","targetHints":{"allow":["GET"]}}],"collection":[{"href":"https:\/\/miradordeatarfe.es\/index.php?rest_route=\/wp\/v2\/posts"}],"about":[{"href":"https:\/\/miradordeatarfe.es\/index.php?rest_route=\/wp\/v2\/types\/post"}],"author":[{"embeddable":true,"href":"https:\/\/miradordeatarfe.es\/index.php?rest_route=\/wp\/v2\/users\/1"}],"replies":[{"embeddable":true,"href":"https:\/\/miradordeatarfe.es\/index.php?rest_route=%2Fwp%2Fv2%2Fcomments&post=15232"}],"version-history":[{"count":1,"href":"https:\/\/miradordeatarfe.es\/index.php?rest_route=\/wp\/v2\/posts\/15232\/revisions"}],"predecessor-version":[{"id":15234,"href":"https:\/\/miradordeatarfe.es\/index.php?rest_route=\/wp\/v2\/posts\/15232\/revisions\/15234"}],"wp:featuredmedia":[{"embeddable":true,"href":"https:\/\/miradordeatarfe.es\/index.php?rest_route=\/wp\/v2\/media\/15233"}],"wp:attachment":[{"href":"https:\/\/miradordeatarfe.es\/index.php?rest_route=%2Fwp%2Fv2%2Fmedia&parent=15232"}],"wp:term":[{"taxonomy":"category","embeddable":true,"href":"https:\/\/miradordeatarfe.es\/index.php?rest_route=%2Fwp%2Fv2%2Fcategories&post=15232"},{"taxonomy":"post_tag","embeddable":true,"href":"https:\/\/miradordeatarfe.es\/index.php?rest_route=%2Fwp%2Fv2%2Ftags&post=15232"}],"curies":[{"name":"wp","href":"https:\/\/api.w.org\/{rel}","templated":true}]}}