{"id":15235,"date":"2017-03-28T14:20:50","date_gmt":"2017-03-28T12:20:50","guid":{"rendered":"http:\/\/miradordeatarfe.es\/?p=15235"},"modified":"2017-03-28T14:20:50","modified_gmt":"2017-03-28T12:20:50","slug":"atarfe-i-marcha-contra-el-cancer-2","status":"publish","type":"post","link":"https:\/\/miradordeatarfe.es\/?p=15235","title":{"rendered":"ATARFE: I MARCHA CONTRA EL CANCER"},"content":{"rendered":"<p>Os adjuntamos el recorrido de la I Marcha contra el C\u00e1ncer que se celebra el domingo 2 de abril en Atarfe y que tiene como protagonista a Inmaculada Jim\u00e9nez, una joven loje\u00f1a que desde octubre de 2015 lucha contra la enfermedad. <!--more--><\/p>\n<p>Esta marcha por las calles de Atarfe forma parte de su nuevo reto y cuenta con el apoyo del programa <a class=\"profileLink\" href=\"https:\/\/www.facebook.com\/GenteMaravillosaTV\/\" data-hovercard=\"\/ajax\/hovercard\/page.php?id=750821688398530\" data-hovercard-prefer-more-content-show=\"1\">Gente Maravillosa en Canal Sur<\/a>. \u00a1No la podemos dejar sola! Si quer\u00e9is participar, ten\u00e9is que inscribiros en el <a id=\"js_3et\" class=\"profileLink\" href=\"https:\/\/www.facebook.com\/CentroCulturalMedinaElvira\/\" data-hovercard=\"\/ajax\/hovercard\/page.php?id=579830115369795\" data-hovercard-prefer-more-content-show=\"1\">Centro Cultural Medina Elvira<\/a> o a trav\u00e9s del siguiente enlace en <a class=\"profileLink\" href=\"https:\/\/www.facebook.com\/Dorsalchip-309448772573385\/\" data-hovercard=\"\/ajax\/hovercard\/page.php?id=309448772573385\" data-hovercard-prefer-more-content-show=\"1\">Dorsalchip<\/a>: <a href=\"http:\/\/bit.ly\/2nvcJh0\" target=\"_blank\" rel=\"nofollow\">http:\/\/bit.ly\/2nvcJh0<\/a> El precio es de 5 euros.<\/p>\n<p><a href=\"https:\/\/i0.wp.com\/miradordeatarfe.es\/wp-content\/uploads\/2017\/03\/17554311_1377193722344494_2455190531694641807_n.jpg?ssl=1\"><img data-recalc-dims=\"1\" loading=\"lazy\" decoding=\"async\" class=\"alignnone size-full wp-image-15236\" src=\"https:\/\/i0.wp.com\/miradordeatarfe.es\/wp-content\/uploads\/2017\/03\/17554311_1377193722344494_2455190531694641807_n.jpg?resize=640%2C441&#038;ssl=1\" alt=\"\" width=\"640\" height=\"441\" srcset=\"https:\/\/i0.wp.com\/miradordeatarfe.es\/wp-content\/uploads\/2017\/03\/17554311_1377193722344494_2455190531694641807_n.jpg?w=960&amp;ssl=1 960w, https:\/\/i0.wp.com\/miradordeatarfe.es\/wp-content\/uploads\/2017\/03\/17554311_1377193722344494_2455190531694641807_n.jpg?resize=300%2C207&amp;ssl=1 300w, https:\/\/i0.wp.com\/miradordeatarfe.es\/wp-content\/uploads\/2017\/03\/17554311_1377193722344494_2455190531694641807_n.jpg?resize=768%2C530&amp;ssl=1 768w, https:\/\/i0.wp.com\/miradordeatarfe.es\/wp-content\/uploads\/2017\/03\/17554311_1377193722344494_2455190531694641807_n.jpg?resize=600%2C414&amp;ssl=1 600w\" sizes=\"auto, (max-width: 640px) 100vw, 640px\" \/><\/a><\/p>\n","protected":false},"excerpt":{"rendered":"<p>Os adjuntamos el recorrido de la I Marcha contra el C\u00e1ncer que se celebra el&#8230;<\/p>\n","protected":false},"author":1,"featured_media":14987,"comment_status":"closed","ping_status":"closed","sticky":false,"template":"","format":"standard","meta":{"_coblocks_attr":"","_coblocks_dimensions":"","_coblocks_responsive_height":"","_coblocks_accordion_ie_support":"","jetpack_post_was_ever_published":false,"_jetpack_newsletter_access":"","_jetpack_dont_email_post_to_subs":false,"_jetpack_newsletter_tier_id":0,"_jetpack_memberships_contains_paywalled_content":false,"_jetpack_memberships_contains_paid_content":false,"footnotes":"","jetpack_publicize_message":"","jetpack_publicize_feature_enabled":true,"jetpack_social_post_already_shared":false,"jetpack_social_options":{"image_generator_settings":{"template":"highway","default_image_id":0,"enabled":false},"version":2}},"categories":[2,1161,182,44,15,10],"tags":[277,123,1561],"class_list":["post-15235","post","type-post","status-publish","format-standard","has-post-thumbnail","hentry","category-atarfe","category-ciudadania","category-deportes","category-noticias-de-hoy","category-ultimas-noticias","category-salud","tag-cancer","tag-deportes","tag-marcha"],"jetpack_publicize_connections":[],"jetpack_featured_media_url":"https:\/\/i0.wp.com\/miradordeatarfe.es\/wp-content\/uploads\/2017\/03\/%C3%ADndice-6.jpg?fit=345%2C146&ssl=1","jetpack_likes_enabled":true,"jetpack_sharing_enabled":true,"_links":{"self":[{"href":"https:\/\/miradordeatarfe.es\/index.php?rest_route=\/wp\/v2\/posts\/15235","targetHints":{"allow":["GET"]}}],"collection":[{"href":"https:\/\/miradordeatarfe.es\/index.php?rest_route=\/wp\/v2\/posts"}],"about":[{"href":"https:\/\/miradordeatarfe.es\/index.php?rest_route=\/wp\/v2\/types\/post"}],"author":[{"embeddable":true,"href":"https:\/\/miradordeatarfe.es\/index.php?rest_route=\/wp\/v2\/users\/1"}],"replies":[{"embeddable":true,"href":"https:\/\/miradordeatarfe.es\/index.php?rest_route=%2Fwp%2Fv2%2Fcomments&post=15235"}],"version-history":[{"count":1,"href":"https:\/\/miradordeatarfe.es\/index.php?rest_route=\/wp\/v2\/posts\/15235\/revisions"}],"predecessor-version":[{"id":15237,"href":"https:\/\/miradordeatarfe.es\/index.php?rest_route=\/wp\/v2\/posts\/15235\/revisions\/15237"}],"wp:featuredmedia":[{"embeddable":true,"href":"https:\/\/miradordeatarfe.es\/index.php?rest_route=\/wp\/v2\/media\/14987"}],"wp:attachment":[{"href":"https:\/\/miradordeatarfe.es\/index.php?rest_route=%2Fwp%2Fv2%2Fmedia&parent=15235"}],"wp:term":[{"taxonomy":"category","embeddable":true,"href":"https:\/\/miradordeatarfe.es\/index.php?rest_route=%2Fwp%2Fv2%2Fcategories&post=15235"},{"taxonomy":"post_tag","embeddable":true,"href":"https:\/\/miradordeatarfe.es\/index.php?rest_route=%2Fwp%2Fv2%2Ftags&post=15235"}],"curies":[{"name":"wp","href":"https:\/\/api.w.org\/{rel}","templated":true}]}}