{"id":15238,"date":"2017-03-31T12:21:25","date_gmt":"2017-03-31T10:21:25","guid":{"rendered":"http:\/\/miradordeatarfe.es\/?p=15238"},"modified":"2017-03-29T10:14:12","modified_gmt":"2017-03-29T08:14:12","slug":"ies-iliberis-de-atarfe-concurso-literario-2017","status":"publish","type":"post","link":"https:\/\/miradordeatarfe.es\/?p=15238","title":{"rendered":"IES ILIBERIS DE ATARFE: Concurso Literario 2017"},"content":{"rendered":"<p>El Departamento de Lengua castellana y Literatura, en colaboraci\u00f3n con la AMPA, convoca el concurso literario del curso 2016-2017 de acuerdo con las siguientes bases:<!--more--><\/p>\n<ol>\n<li>\u00a0Podr\u00e1n participar todos los alumnos matriculados en el IES Il\u00edberis en este curso 2016-2017.<\/li>\n<li>\u00a0Se convocan dos modalidades: poes\u00eda (sin l\u00edmite de versos) y narrativa breve (la extensi\u00f3n m\u00e1xima ser\u00e1 de cinco folios a doble espacio).<\/li>\n<li>\u00a0Los trabajos se entregar\u00e1n impresos a los profesores de Lengua antes del d\u00eda 14 de abril de 2017. El original ir\u00e1 en un sobre cerrado, en cuyo exterior se indicar\u00e1 el seud\u00f3nimo elegido y la opci\u00f3n A o B a la que se presenta, seg\u00fan se explica a continuaci\u00f3n. En el interior de dicho sobre se incluir\u00e1 otro sobre m\u00e1s peque\u00f1o, cerrado, con los datos del concursante: nombre y curso en el que est\u00e1 matriculado.<\/li>\n<li>\u00a0Se entregar\u00e1n un primer y segundo premio en las modalidades de poes\u00eda y narrativa tanto en la opci\u00f3n A como en la B.\n<ol>\n<li>Opci\u00f3n A: 1\u00ba, 2\u00ba y 3\u00ba de ESO y PCPI.<\/li>\n<li>Opci\u00f3n B: 4\u00ba de ESO, 1\u00ba y 2\u00ba de Bachillerato y Ciclos Formativos.<\/li>\n<\/ol>\n<\/li>\n<li>El premio consistir\u00e1 en un cheque para canjear por libros o material escolar por valor de 50 euros para los primeros premios y de 25 euros para los segundos de cada modalidad.<\/li>\n<li>Los trabajos ser\u00e1n publicados en la p\u00e1gina web del IES Il\u00edberis.<\/li>\n<li>El fallo del jurado y la entrega de premios ser\u00e1n el d\u00eda 28 de abril<\/li>\n<\/ol>\n<p><a title=\"Relato ganador de Concursos de Terror\" href=\"http:\/\/iesiliberis.com\/ies\/images\/pdf\/varios\/RELATO-Ganador-del-Primer-concurso.pdf\" target=\"_blank\" rel=\"noopener noreferrer\">Aqu\u00ed puedes leer el relato de Mar\u00eda Sim\u00f3n (3\u00ba ESOC)3\u00ba ESOC)<\/a>, ganador del Concurso de Relatos de Terror que se realiz\u00f3 este curso en el primer trimestre<\/p>\n","protected":false},"excerpt":{"rendered":"<p>El Departamento de Lengua castellana y Literatura, en colaboraci\u00f3n con la AMPA, convoca el concurso&#8230;<\/p>\n","protected":false},"author":1,"featured_media":15239,"comment_status":"closed","ping_status":"closed","sticky":false,"template":"","format":"standard","meta":{"_coblocks_attr":"","_coblocks_dimensions":"","_coblocks_responsive_height":"","_coblocks_accordion_ie_support":"","jetpack_post_was_ever_published":false,"_jetpack_newsletter_access":"","_jetpack_dont_email_post_to_subs":false,"_jetpack_newsletter_tier_id":0,"_jetpack_memberships_contains_paywalled_content":false,"_jetpack_memberships_contains_paid_content":false,"footnotes":"","jetpack_publicize_message":"","jetpack_publicize_feature_enabled":true,"jetpack_social_post_already_shared":false,"jetpack_social_options":{"image_generator_settings":{"template":"highway","default_image_id":0,"enabled":false},"version":2}},"categories":[2,187,186,44,15],"tags":[3705,869],"class_list":["post-15238","post","type-post","status-publish","format-standard","has-post-thumbnail","hentry","category-atarfe","category-centros-educativos","category-instituciones","category-noticias-de-hoy","category-ultimas-noticias","tag-concurso-literario","tag-ies-iliberis"],"jetpack_publicize_connections":[],"jetpack_featured_media_url":"https:\/\/i0.wp.com\/miradordeatarfe.es\/wp-content\/uploads\/2017\/03\/%C3%ADndice-11.jpg?fit=225%2C225&ssl=1","jetpack_likes_enabled":true,"jetpack_sharing_enabled":true,"_links":{"self":[{"href":"https:\/\/miradordeatarfe.es\/index.php?rest_route=\/wp\/v2\/posts\/15238","targetHints":{"allow":["GET"]}}],"collection":[{"href":"https:\/\/miradordeatarfe.es\/index.php?rest_route=\/wp\/v2\/posts"}],"about":[{"href":"https:\/\/miradordeatarfe.es\/index.php?rest_route=\/wp\/v2\/types\/post"}],"author":[{"embeddable":true,"href":"https:\/\/miradordeatarfe.es\/index.php?rest_route=\/wp\/v2\/users\/1"}],"replies":[{"embeddable":true,"href":"https:\/\/miradordeatarfe.es\/index.php?rest_route=%2Fwp%2Fv2%2Fcomments&post=15238"}],"version-history":[{"count":1,"href":"https:\/\/miradordeatarfe.es\/index.php?rest_route=\/wp\/v2\/posts\/15238\/revisions"}],"predecessor-version":[{"id":15240,"href":"https:\/\/miradordeatarfe.es\/index.php?rest_route=\/wp\/v2\/posts\/15238\/revisions\/15240"}],"wp:featuredmedia":[{"embeddable":true,"href":"https:\/\/miradordeatarfe.es\/index.php?rest_route=\/wp\/v2\/media\/15239"}],"wp:attachment":[{"href":"https:\/\/miradordeatarfe.es\/index.php?rest_route=%2Fwp%2Fv2%2Fmedia&parent=15238"}],"wp:term":[{"taxonomy":"category","embeddable":true,"href":"https:\/\/miradordeatarfe.es\/index.php?rest_route=%2Fwp%2Fv2%2Fcategories&post=15238"},{"taxonomy":"post_tag","embeddable":true,"href":"https:\/\/miradordeatarfe.es\/index.php?rest_route=%2Fwp%2Fv2%2Ftags&post=15238"}],"curies":[{"name":"wp","href":"https:\/\/api.w.org\/{rel}","templated":true}]}}