{"id":15251,"date":"2017-03-31T06:22:12","date_gmt":"2017-03-31T04:22:12","guid":{"rendered":"http:\/\/miradordeatarfe.es\/?p=15251"},"modified":"2017-03-30T10:35:57","modified_gmt":"2017-03-30T08:35:57","slug":"el-presidente-de-ac-hotels-despedir-pagando-20-dias-por-ano-y-empezar-a-subcontratar-es-explotacion","status":"publish","type":"post","link":"https:\/\/miradordeatarfe.es\/?p=15251","title":{"rendered":"El presidente de AC Hotels: \u00abDespedir pagando 20 d\u00edas por a\u00f1o y empezar a subcontratar es explotaci\u00f3n\u00bb"},"content":{"rendered":"<p style=\"text-align: justify;\">El empresario hotelero Antonio Catal\u00e1n carga con dureza contra la reforma laboral del PP y contra sus colegas que \u00abno generan puestos de trabajo\u00bb sino que explotan a colectivos como el de las camareras de piso<!--more--><\/p>\n<p id=\"m21-20-22\" style=\"text-align: justify;\">El presidente de AC Hotels by Marriott, <b>Antonio Catal\u00e1n<\/b>, ha defendido este mi\u00e9rcoles que los hoteles cuenten con plantillas estables, asegurando que es de los que opinan que \u00abno vale todo\u00bb. Por ello, ha sostenido que <b>si hay que \u00abganar m\u00e1s a base de sacrificar al personal prefiero que ganemos menos\u00bb<\/b>.<\/p>\n<p>\u00abNuestro sector, hotelero, es de personas, no es tecnol\u00f3gico\u00bb, ha manifestado Catal\u00e1n durante su intervenci\u00f3n en el Foro Lidera M\u00e1laga, organizado por <i>diario Sur<\/i>.<\/p>\n<p id=\"m304-1-305\" style=\"text-align: justify;\">Los empresarios tienen la responsabilidad de generar \u00abm\u00e1s y mejor empleo\u00bb, seg\u00fan Catal\u00e1n, quien ha recalcado que<b> en su cadena hotelera \u00abtodo el mundo es fijo\u00bb, incluidas las camareras de piso<\/b>. En este punto, ha criticado la reforma laboral: \u00abno puede ser caf\u00e9 para todos\u00bb y ha puesto como ejemplo que este servicio se externalice, empeorando las condiciones de estas trabajadoras.<\/p>\n<p>\u00abNosotros no externalizamos los pisos. No se puede pagar tres o cuatro euros por habitaci\u00f3n; aceptar eso supone un deterioro del producto y de la imagen. Los listos de la pel\u00edcula siempre son los mismos\u00bb, ha opinado, y ha agregado que el diferencial de AC by Marriot son las personas, siendo clave la formaci\u00f3n.<\/p>\n<p id=\"m316-2-317\" class=\"quote\" style=\"text-align: justify;\">\u00abLos trabajadores han de estar bien pagados. Yo tengo trabajadores felices que no se quieren jubilar\u00bb, ha dicho<\/p>\n<p id=\"m310-2-311\" style=\"text-align: justify;\">De hecho, ha indicado que los trabajadores han de estar \u00abbien pagados\u00bb y ha puesto como ejemplo el AC by Marriot M\u00e1laga Palacio: \u00abtiene cuatro millones de euros de resultados; la gente est\u00e1 feliz, tenemos a gente que no se quiere ni jubilar\u00bb.<\/p>\n<h2 id=\"m329-4-330\" style=\"text-align: justify;\"><b>M\u00e1s empleo pero peor pagado<\/b><\/h2>\n<p id=\"m323-4-324\" style=\"text-align: justify;\">Catal\u00e1n, que fund\u00f3 la cadena NH Hoteles, ha apuntado que actualmente hay m\u00e1s empleo que en 2011, sin embargo, se paga menos que entonces debido a la reforma laboral: \u00ab<b>Si este pa\u00eds no chuta es porque los empresarios no generan puestos de trabajo\u00bb<\/b> y ha asegurado que si \u00e9l formara parte de la Administraci\u00f3n \u00abyo ser\u00eda mucho m\u00e1s exigente con los hoteles\u00bb, considerando que tienen que tener m\u00e1s nivel \u00abporque a\u00fan seguimos con una normativa de la \u00e9poca de Fraga\u00bb.<\/p>\n<p id=\"m341-6-342\" class=\"quote\" style=\"text-align: justify;\">\u00abLos votantes de Podemos son antisistema porque no encuentran otra salida\u00bb<\/p>\n<p id=\"m335-6-336\" style=\"text-align: justify;\">Ha aludido durante su intervenci\u00f3n a la situaci\u00f3n en Espa\u00f1a y al hecho de que el 30% por ciento de los votantes de Podemos sean universitarios: \u00abSon antisistema porque no encuentran una salida\u00bb. <b>\u00abNuestra responsabilidad es crear puestos de trabajo\u00bb, <\/b>ha remarcado, lamentando que los j\u00f3venes tengan \u00abun fraude mental acojonante\u00bb despu\u00e9s de acabar la carrera \u00ab<b>y estar tres a\u00f1os mandando curr\u00edculums para hacer pr\u00e1cticas por 600 euros\u00bb.<\/b><\/p>\n<h2 id=\"m353-8-354\" style=\"text-align: justify;\"><b>La reforma laboral genera explotaci\u00f3n<\/b><\/h2>\n<p id=\"m347-8-348\" style=\"text-align: justify;\"><b><\/b>Catal\u00e1n ha sido muy cr\u00edtico con la reforma laboral del Gobierno del PP: \u00abHoy puedo despedir pagando 20 d\u00edas por a\u00f1o y empezar a subcontratar. <b>Es lo que hacen los que explotan a las camareras de piso, y lo digo con todas las letras: explotan\u00bb<\/b>.<\/p>\n<p>A su juicio, otra de las peleas del sector es qui\u00e9n es el cliente, al que ha denominado \u00abel jefe\u00bb. La cadena tiene 110 millones de tarjetas de fidelizaci\u00f3n, 1,2 millones de empleados y es la quinta compa\u00f1\u00eda del mundo en ventas por Internet. Seg\u00fan este empresario, en un futuro s\u00f3lo habr\u00e1 cuatro grandes cadenas hoteleras.<\/p>\n<p>Ha dicho que Espa\u00f1a est\u00e1 en un momento \u00abfant\u00e1stico\u00bb, con unos competidores directos \u00aben guerra total y absoluta\u00bb, en referencia a pa\u00edses como Turqu\u00eda o Egipto, a los que ha dicho \u00ables queda un rato\u00bb de inestabilidad.<\/p>\n<p>Tambi\u00e9n se ha referido Catal\u00e1n a la comercializaci\u00f3n y a la importancia de la internacionalizaci\u00f3n, aunque sobre esto \u00faltimo ha apuntado que el empresario individual \u00aba no ser que ofrezca algo muy concreto, lo tiene muy complicado\u00bb.<\/p>\n<h2 id=\"m365-10-366\" style=\"text-align: justify;\"><b>Brexit y apartamentos<\/b><\/h2>\n<p id=\"m359-10-360\" style=\"text-align: justify;\">En su intervenci\u00f3n ha sido cuestionado por los efectos que tendr\u00e1 la salida de Reino Unido de la Uni\u00f3n Europea, el denominado Brexit. Se ha mostrado convencido de que los brit\u00e1nicos seguir\u00e1n viajando: \u00ab\u00bfD\u00f3nde van a ir de vacaciones? \u00bfVan a dejar de hacerlo porque les cuesta m\u00e1s?\u00bb.<\/p>\n<p>\u00abNo estamos encontrando ning\u00fan tipo de problema\u00bb, ha dicho, es m\u00e1s, ha informado de que su cadena est\u00e1 mirando la posibilidad de hacerse con alg\u00fan hotel en Londres, \u00abque es m\u00e1s f\u00e1cil que antes del Brexit\u00bb.<\/p>\n<p>Tambi\u00e9n ha aludido a los apartamentos tur\u00edsticos, que tienen otro perfil de cliente, y que, ha considerado, \u00abtienen que existir\u00bb. En este sentido ha aludido a que la compa\u00f1\u00eda de su hijo Ignacio Catal\u00e1n, Toc Hostels, ha visto \u00abuna casa en el centro de M\u00e1laga donde quiere hacer 350 o 400 camas\u00bb. \u00abHay turismo para todo, los apartamentos tur\u00edsticos no me parecen mal pero es que los hoteleros, tras los agricultores, somos los que m\u00e1s nos quejamos\u00bb, ha apostillado.<\/p>\n<p><a href=\"http:\/\/www.publico.es\/economia\/presidente-ac-hotels-despedir-pagando.html\">http:\/\/www.publico.es\/economia\/presidente-ac-hotels-despedir-pagando.html<\/a><\/p>\n","protected":false},"excerpt":{"rendered":"<p>El empresario hotelero Antonio Catal\u00e1n carga con dureza contra la reforma laboral del PP y&#8230;<\/p>\n","protected":false},"author":1,"featured_media":0,"comment_status":"closed","ping_status":"closed","sticky":false,"template":"","format":"standard","meta":{"_coblocks_attr":"","_coblocks_dimensions":"","_coblocks_responsive_height":"","_coblocks_accordion_ie_support":"","jetpack_post_was_ever_published":false,"_jetpack_newsletter_access":"","_jetpack_dont_email_post_to_subs":false,"_jetpack_newsletter_tier_id":0,"_jetpack_memberships_contains_paywalled_content":false,"_jetpack_memberships_contains_paid_content":false,"footnotes":"","jetpack_publicize_message":"","jetpack_publicize_feature_enabled":true,"jetpack_social_post_already_shared":false,"jetpack_social_options":{"image_generator_settings":{"template":"highway","default_image_id":0,"enabled":false},"version":2}},"categories":[186,9,44,15],"tags":[2700],"class_list":["post-15251","post","type-post","status-publish","format-standard","hentry","category-instituciones","category-medio-ambiente","category-noticias-de-hoy","category-ultimas-noticias","tag-hoteles"],"jetpack_publicize_connections":[],"jetpack_featured_media_url":"","jetpack_likes_enabled":true,"jetpack_sharing_enabled":true,"_links":{"self":[{"href":"https:\/\/miradordeatarfe.es\/index.php?rest_route=\/wp\/v2\/posts\/15251","targetHints":{"allow":["GET"]}}],"collection":[{"href":"https:\/\/miradordeatarfe.es\/index.php?rest_route=\/wp\/v2\/posts"}],"about":[{"href":"https:\/\/miradordeatarfe.es\/index.php?rest_route=\/wp\/v2\/types\/post"}],"author":[{"embeddable":true,"href":"https:\/\/miradordeatarfe.es\/index.php?rest_route=\/wp\/v2\/users\/1"}],"replies":[{"embeddable":true,"href":"https:\/\/miradordeatarfe.es\/index.php?rest_route=%2Fwp%2Fv2%2Fcomments&post=15251"}],"version-history":[{"count":1,"href":"https:\/\/miradordeatarfe.es\/index.php?rest_route=\/wp\/v2\/posts\/15251\/revisions"}],"predecessor-version":[{"id":15252,"href":"https:\/\/miradordeatarfe.es\/index.php?rest_route=\/wp\/v2\/posts\/15251\/revisions\/15252"}],"wp:attachment":[{"href":"https:\/\/miradordeatarfe.es\/index.php?rest_route=%2Fwp%2Fv2%2Fmedia&parent=15251"}],"wp:term":[{"taxonomy":"category","embeddable":true,"href":"https:\/\/miradordeatarfe.es\/index.php?rest_route=%2Fwp%2Fv2%2Fcategories&post=15251"},{"taxonomy":"post_tag","embeddable":true,"href":"https:\/\/miradordeatarfe.es\/index.php?rest_route=%2Fwp%2Fv2%2Ftags&post=15251"}],"curies":[{"name":"wp","href":"https:\/\/api.w.org\/{rel}","templated":true}]}}