{"id":15260,"date":"2017-03-30T07:36:45","date_gmt":"2017-03-30T05:36:45","guid":{"rendered":"http:\/\/miradordeatarfe.es\/?p=15260"},"modified":"2017-03-30T10:36:07","modified_gmt":"2017-03-30T08:36:07","slug":"la-pobreza-se-cronifica-y-se-extiende-en-la-sociedad-espanola","status":"publish","type":"post","link":"https:\/\/miradordeatarfe.es\/?p=15260","title":{"rendered":"La pobreza se cronifica y se extiende en la sociedad espa\u00f1ola"},"content":{"rendered":"<p>El Informe sobre el Estado Social de la Naci\u00f3n 2017 propone\u00a0derogar la reforma laboral; una renta m\u00ednima; atender a las 340.000 personas dependientes que no reciben atenci\u00f3n, y el rescate de los parados de m\u00e1s de dos a\u00f1os.<!--more--><\/p>\n<p id=\"m551-550-552\">El Informe sobre el Estado Social de la Naci\u00f3n 2017, elaborado por la Asociaci\u00f3n de Directoras y Gerentes de Servicios Sociales (asociaci\u00f3n encargada de proponer ideas y soluciones a la administraci\u00f3n y a las empresas del sector en materia de servicios sociales) advierte de una <b>\u00abextensi\u00f3n y persistencia\u00bb de la pobreza, precariedad, exclusi\u00f3n e incremento de desigualdades <\/b>en la sociedad espa\u00f1ola; y propone a los pol\u00edticos: <b>derogar la Reforma Laboral para acabar con la precariedad<\/b>; una renta m\u00ednima; atender a las 340.000 personas dependientes que no reciben atenci\u00f3n, y el rescate de los parados de m\u00e1s de dos a\u00f1os.<\/p>\n<p id=\"m556-1-557\">En cuanto a la <b>pobreza<\/b>, el estudio constata que esta \u00abse ha <b>instalado en la sociedad espa\u00f1ola,<\/b> afectando a personas y familias que cada vez ven m\u00e1s dif\u00edcil salir de su situaci\u00f3n\u00bb y alerta de la dificultad de las nuevas generaciones que nacen en un \u00e1mbito empobrecido de salir de esta situaci\u00f3n a lo largo de su vida.<\/p>\n<p id=\"m561-2-562\">En concreto, aporta datos como que casi <b>700.000 hogares (1,3 millones de personas) no tienen ning\u00fan ingreso<\/b>. Por ello, los autores del informe consideran imprescindible una regulaci\u00f3n estatal que garantice una renta b\u00e1sica no vinculada a procesos de inclusi\u00f3n.<\/p>\n<p>En Espa\u00f1a hay casi 700.000 hogares (1,3 millones de personas) que no tienen ning\u00fan ingreso<\/p>\n<p id=\"m571-4-572\">El paro de larga duraci\u00f3n que afecta a casi dos millones de espa\u00f1oles es la expresi\u00f3n m\u00e1s evidente de esta \u00abcronificaci\u00f3n\u00bb de la pobreza. Ante esta situaci\u00f3n, proponen a los <b>pol\u00edticos dise\u00f1ar un plan <\/b>que ofrezca a toda persona desempleada por un tiempo superior a dos a\u00f1os, un <b>empleo de al menos seis meses de duraci\u00f3n.<\/b><\/p>\n<p id=\"m576-5-577\">Asimismo, consideran <b>necesaria la derogaci\u00f3n de la Reforma Laboral.<\/b> El coordinador y redactor del informe, Gustavo Garc\u00eda Herrero, ha explicado que el precio de la recuperaci\u00f3n es que ha \u00abdejado sin futuro a la inmesa mayor\u00eda de la poblaci\u00f3n espa\u00f1ola\u00bb que tiene que conformarse con \u00absobrevivir\u00bb y no puede hacer proyectos vitales.<\/p>\n<p id=\"m581-6-582\">\u00abAhora que el Gobierno est\u00e1 tan preocupado por la natalidad, no hay medida <b>m\u00e1s importante que derogar la Reforma Laboral<\/b>, ser\u00eda la mejor medida para fomentar la natalidad\u00bb, ha precisado Garc\u00eda Herrero, que ha explicado c\u00f3mo la precariedad, causada por la inestabilidad en el empleo y los bajos salarios, provoca que 6 millones de personas est\u00e9n en permanente riesgo de caer en la pobreza ante cualquier posible \u00abvaiv\u00e9n\u00bb.<\/p>\n<p>El informe sugiere \u00a0la firma de un Pacto de Estado para atender a las casi 350.000 personas reconocidas como dependientes<\/p>\n<p id=\"m591-8-592\">Asimismo, el informe sugiere como medida para la generaci\u00f3n de empleo as\u00ed como para la <b>protecci\u00f3n social la firma de un Pacto de Estado <\/b>para atender a las casi 350.000 personas reconocidas como dependientes que no reciben atenci\u00f3n. Con esta medida, seg\u00fan se\u00f1alan, se generar\u00edan 90.000 empleos directos, con un incremento del gasto p\u00fablico de 1,5 millones de euros al a\u00f1o.<\/p>\n<p id=\"m596-9-597\">En cuanto a la exclusi\u00f3n social, los autores del estudio han precisado que hay que distinguirla de la pobreza pues en estos momentos hay m\u00e1s de <b>8 millones de trabajadores que viven bajo el umbral de la pobreza pero que no est\u00e1n excluidos.<\/b> Adem\u00e1s, han alertado de la soledad como la nueva forma de exclusi\u00f3n social, que lleva a muchas personas mayores a vivir en \u00absituaciones dram\u00e1ticas\u00bb.<\/p>\n<p id=\"m601-10-602\">Seg\u00fan ha advertido el redactor del cap\u00edtulo &#8216;Pobreza y Exclusi\u00f3n Social&#8217;, Luis Barriga, existe el <b>riesgo de caer en un proceso de \u00abespiral acelerada\u00bb<\/b> hacia la exclusi\u00f3n en los pr\u00f3ximos a\u00f1os si no se toman medidas para evitarlo; y ha alertado de la \u00abbomba de relojer\u00eda\u00bb que puede ser la exclusi\u00f3n y la situaci\u00f3n de los j\u00f3venes sin futuro.<\/p>\n<p id=\"m606-11-607\">Sobre las <b>desigualdades<\/b>, el informe precisa que estas no solo se est\u00e1n manteniendo tras la crisis sino que se <b>est\u00e1n incrementando<\/b> y recoge datos como que el 1% de la poblaci\u00f3n espa\u00f1ola con mayor patrimonio acaparaba en 2016 m\u00e1s de una cuarta parte de la riqueza del pa\u00eds, mientras que el 20% m\u00e1s pobre se quedaba con un 0,1%.<\/p>\n<p id=\"m611-12-612\">La Asociaci\u00f3n de Directoras y Gerentes de Servicios Sociales ha entregado el informe a los partidos pol\u00edticos de cara al <b>debate que tuvo lugar el mi\u00e9rcoles 22 de marzo en el Ateneo de Madrid <\/b>y en el que participar\u00e1n todos los Grupos Parlamentarios.<\/p>\n<p id=\"m616-13-617\">Tambi\u00e9n asistieron diversas organizaciones sindicales, sociales y profesionales. Se trata de la cuarta ocasi\u00f3n en la que se celebra este debate, que tiene como objetivo dar la r\u00e9plica al tradicional Debate sobre el Estado de la Naci\u00f3n<\/p>\n","protected":false},"excerpt":{"rendered":"<p>El Informe sobre el Estado Social de la Naci\u00f3n 2017 propone\u00a0derogar la reforma laboral; una&#8230;<\/p>\n","protected":false},"author":1,"featured_media":0,"comment_status":"closed","ping_status":"closed","sticky":false,"template":"","format":"standard","meta":{"_coblocks_attr":"","_coblocks_dimensions":"","_coblocks_responsive_height":"","_coblocks_accordion_ie_support":"","jetpack_post_was_ever_published":false,"_jetpack_newsletter_access":"","_jetpack_dont_email_post_to_subs":false,"_jetpack_newsletter_tier_id":0,"_jetpack_memberships_contains_paywalled_content":false,"_jetpack_memberships_contains_paid_content":false,"footnotes":"","jetpack_publicize_message":"","jetpack_publicize_feature_enabled":true,"jetpack_social_post_already_shared":false,"jetpack_social_options":{"image_generator_settings":{"template":"highway","default_image_id":0,"enabled":false},"version":2}},"categories":[1161,44,15],"tags":[49],"class_list":["post-15260","post","type-post","status-publish","format-standard","hentry","category-ciudadania","category-noticias-de-hoy","category-ultimas-noticias","tag-pobreza"],"jetpack_publicize_connections":[],"jetpack_featured_media_url":"","jetpack_likes_enabled":true,"jetpack_sharing_enabled":true,"_links":{"self":[{"href":"https:\/\/miradordeatarfe.es\/index.php?rest_route=\/wp\/v2\/posts\/15260","targetHints":{"allow":["GET"]}}],"collection":[{"href":"https:\/\/miradordeatarfe.es\/index.php?rest_route=\/wp\/v2\/posts"}],"about":[{"href":"https:\/\/miradordeatarfe.es\/index.php?rest_route=\/wp\/v2\/types\/post"}],"author":[{"embeddable":true,"href":"https:\/\/miradordeatarfe.es\/index.php?rest_route=\/wp\/v2\/users\/1"}],"replies":[{"embeddable":true,"href":"https:\/\/miradordeatarfe.es\/index.php?rest_route=%2Fwp%2Fv2%2Fcomments&post=15260"}],"version-history":[{"count":1,"href":"https:\/\/miradordeatarfe.es\/index.php?rest_route=\/wp\/v2\/posts\/15260\/revisions"}],"predecessor-version":[{"id":15261,"href":"https:\/\/miradordeatarfe.es\/index.php?rest_route=\/wp\/v2\/posts\/15260\/revisions\/15261"}],"wp:attachment":[{"href":"https:\/\/miradordeatarfe.es\/index.php?rest_route=%2Fwp%2Fv2%2Fmedia&parent=15260"}],"wp:term":[{"taxonomy":"category","embeddable":true,"href":"https:\/\/miradordeatarfe.es\/index.php?rest_route=%2Fwp%2Fv2%2Fcategories&post=15260"},{"taxonomy":"post_tag","embeddable":true,"href":"https:\/\/miradordeatarfe.es\/index.php?rest_route=%2Fwp%2Fv2%2Ftags&post=15260"}],"curies":[{"name":"wp","href":"https:\/\/api.w.org\/{rel}","templated":true}]}}