{"id":15274,"date":"2017-03-31T10:52:35","date_gmt":"2017-03-31T08:52:35","guid":{"rendered":"http:\/\/miradordeatarfe.es\/?p=15274"},"modified":"2017-03-30T10:56:15","modified_gmt":"2017-03-30T08:56:15","slug":"los-12-conciertos-gratis-en-calles-y-plazas-de-granada-para-esta-primavera-musical","status":"publish","type":"post","link":"https:\/\/miradordeatarfe.es\/?p=15274","title":{"rendered":"Los 12 conciertos gratis en calles y plazas de Granada para esta &#8216;Primavera Musical&#8217;"},"content":{"rendered":"<p style=\"text-align: justify;\">La iniciativa arranca este fin de semana y concluir\u00e1 el pr\u00f3ximo mes de julio, con artistas de diferentes g\u00e9neros y para todos los gustos<!--more-->El Ayuntamiento de Granada, en colaboraci\u00f3n con Cervezas Alhambra, ha presentado \u2018<span id=\"U213098774521ExD\">Primavera Musical\u2019<\/span> una iniciativa que arranca este s\u00e1bado en la Plaza del Carmen y que llevar\u00e1 conciertos gratuitos de todos los estilos a las principales plazas de la capital de abril hasta junio.<\/p>\n<section class=\"offset1 contenido\">\n<div id=\"ccronica\">\n<p style=\"text-align: justify;\">El alcalde de Granada, Francisco Cuenca sostiene que con esta oferta el Ayuntamiento de Granada da un paso m\u00e1s en su apuesta \u201cfirme y decidida\u201d por mantener \u201cviva\u201d la cultura musical de \u201cnuestra ciudad\u201d. \u201cEl objetivo es ofrecer a los granadinos cultura en la calle y actividades para que j\u00f3venes, no tan j\u00f3venes y familias disfruten de la m\u00fasica los fines de semana\u201d, ha explicado.<\/p>\n<p style=\"text-align: justify;\">Para Cuenca, Granada \u00abcamina con paso firme en su objetivo de convertirse en capital de la Cultura Europea en 2031, con propuestas cada vez m\u00e1s arriesgadas y novedosas, que est\u00e1n permitiendo\u00bb, seg\u00fan ha manifestado, que, \u201cen poco menos de diez meses, hayamos conseguido que Granada deje de ser la ciudad del botell\u00f3n y de las despedidas de soltero, para convertirse \u201cen una ciudad con iniciativas culturales de alta calidad\u201d.<\/p>\n<div id=\"layer-inpage\" style=\"text-align: justify;\" data-google-query-id=\"CNLh0Zrt_dICFQyiUQod9u0H6g\"><\/div>\n<div id=\"roba_cintillo\" style=\"text-align: justify;\">\u00a0<a href=\"https:\/\/i0.wp.com\/miradordeatarfe.es\/wp-content\/uploads\/2017\/03\/ahora-k90-U213098774521lZ-490x670%40Ideal.jpg?ssl=1\"><img data-recalc-dims=\"1\" loading=\"lazy\" decoding=\"async\" class=\" wp-image-15275 aligncenter\" src=\"https:\/\/i0.wp.com\/miradordeatarfe.es\/wp-content\/uploads\/2017\/03\/ahora-k90-U213098774521lZ-490x670%40Ideal.jpg?resize=576%2C791&#038;ssl=1\" alt=\"\" width=\"576\" height=\"791\" srcset=\"https:\/\/i0.wp.com\/miradordeatarfe.es\/wp-content\/uploads\/2017\/03\/ahora-k90-U213098774521lZ-490x670%40Ideal.jpg?w=488&amp;ssl=1 488w, https:\/\/i0.wp.com\/miradordeatarfe.es\/wp-content\/uploads\/2017\/03\/ahora-k90-U213098774521lZ-490x670%40Ideal.jpg?resize=219%2C300&amp;ssl=1 219w\" sizes=\"auto, (max-width: 576px) 100vw, 576px\" \/><\/a><\/div>\n<p class=\"compLadillo\" style=\"text-align: justify;\">Programaci\u00f3n<\/p>\n<p style=\"text-align: justify;\">\u2018Primavera musical\u2019 arranca este s\u00e1bado, d\u00eda 1 de abril, con una propuesta de jazz y swing a cargo del grupo <span id=\"U213098774521wiG\">\u2018Ool Ya Koo Big Band\u2019<\/span> en plaza del Carmen de las 20:00 horas hasta las 22.30, y contin\u00faa el 8 de abril con la actuaci\u00f3n de <span id=\"U213098774521jaE\">\u2018Otro golpe\u2019<\/span>, grupo de pop y rock, que actuar\u00e1, en esta ocasi\u00f3n, en la plaza de las Batallas.<\/p>\n<p style=\"text-align: justify;\">La programaci\u00f3n, tal y como ha explicado el m\u00e1ximo responsable municipal, se interrumpir\u00e1 entre el Domingo de Ramos y el de Resurrecci\u00f3n, para retomarse el s\u00e1bado, 22 de abril, de la mano de los componentes <span id=\"U213098774521b6G\">\u2018Tr\u00edo Selsebil\u2019 y la banda de m\u00fasica de Maracena\u2019<\/span> que llevar\u00e1 al Campo de la M\u00fasica un repertorio basado en composiciones cl\u00e1sicas.<\/p>\n<p style=\"text-align: justify;\">Cuenca ha especificado que la iniciativa se acercar\u00e1 a toda la ciudad con conciertos programados tambi\u00e9n en los barrios, entre los que ha destacado el previsto el viernes 12 de mayo, en el bulevar de la Encina, Chana, con un concierto de rock alternativo a cargo de <span id=\"U213098774521oGH\">Airissial+Sarajevo 84<\/span>, o el previsto en la plaza de San Miguel Bajo, el d\u00eda 3 de junio, con la actuaci\u00f3n de <span id=\"U213098774521aBI\">Sonora+Simpat\u00eda Latina<\/span>. En la Zona Norte, los amantes del rock duro y metal podr\u00e1n disfrutar el 9 de junio de la m\u00fasica de <span id=\"U213098774521GdF\">Perpetual night y de SardaijarZ<\/span> en el boulevard de Joaquina Eg\u00fcaras.<\/p>\n<p style=\"text-align: justify;\">Los <span id=\"U213098774521dED\">tr\u00edos Alberto Mart\u00edn y David Defries<\/span> cerrar\u00e1n la programaci\u00f3n musical de abril con un concierto de jazz en el Paseo del Sal\u00f3n. Mayo se iniciar\u00e1 con la actuaci\u00f3n del grupo de country flok <span id=\"U2130987745217CH\">\u2018Isa y Carlos Dingo con Coverdays\u2019<\/span>, en plaza Nuevo, continuar\u00e1 con <span id=\"U213098774521mvB\">los tr\u00edos Carlos Ligero y Las tres pesetas<\/span>, en plaza de Nueva, para concluir con <span id=\"U213098774521vcC\">Sorroche y El Estado y Doblas<\/span>, en Las Pasiegas.<\/p>\n<p style=\"text-align: justify;\">La m\u00fasica cl\u00e1sica volver\u00e1 dentro de \u2018Primavera musical\u2019 de la mano del <span id=\"U213098774521OwC\">cuarteto de clarinetes B\u00f3reas Ventus<\/span>, acompa\u00f1ados por un d\u00fao de flauta y piano, en la plaza de la Universidad. La iniciativa se clausurar\u00e1 con el concierto de rock fusi\u00f3n a cargo de <span id=\"U213098774521XNE\">Son de Nadie y Sonido Vegetal en el Paseo del Sal\u00f3n<\/span>.<\/p>\n<\/div>\n<\/section>\n<p>&nbsp;<\/p>\n","protected":false},"excerpt":{"rendered":"<p>La iniciativa arranca este fin de semana y concluir\u00e1 el pr\u00f3ximo mes de julio, con&#8230;<\/p>\n","protected":false},"author":1,"featured_media":15276,"comment_status":"closed","ping_status":"closed","sticky":false,"template":"","format":"standard","meta":{"_coblocks_attr":"","_coblocks_dimensions":"","_coblocks_responsive_height":"","_coblocks_accordion_ie_support":"","jetpack_post_was_ever_published":false,"_jetpack_newsletter_access":"","_jetpack_dont_email_post_to_subs":false,"_jetpack_newsletter_tier_id":0,"_jetpack_memberships_contains_paywalled_content":false,"_jetpack_memberships_contains_paid_content":false,"footnotes":"","jetpack_publicize_message":"","jetpack_publicize_feature_enabled":true,"jetpack_social_post_already_shared":false,"jetpack_social_options":{"image_generator_settings":{"template":"highway","default_image_id":0,"enabled":false},"version":2}},"categories":[12,1161,44,15],"tags":[1213,90,129],"class_list":["post-15274","post","type-post","status-publish","format-standard","has-post-thumbnail","hentry","category-cultura","category-ciudadania","category-noticias-de-hoy","category-ultimas-noticias","tag-concierto","tag-cultura","tag-granada"],"jetpack_publicize_connections":[],"jetpack_featured_media_url":"https:\/\/i0.wp.com\/miradordeatarfe.es\/wp-content\/uploads\/2017\/03\/fondo-musical-con-las-flores-de-la-primavera-53776726.jpg?fit=1300%2C958&ssl=1","jetpack_likes_enabled":true,"jetpack_sharing_enabled":true,"_links":{"self":[{"href":"https:\/\/miradordeatarfe.es\/index.php?rest_route=\/wp\/v2\/posts\/15274","targetHints":{"allow":["GET"]}}],"collection":[{"href":"https:\/\/miradordeatarfe.es\/index.php?rest_route=\/wp\/v2\/posts"}],"about":[{"href":"https:\/\/miradordeatarfe.es\/index.php?rest_route=\/wp\/v2\/types\/post"}],"author":[{"embeddable":true,"href":"https:\/\/miradordeatarfe.es\/index.php?rest_route=\/wp\/v2\/users\/1"}],"replies":[{"embeddable":true,"href":"https:\/\/miradordeatarfe.es\/index.php?rest_route=%2Fwp%2Fv2%2Fcomments&post=15274"}],"version-history":[{"count":1,"href":"https:\/\/miradordeatarfe.es\/index.php?rest_route=\/wp\/v2\/posts\/15274\/revisions"}],"predecessor-version":[{"id":15277,"href":"https:\/\/miradordeatarfe.es\/index.php?rest_route=\/wp\/v2\/posts\/15274\/revisions\/15277"}],"wp:featuredmedia":[{"embeddable":true,"href":"https:\/\/miradordeatarfe.es\/index.php?rest_route=\/wp\/v2\/media\/15276"}],"wp:attachment":[{"href":"https:\/\/miradordeatarfe.es\/index.php?rest_route=%2Fwp%2Fv2%2Fmedia&parent=15274"}],"wp:term":[{"taxonomy":"category","embeddable":true,"href":"https:\/\/miradordeatarfe.es\/index.php?rest_route=%2Fwp%2Fv2%2Fcategories&post=15274"},{"taxonomy":"post_tag","embeddable":true,"href":"https:\/\/miradordeatarfe.es\/index.php?rest_route=%2Fwp%2Fv2%2Ftags&post=15274"}],"curies":[{"name":"wp","href":"https:\/\/api.w.org\/{rel}","templated":true}]}}