{"id":15323,"date":"2017-04-08T08:51:14","date_gmt":"2017-04-08T06:51:14","guid":{"rendered":"http:\/\/miradordeatarfe.es\/?p=15323"},"modified":"2017-04-04T21:10:39","modified_gmt":"2017-04-04T19:10:39","slug":"tu-hijo-no-va-a-llegar-a-primera-dejalo-en-paz","status":"publish","type":"post","link":"https:\/\/miradordeatarfe.es\/?p=15323","title":{"rendered":"Tu hijo no va a llegar a Primera, d\u00e9jalo en paz"},"content":{"rendered":"<p class=\"articulo-subtitulo\" style=\"text-align: justify;\">Psic\u00f3logos y entrenadores explican que la insana competitividad fomentada por algunos padres provoca violencia en el f\u00fatbol infantil<!--more--><\/p>\n<div id=\"cuerpo_noticia\" class=\"articulo-cuerpo\">\n<p style=\"text-align: justify;\">Marco Gonz\u00e1lez tiene 20 a\u00f1os y desde hace tres meses es \u00e1rbitro de categor\u00edas inferiores de f\u00fatbol en Madrid. Lo primero que le llam\u00f3 la atenci\u00f3n en su proceso de aprendizaje fue el mensaje que muchos compa\u00f1eros, ya \u00e1rbitros, le trasladaron cuando \u00e9l estaba preparando el examen. \u201cPrep\u00e1rate para los insultos. Va en el sueldo\u201d. Marco se form\u00f3 como colegiado con este mantra de fondo.<\/p>\n<div id=\"elpais_gpt-INTEXT\" style=\"text-align: justify;\" data-google-query-id=\"CJmQhdvbg9MCFfEh0wodiQkLSA\"><\/div>\n<p style=\"text-align: justify;\">\u201cMe advirtieron de que ten\u00eda que estar preparado, pero en los primeros meses te toca arbitrar a ni\u00f1os de 6, 7 u 8 a\u00f1os. Y ah\u00ed, pensaba yo, no me van a insultar\u201d. Se equivocaba Marco. Y de su error cay\u00f3 la semana pasada arbitrando un Canillas contra Fundaci\u00f3n Rayo Vallecano de categor\u00eda prebenjam\u00edn madrile\u00f1a. Es decir, los jugadores ten\u00edan seis y siete a\u00f1os. \u201cB\u00e1sicamente son ni\u00f1os que corren detr\u00e1s de la pelota para aprender coordinaci\u00f3n y divertirse\u201d, explica Marco.<\/p>\n<div id=\"inread1\" style=\"text-align: justify;\" data-inread-tag=\"https:\/\/pubads.g.doubleclick.net\/gampad\/ads?sz=640x480|640x380&amp;iu=\/7811748\/elpais_web\/player_intext\/html5&amp;impl=s&amp;cust_params=CxSegments%3D%26pbskey%3Ddeporte_amateur_a%2cpsicologia_a%2cfutbol_a%2cviolencia_deportiva_a%2cbienestar_a%2cdeportes_a%2ceducacion_a%2cestilo_vida_a%2cciencia_a%2cactualidad_mamas_papas_a%2cfamilia_mamas_papas_a%2cmamas_papas_a%2c1490807893_138250%2carticuloportada%2cpbs0&amp;gdfp_req=1&amp;env=vp&amp;output=vast&amp;unviewed_position_start=1&amp;url=[referrer_url]&amp;description_url=[description_url]&amp;correlator=649842\" data-inread-width=\"640\" data-inread-height=\"360\" data-inread-transition-time=\"1\" data-inread-preload=\"false\" data-inread-debug=\"false\">\u00a0Cuando faltaban unos 10 minutos para el final del partido, Marco pit\u00f3 un penalti en contra del equipo local, el Canillas. \u201cHab\u00eda un grupo de padres detr\u00e1s de la porter\u00eda y, tras pitar el penalti, me empezaron a insultar\u201d. Era los padres de los ni\u00f1os de seis y siete a\u00f1os que estaban en el campo. \u201c\u00bfQu\u00e9 haces, \u00e1rbitro? \u00a1Hijo de puta! \u00a1Eres un mongolo! \u00a1Te mereces un bofet\u00f3n!\u201d. Las lindezas las recogi\u00f3 Marco en el acta tras el partido. \u201cLos \u00faltimos 10 minutos de partido, cada vez que me acercaba a esa porter\u00eda, me insultaban. Al escuchar los gritos, los ni\u00f1os del equipo local empezaron tambi\u00e9n a protestar; levantaban los brazos y se quejaban de todo. Hasta ese momento se hab\u00edan dedicado s\u00f3lo a jugar\u201d. \u00bfA qu\u00e9, si no, se puede dedicar un ni\u00f1o de seis a\u00f1os?<\/div>\n<p style=\"text-align: justify;\">Paco Paz es el presidente del Uni\u00f3n 2000 de Parla, un club con m\u00e1s de 300 ni\u00f1os repartidos en distintas categor\u00edas y equipos. Nos recibe en las instalaciones Alfredo Di St\u00e9fano de su ciudad, al sur de Madrid. De fondo, el equipo de categor\u00eda infantil (12 a\u00f1os) juega un partido. Es domingo por la ma\u00f1ana. Un grupo de padres, apoyado en la valla del campo, le grita al \u00e1rbitro: \u201c\u00a1Hay que moverse \u00e1rbitro! \u00a1Hay que correr!\u201d. Paco tuerce el gesto. Despu\u00e9s comenta: \u201cRaro es el fin de semana que no tienes un incidente. Y eso que nosotros lo controlamos. Estamos cuatro o cinco en la directiva y nos repartimos en los partidos para vigilar\u201d, dice Paco. \u201cLo m\u00e1s normal es que haya insultos, discusiones, amenazas, insultos al \u00e1rbitro&#8230; Yo es algo que no puedo comprender. Creo que hay mucho padre frustrado\u201d.<\/p>\n<p style=\"text-align: justify;\">A Marco, \u00e1rbitro madrile\u00f1o, unos padres le insultaron y le amenazaron la semana pasada por pitar un penalti en un partido de ni\u00f1os de seis a\u00f1os<\/p>\n<p style=\"text-align: justify;\">El hijo de Roberto Trujillo juega en un equipo de infantiles. Hoy, Roberto, ha venido a verlo. En el descanso del partido, nos atiende. \u201cHay padres que vienen con mucha tensi\u00f3n. Son pocos, pero los hay\u201d, explica desde la grada. \u201cHay padres que se toman en serio esto. Muy en serio. Y no ven esto como un <em>hobby<\/em> de su hijo, como una forma de divertirse, sino como si fueran profesionales. Y de ah\u00ed vienen muchos problemas\u201d. Despu\u00e9s a\u00f1ade, con rostro de asombro: \u201cEl otro d\u00eda dos padres casi se pegan en un partido de prebenjamines\u201d.<\/p>\n<p style=\"text-align: justify;\">Lo que Marco, Paco y Roberto describen es el clima que, demasiadas veces, se vive en los partidos de futbol base en Espa\u00f1a. Salta de vez en cuando la noticia cuando ese clima deviene en tornado, casi siempre en forma de v\u00eddeo viral. Ocurri\u00f3 <strong>hace dos semanas<\/strong> en Mallorca en una pelea entre padres de equipos de categor\u00eda infantil que acab\u00f3 en el cuartelillo de la Guardia Civil. Pero el problema tiene mucho m\u00e1s fondo. Un fondo que tiene que ver con ausencia de valores, clima de insana competitividad y proyecci\u00f3n de problemas adultos sobre ni\u00f1os que solo pretenden divertirse.<\/p>\n<h3 style=\"text-align: justify;\">Jugarse el Pichichi con seis a\u00f1os<\/h3>\n<p style=\"text-align: justify;\">Jos\u00e9 es un padre gallego que prefiere no decir en qu\u00e9 equipo juega su hijo. \u201cNo quiero l\u00edos con los otros padres\u201d, dice. Cuenta que se sorprendi\u00f3 el d\u00eda en el que su hijo, de siete a\u00f1os, le dijo que iba segundo en el Pichichi del campeonato, esto es, en la clasificaci\u00f3n de m\u00e1ximos goleadores. \u201cTienen siete a\u00f1os y les cuentan los goles y minutos que llevan. Puedes entrar en Internet y encontrar estos datos. Ahora, expl\u00edcale t\u00fa a m\u00ed hijo de siete a\u00f1os que, en el pr\u00f3ximo partido que tenga que elegir entre marcar o pasar a un compa\u00f1ero mejor situado, debe pasarla\u201d.<\/p>\n<p style=\"text-align: justify;\">\u00bfTiene sentido esta forma de competir en ni\u00f1os tan peque\u00f1os? \u201cObviamente\u00bb, prosigue Jos\u00e9, \u00abyo quiero que mis hijos deseen ganar, que jueguen y se entreguen para ganar. Pero no que entiendan que eso es lo m\u00e1s importante. Y mucho menos que su \u00e9xito personal es el objetivo\u201d.<\/p>\n<p style=\"text-align: justify;\">No solo son los goles. Jos\u00e9 Juan Carro, responsable del \u00c1rea T\u00e9cnica de Deportes del Ayuntamiento de Parla, explica que todav\u00eda quedan no pocos clubes que, en categor\u00edas de ni\u00f1os peque\u00f1os, no reparten minutos equitativamente, entregan el brazalete de capit\u00e1n a uno de los ni\u00f1os en lugar de rotarlo, fijan posiciones, contabilizan minutos y goles o publican clasificaciones y estad\u00edsticas en prensa o internet. \u201cEs una aberraci\u00f3n\u201d, comenta Jos\u00e9 Juan. \u201cEs lo contrario que se debe hacer para el desarrollo y la formaci\u00f3n de un ni\u00f1o peque\u00f1o. Por un lado, en la escuela, les est\u00e1n explicando unos valores y por otro, en el campo, les transmiten los opuestos\u201d.<\/p>\n<section id=\"sumario_2|foto\" class=\"sumario_foto centro\"><a name=\"sumario_2\"><\/a><\/p>\n<div class=\"sumario__interior\">\n<figure class=\"foto foto_w980\"><img data-recalc-dims=\"1\" loading=\"lazy\" decoding=\"async\" src=\"https:\/\/i0.wp.com\/ep01.epimg.net\/deportes\/imagenes\/2017\/03\/29\/actualidad\/1490807893_138250_1490808889_sumario_normal.jpg?resize=640%2C426\" srcset=\"\/\/ep01.epimg.net\/deportes\/imagenes\/2017\/03\/29\/actualidad\/1490807893_138250_1490808889_sumario_normal_recorte1.jpg 1960w, \/\/ep01.epimg.net\/deportes\/imagenes\/2017\/03\/29\/actualidad\/1490807893_138250_1490808889_sumario_normal_recorte2.jpg 720w, \/\/ep01.epimg.net\/deportes\/imagenes\/2017\/03\/29\/actualidad\/1490807893_138250_1490808889_sumario_normal.jpg 980w\" alt=\"Un grupo de padres asiste a un partido de sus hijos en el sur de Madrid.\" width=\"640\" height=\"426\" \/><figcaption class=\"foto-pie\"><span class=\"foto-texto\">Un grupo de padres asiste a un partido de sus hijos en el sur de Madrid.<\/span> <span class=\"foto-firma\"><span class=\"foto-autor\">V\u00cdCTOR SAINZ<\/span><\/span><\/figcaption><\/figure>\n<div class=\"sumario-texto\">\u00a0Paco Paz, presidente del Uni\u00f3n 2000, cuenta que, hace unas pocas semanas, descubri\u00f3 algo muy significativo en la categor\u00eda <em>chupetes.<\/em> \u201cEs la anterior a prebenjamines, la m\u00e1s peque\u00f1a, ni\u00f1os de 5 y 6 a\u00f1os. En esta categor\u00eda no hay clasificaci\u00f3n, solo juegan partidos sin sumar puntos. Pero descubr\u00ed que un grupo de padres llevaba por su cuenta una clasificaci\u00f3n, con puntos y goles. De ni\u00f1os de 6 a\u00f1os\u201d.<\/div>\n<\/div>\n<\/section>\n<p style=\"text-align: justify;\">Guillermo Calvo forma parte de la Escuela Deporte y Crecimiento Personal (Escuela DCP) y es coautor, junto a David Garc\u00eda, del libro <em>Deportes y Valores<\/em>. \u201cHay clubes y padres que demuestran una total falta de empat\u00eda con los ni\u00f1os. Proyectan valores adultos a un juego llevado a cabo por ni\u00f1os. Trasladan cosas propias de Primera Divisi\u00f3n a un torneo de ni\u00f1os de ocho a\u00f1os. En definitiva: le dan importancia a cosas que los propios ni\u00f1os no le dan\u201d.<\/p>\n<p style=\"text-align: justify;\">Una de las consecuencias de este comportamiento es un clima de tensi\u00f3n, en ocasiones de violencia, en los partidos. Muy visible en las \u00faltimas semanas, pero que lleva existiendo desde el origen de los torneos de f\u00fatbol base en Espa\u00f1a. El foco, sobre todo, se ha puesto en los padres, responsables \u00faltimos y ejemplos vitales para los cr\u00edos.<\/p>\n<p style=\"text-align: justify;\">\u201cLos padres no pueden ser instigadores de esta competitividad, de esta presi\u00f3n. No pueden alimentar este clima violento\u201d. Lo dice Quique Hermo, psic\u00f3logo deportivo.<\/p>\n<p style=\"text-align: justify;\">\u201cEsta competitividad mal entendida en ni\u00f1os es uno de los factores que explican la violencia. Tambi\u00e9n la f\u00edsica\u201d. Toma la palabra David Garc\u00eda, coautor del libro \u2018Deporte y Valores\u2019. \u201cEl f\u00fatbol en s\u00ed no es bueno ni malo, son los padres y entrenadores los que pueden convertirlo en una cosa o la otra\u201d.<\/p>\n<h3 style=\"text-align: justify;\">No quiero ser como Beckham<\/h3>\n<p style=\"text-align: justify;\">Cuenta Jos\u00e9, el padre gallego, que el otro d\u00eda estaba en un partido de su hijo de siete a\u00f1os cuando, al poco de comenzar el encuentro, el entrenador local insult\u00f3 al \u00e1rbitro. \u201cDelante de los ni\u00f1os, claro. De sus propios jugadores\u201d, recalca. El colegiado lo expuls\u00f3 con tarjeta roja. \u201cAh\u00ed se quedaron los ni\u00f1os, en el banquillo, solos. Tuvo que ir un padre a sentarse con ellos el resto del partido\u201d. A Jos\u00e9 le entra la risa, una risa que condensa el absurdo de la escena.<\/p>\n<p style=\"text-align: justify;\">\u201cNi entrenadores ni padres pueden proyectar su competitividad -muchas veces frustrada- en partidos de ni\u00f1os peque\u00f1os. Porque los perjudicados son los ni\u00f1os\u201d, retoma Jos\u00e9 Juan Carro, del Ayuntamiento de Parla. Y toca un punto clave de este asunto: la actitud de los adultos no les perjudica a s\u00ed mismos, perjudica a los ni\u00f1os.<\/p>\n<p style=\"text-align: justify;\">\u201cLos chavales son los afectados, sin ninguna duda\u201d, dice Paco Paz, presidente del Uni\u00f3n 2000. \u201cVemos no pocas veces a ni\u00f1os de 10 a\u00f1os salir llorando del partido por los gritos del padre o por insultos. \u00bfVer as\u00ed a su hijo no es frustrante para ese padre? \u00bfDe verdad le frustra m\u00e1s que pierda un partido?\u201d, se pregunta Paco.<\/p>\n<section id=\"sumario_3|html\" class=\"sumario_html derecha\">\n<div class=\"sumario__interior\">\n<div class=\"sumario-texto\">\n<p class=\"texto_grande\">\u00abHay clubes y padres que demuestran una total falta de empat\u00eda con los ni\u00f1os. Proyectan valores adultos a un juego llevado a cabo por ni\u00f1os. Trasladan cosas propias de Primera Divisi\u00f3n a un torneo de ni\u00f1os de ocho a\u00f1os\u00bb<\/p>\n<\/div>\n<\/div>\n<\/section>\n<p style=\"text-align: justify;\">El sufrimiento de los m\u00e1s peque\u00f1os suele desembocar, en el mejor de los casos, en el abandono del f\u00fatbol. Se llama<em>\u00a0s\u00edndrome del quemado\u00a0<\/em>y lo explica David Garc\u00eda. \u201cLos chavales se cansan de competir. Han ido en busca de diversi\u00f3n y se han encontrado presi\u00f3n. Y muchas veces no pueden dejarlo porque tienen miedo a decepcionar al padre o al entrenador\u201d.<\/p>\n<p style=\"text-align: justify;\">Tal vez estar\u00eda bien que los padres tuvieran en mente ciertas estad\u00edsticas. Una de ellas se\u00f1ala que, en Espa\u00f1a, cada a\u00f1o, compiten aproximadamente 100.000 futbolistas juveniles federados. Si tenemos en cuenta que en nuestro pa\u00eds existen unos 2.500 futbolistas profesionales y que la vida media de un futbolista profesional es de cinco a\u00f1os, la probabilidades de que un juvenil llegue a profesional se reducen a un 1%. Si partimos desde infantiles, cadetes o alevines, las probabilidades decrecen.<\/p>\n<p style=\"text-align: justify;\">Llegar a ser futbolista profesional no significa, necesariamente, llegar a Primera o Segunda Divisi\u00f3n. En estas dos categor\u00edas de \u00e9lite juegan, aproximadamente, unos mil futbolistas espa\u00f1oles. Tomando de nuevo cinco a\u00f1os como carrera futbol\u00edstica media, las probabilidades de que nuestro hijo debute en Segunda o en Primera se reducen a un 0,4%.<\/p>\n<p style=\"text-align: justify;\">A ver si as\u00ed, dice Jos\u00e9, el padre gallego, el mensaje queda claro: \u201cGana el que mejor se lo pasa\u201d.<\/p>\n<h3 style=\"text-align: justify;\">Lidiar con la violencia<\/h3>\n<p style=\"text-align: justify;\">La consecuencia m\u00e1s absurda de este clima adopta forma de pelea y, cuando estalla, tiene dif\u00edcil soluci\u00f3n. Ni federaciones ni clubes tienen potestad para clausurar campos ni para sancionar a padres sin perjudicar al ni\u00f1o.<\/p>\n<p style=\"text-align: justify;\">Manuel Bosch es el secretario general de la<strong> Federaci\u00f3n de F\u00fatbol de Baleares<\/strong>, lugar donde se produjo una de las \u00faltimas y m\u00e1s graves peleas entre padres en un partido de infantiles. \u201cTanto federaciones como clubes tenemos las manos un poco atadas\u201d, explica. \u201cLos campos son municipales, por lo que no se pueden cerrar. Tampoco podemos castigar a un padre sin ir a partidos o entrenamientos porque su hijo es menor, y no podemos prohibir acceder al padre a un lugar en el que est\u00e1 el chico\u201d.<\/p>\n<section id=\"sumario_4|foto\" class=\"sumario_foto centro\"><a name=\"sumario_4\"><\/a><\/p>\n<div class=\"sumario__interior\">\n<figure class=\"foto foto_w980\"><img data-recalc-dims=\"1\" loading=\"lazy\" decoding=\"async\" src=\"https:\/\/i0.wp.com\/ep01.epimg.net\/deportes\/imagenes\/2017\/03\/29\/actualidad\/1490807893_138250_1490809125_sumario_normal.jpg?resize=640%2C426\" srcset=\"\/\/ep01.epimg.net\/deportes\/imagenes\/2017\/03\/29\/actualidad\/1490807893_138250_1490809125_sumario_normal_recorte1.jpg 1960w, \/\/ep01.epimg.net\/deportes\/imagenes\/2017\/03\/29\/actualidad\/1490807893_138250_1490809125_sumario_normal_recorte2.jpg 720w, \/\/ep01.epimg.net\/deportes\/imagenes\/2017\/03\/29\/actualidad\/1490807893_138250_1490809125_sumario_normal.jpg 980w\" alt=\"Marco Gonz\u00e1lez recibi\u00f3 insultos y amenazas por parte de un grupo de padres tras pitar un penalti en un partido de prebenjamines.\" width=\"640\" height=\"426\" \/><figcaption class=\"foto-pie\"><span class=\"foto-texto\">Marco Gonz\u00e1lez recibi\u00f3 insultos y amenazas por parte de un grupo de padres tras pitar un penalti en un partido de prebenjamines.<\/span> <span class=\"foto-firma\"><span class=\"foto-autor\">CLAUDIO \u00c1LVAREZ<\/span><\/span><\/figcaption><\/figure>\n<div class=\"sumario-texto\"><\/div>\n<\/div>\n<\/section>\n<p style=\"text-align: justify;\">De modo que, en la mayor\u00eda de los casos, lo que hacen clubes y federaciones es denunciar a la justicia ordinaria, que impone multas y s\u00ed puede prohibir el acceso a recintos deportivos. La otra opci\u00f3n es expulsar a los ni\u00f1os del equipo, para librarse de paso de los padres violentos.<\/p>\n<p style=\"text-align: justify;\">\u201cEn todos los casos -retoma Bosch- el chaval es el perjudicado\u201d. Paco Paz a\u00f1ade: \u201cHay clubes, como el nuestro, que tienen reglamentos internos. Nosotros castigamos a los padres que se comportan mal sin acceder al campo, pero tienen que aceptarlo ellos. No podemos obligarles\u201d.<\/p>\n<p style=\"text-align: justify;\">As\u00ed pues, la prevenci\u00f3n se dibuja como la \u00fanica soluci\u00f3n. Y la prevenci\u00f3n pasa por formaci\u00f3n y comunicaci\u00f3n entre entidades y padres.<\/p>\n<p style=\"text-align: justify;\">\u201cSe deber\u00eda implementar en todos los clubs una cultura educativa y deportiva que englobe a todos los participantes en el desarrollo de la competici\u00f3n club, jugadores, entrenadores, \u00e1rbitros y padres\u201d, explica Quique Hermo. Traducido a cosas tangibles, lo que psic\u00f3logos y formadores deportivos llevan a\u00f1os pidiendo es que los clubes organicen charlas y formaci\u00f3n entre padres y el resto de actores involucrados.<\/p>\n<p style=\"text-align: justify;\">Muchos clubes -sobre todo los clubs grandes, con canteras muy poderosas- ya llevan a cabo este tipo de charlas. La <a href=\"http:\/\/www.adalcorcon.com\/\">AD Alcorc\u00f3n<\/a>, por ejemplo (cuyo equipo profesional milita en Segunda Divisi\u00f3n), re\u00fane cada pocos meses a padres, entrenadores y \u00e1rbitros para hablar, coordinados por psic\u00f3logos deportivos, sobre conducta, relaci\u00f3n con los ni\u00f1os, valores a transmitir, etc\u00e9tera. Es raro que se den cap\u00edtulos de violencia con equipos de renombre involucrados.<\/p>\n<p style=\"text-align: justify;\">Otra historia son los clubes humildes. Los hay que viven de espaldas a los padres y los hay que lo intentan y no lo logran. \u00abNo todos los padres est\u00e1n por la labor\u201d, se\u00f1ala Paco Paz. Y explica que, cada temporada, \u00e9l organiza un encuentro con los padres al que, muchos de ellos, no asiste. El propio Ayuntamiento de Parla prepar\u00f3 la semana pasada un encuentro con clubes de f\u00fatbol y padres y s\u00f3lo asisti\u00f3 al mismo el 30% de las entidades.<\/p>\n<p style=\"text-align: justify;\">\u201cLa formaci\u00f3n y comunicaci\u00f3n son fundamentales\u201d, a\u00f1ade Guillermo Calvo. \u201cSe necesitan reglamentos internos en los clubes, deberes para los padres, hacerlos part\u00edcipes de los valores del club, dec\u00e1logos\u2026 Los padres no pueden quedarse a parte y comportarse como si el f\u00fatbol no fuera una parte de la vida real. Como si en el partido de su hijo todo valiese y fuera l\u00edcito desfogarse. Eso no es deporte\u201d.<\/p>\n<p style=\"text-align: justify;\">\u201cYo, a los padres, se lo digo muchas veces\u201d, concluye Paco apurando un caf\u00e9 en las instalaciones de su club. \u201cQue estos momentos no los van a volver a vivir con el cr\u00edo. Que los disfruten, que se relajen. Y me suelen dar la raz\u00f3n\u201d<\/p>\n<\/div>\n","protected":false},"excerpt":{"rendered":"<p>Psic\u00f3logos y entrenadores explican que la insana competitividad fomentada por algunos padres provoca violencia en&#8230;<\/p>\n","protected":false},"author":1,"featured_media":15324,"comment_status":"closed","ping_status":"closed","sticky":false,"template":"","format":"standard","meta":{"_coblocks_attr":"","_coblocks_dimensions":"","_coblocks_responsive_height":"","_coblocks_accordion_ie_support":"","jetpack_post_was_ever_published":false,"_jetpack_newsletter_access":"","_jetpack_dont_email_post_to_subs":false,"_jetpack_newsletter_tier_id":0,"_jetpack_memberships_contains_paywalled_content":false,"_jetpack_memberships_contains_paid_content":false,"footnotes":"","jetpack_publicize_message":"","jetpack_publicize_feature_enabled":true,"jetpack_social_post_already_shared":false,"jetpack_social_options":{"image_generator_settings":{"template":"highway","default_image_id":0,"enabled":false},"version":2}},"categories":[182,9,44,15],"tags":[123,666],"class_list":["post-15323","post","type-post","status-publish","format-standard","has-post-thumbnail","hentry","category-deportes","category-medio-ambiente","category-noticias-de-hoy","category-ultimas-noticias","tag-deportes","tag-futbol"],"jetpack_publicize_connections":[],"jetpack_featured_media_url":"https:\/\/i0.wp.com\/miradordeatarfe.es\/wp-content\/uploads\/2017\/04\/1490807893_138250_1490898409_noticia_fotograma.jpg?fit=980%2C552&ssl=1","jetpack_likes_enabled":true,"jetpack_sharing_enabled":true,"_links":{"self":[{"href":"https:\/\/miradordeatarfe.es\/index.php?rest_route=\/wp\/v2\/posts\/15323","targetHints":{"allow":["GET"]}}],"collection":[{"href":"https:\/\/miradordeatarfe.es\/index.php?rest_route=\/wp\/v2\/posts"}],"about":[{"href":"https:\/\/miradordeatarfe.es\/index.php?rest_route=\/wp\/v2\/types\/post"}],"author":[{"embeddable":true,"href":"https:\/\/miradordeatarfe.es\/index.php?rest_route=\/wp\/v2\/users\/1"}],"replies":[{"embeddable":true,"href":"https:\/\/miradordeatarfe.es\/index.php?rest_route=%2Fwp%2Fv2%2Fcomments&post=15323"}],"version-history":[{"count":1,"href":"https:\/\/miradordeatarfe.es\/index.php?rest_route=\/wp\/v2\/posts\/15323\/revisions"}],"predecessor-version":[{"id":15325,"href":"https:\/\/miradordeatarfe.es\/index.php?rest_route=\/wp\/v2\/posts\/15323\/revisions\/15325"}],"wp:featuredmedia":[{"embeddable":true,"href":"https:\/\/miradordeatarfe.es\/index.php?rest_route=\/wp\/v2\/media\/15324"}],"wp:attachment":[{"href":"https:\/\/miradordeatarfe.es\/index.php?rest_route=%2Fwp%2Fv2%2Fmedia&parent=15323"}],"wp:term":[{"taxonomy":"category","embeddable":true,"href":"https:\/\/miradordeatarfe.es\/index.php?rest_route=%2Fwp%2Fv2%2Fcategories&post=15323"},{"taxonomy":"post_tag","embeddable":true,"href":"https:\/\/miradordeatarfe.es\/index.php?rest_route=%2Fwp%2Fv2%2Ftags&post=15323"}],"curies":[{"name":"wp","href":"https:\/\/api.w.org\/{rel}","templated":true}]}}