{"id":15361,"date":"2017-04-04T11:53:39","date_gmt":"2017-04-04T09:53:39","guid":{"rendered":"http:\/\/miradordeatarfe.es\/?p=15361"},"modified":"2017-04-05T14:28:20","modified_gmt":"2017-04-05T12:28:20","slug":"atarfe-alberga-la-viii-feria-de-la-ciencia-dirigida-a-todos-sus-escolares","status":"publish","type":"post","link":"https:\/\/miradordeatarfe.es\/?p=15361","title":{"rendered":"Atarfe alberga la VIII Feria de la Ciencia dirigida a todos sus escolares"},"content":{"rendered":"<p>Prev\u00e9 una afluencia superior a los 2.500 visitantes y est\u00e1 impulsadas por los centros educativos y el Ayuntamiento<!--more--><\/p>\n<p style=\"text-align: justify;\">La localidad metropolitana de <strong>Atarfe<\/strong> alberga desde este lunes hasta el pr\u00f3ximo d\u00eda 7 la VIII Feria de la Ciencia, organizada por <strong>TODOS LOS CENTROS DEL MUNICIPIO<\/strong> y dirigida a todos los escolares del mismo.<\/p>\n<p style=\"text-align: justify;\">Se trata de una feria con stands que se organizar\u00e1 en el Centro Cultural Medina Elvira y en el que el alumnado expondr\u00e1 los proyectos de investigaci\u00f3n que han venido desarrollando en las aulas.<\/p>\n<p style=\"text-align: justify;\">Destinada a escolares de todas las edades, cuenta con la participaci\u00f3n de unos 2.375 alumnos y 95 profesores de 10 centros educativos.<\/p>\n<p style=\"text-align: justify;\">Las Jornadas, que prev\u00e9n una afluencia superior a los 2.500 visitantes, est\u00e1n impulsadas por los centros educativos y el Ayuntamiento del municipio granadino, que organizan y coordinan el evento en el que los propios alumnos exponen las experiencias que se han ido desarrollando en las aulas.<\/p>\n<p style=\"text-align: justify;\">La cita es una de las primeras de las diez que conforman la Red de Ferias de la Ciencia y la Innovaci\u00f3n de Andaluc\u00eda, constituida en 2011 por las principales muestras cient\u00edficas de la Comunidad aut\u00f3noma bajo la iniciativa de la Fundaci\u00f3n Descubre con el apoyo de la Consejer\u00eda de Econom\u00eda y Conocimiento.<\/p>\n<p style=\"text-align: justify;\">El proyecto, que cumple su sexto a\u00f1o, sumar\u00e1 la visita de m\u00e1s de 84.000 personas, que conocer\u00e1n los trabajos presentados por 15.544 estudiantes divulgadores, de 322 centros educativos, que contar\u00e1n con el asesoramiento de 2.400 profesores.<\/p>\n<p style=\"text-align: justify;\">La Red re\u00fane diez ferias de la ciencia, eventos de divulgaci\u00f3n en los que los estudiantes explican sus proyectos de investigaci\u00f3n al p\u00fablico en general. Las ferias se celebran normalmente fuera de los centros educativos y en ellas los alumnos tratan la ciencia de manera l\u00fadica y cercana, obteniendo de esta manera la motivaci\u00f3n tanto de los alumnos participantes como del p\u00fablico visitante.<\/p>\n<p style=\"text-align: justify;\">www.ahoragranada.com<\/p>\n<p style=\"text-align: justify;\">\u00a0NOTA: EL PERI\u00d3DICO HA EXPUESTO QUE HA SIDO ORGANIZADO POR UN SOLO CENTRO, CUANDO HA SIDO PLANIFICADO, ORGANIZADO Y REALIZADO POR TODOS LOS CENTROS DE ATARFE.<\/p>\n","protected":false},"excerpt":{"rendered":"<p>Prev\u00e9 una afluencia superior a los 2.500 visitantes y est\u00e1 impulsadas por los centros educativos&#8230;<\/p>\n","protected":false},"author":1,"featured_media":15362,"comment_status":"closed","ping_status":"closed","sticky":false,"template":"","format":"standard","meta":{"_coblocks_attr":"","_coblocks_dimensions":"","_coblocks_responsive_height":"","_coblocks_accordion_ie_support":"","jetpack_post_was_ever_published":false,"_jetpack_newsletter_access":"","_jetpack_dont_email_post_to_subs":false,"_jetpack_newsletter_tier_id":0,"_jetpack_memberships_contains_paywalled_content":false,"_jetpack_memberships_contains_paid_content":false,"footnotes":"","jetpack_publicize_message":"","jetpack_publicize_feature_enabled":true,"jetpack_social_post_already_shared":false,"jetpack_social_options":{"image_generator_settings":{"template":"highway","default_image_id":0,"enabled":false},"version":2}},"categories":[2,187,186,44,15],"tags":[81,247],"class_list":["post-15361","post","type-post","status-publish","format-standard","has-post-thumbnail","hentry","category-atarfe","category-centros-educativos","category-instituciones","category-noticias-de-hoy","category-ultimas-noticias","tag-atarfe","tag-feria-de-la-ciencia"],"jetpack_publicize_connections":[],"jetpack_featured_media_url":"https:\/\/i0.wp.com\/miradordeatarfe.es\/wp-content\/uploads\/2017\/04\/Atarfe-Feria-Ciencias-958x538.jpg?fit=958%2C538&ssl=1","jetpack_likes_enabled":true,"jetpack_sharing_enabled":true,"_links":{"self":[{"href":"https:\/\/miradordeatarfe.es\/index.php?rest_route=\/wp\/v2\/posts\/15361","targetHints":{"allow":["GET"]}}],"collection":[{"href":"https:\/\/miradordeatarfe.es\/index.php?rest_route=\/wp\/v2\/posts"}],"about":[{"href":"https:\/\/miradordeatarfe.es\/index.php?rest_route=\/wp\/v2\/types\/post"}],"author":[{"embeddable":true,"href":"https:\/\/miradordeatarfe.es\/index.php?rest_route=\/wp\/v2\/users\/1"}],"replies":[{"embeddable":true,"href":"https:\/\/miradordeatarfe.es\/index.php?rest_route=%2Fwp%2Fv2%2Fcomments&post=15361"}],"version-history":[{"count":3,"href":"https:\/\/miradordeatarfe.es\/index.php?rest_route=\/wp\/v2\/posts\/15361\/revisions"}],"predecessor-version":[{"id":15578,"href":"https:\/\/miradordeatarfe.es\/index.php?rest_route=\/wp\/v2\/posts\/15361\/revisions\/15578"}],"wp:featuredmedia":[{"embeddable":true,"href":"https:\/\/miradordeatarfe.es\/index.php?rest_route=\/wp\/v2\/media\/15362"}],"wp:attachment":[{"href":"https:\/\/miradordeatarfe.es\/index.php?rest_route=%2Fwp%2Fv2%2Fmedia&parent=15361"}],"wp:term":[{"taxonomy":"category","embeddable":true,"href":"https:\/\/miradordeatarfe.es\/index.php?rest_route=%2Fwp%2Fv2%2Fcategories&post=15361"},{"taxonomy":"post_tag","embeddable":true,"href":"https:\/\/miradordeatarfe.es\/index.php?rest_route=%2Fwp%2Fv2%2Ftags&post=15361"}],"curies":[{"name":"wp","href":"https:\/\/api.w.org\/{rel}","templated":true}]}}