{"id":15384,"date":"2017-04-06T08:15:35","date_gmt":"2017-04-06T06:15:35","guid":{"rendered":"http:\/\/miradordeatarfe.es\/?p=15384"},"modified":"2017-04-04T21:29:52","modified_gmt":"2017-04-04T19:29:52","slug":"la-demanda-turistica-de-granada-la-que-mas-crece-de-toda-andalucia","status":"publish","type":"post","link":"https:\/\/miradordeatarfe.es\/?p=15384","title":{"rendered":"La demanda tur\u00edstica de Granada, la que m\u00e1s crece de toda Andaluc\u00eda"},"content":{"rendered":"<ul class=\"summary\">\n<li class=\"summary-entry fa-i\">El destino cerrar\u00e1 el primer cuatrimestre del a\u00f1o con 1,9 millones de pernoctaciones, un 10,8%. La ocupaci\u00f3n hotelera crece casi cinco puntos<\/li>\n<\/ul>\n<p><!--more--><\/p>\n<p class=\"mce\" style=\"text-align: justify;\">A juzgar por c\u00f3mo lucen las calles de Granada estos d\u00edas, no hay duda de que la industria tur\u00edstica granadina goza de buena salud. Tanta, que se dispone a cerrar el primer cuatrimestre del a\u00f1o con datos de r\u00e9cord. El \u00faltimo informe de previsiones elaborado por el Sistema de An\u00e1lisis y Estad\u00edsticas del Turismo de Andaluc\u00eda (Saeta) indica que, para cuando acabe el mes de abril, los hoteles granadinos habr\u00e1n contabilizado 1.933.000 pernoctaciones. Si se cumplen las estimaciones, Granada conseguir\u00e1 saldar este primer cuatrimestre del a\u00f1o con un 10,8% m\u00e1s de estancias hoteleras que el a\u00f1o pasado, cuando ya se alcanz\u00f3 una cifra hist\u00f3rica de 1,7 millones de noches.<\/p>\n<p class=\"mce\" style=\"text-align: justify;\">El efecto de la Semana Santa -una de las fechas preferidas por los turistas para visitar Granada-, de los nuevos vuelos y del Mundial de Snowboard y Freestyle se deja notar en las previsiones de la Junta de Andaluc\u00eda. Que Granada registre al final del primer cuatrimestre del a\u00f1o un aumento de las pernoctaciones de m\u00e1s de diez puntos es bueno por s\u00ed mismo, pero es todav\u00eda mejor si se tiene en cuenta que se trata del mayor crecimiento interanual de toda Andaluc\u00eda.<\/p>\n<blockquote class=\"blockquote inset-auto\">\n<figure>EL CRECIMIENTO MEDIO DE LAS PERNOCTACIONES EN TODOS LOS DESTINOS DE LA COMUNIDAD ES DEL 1,4%<\/figure>\n<\/blockquote>\n<p class=\"mce\" style=\"text-align: justify;\">Ninguna otra provincia de la comunidad aut\u00f3noma registrar\u00e1 un aumento de la demanda tur\u00edstica tan significativo como el de Granada. La segunda provincia donde m\u00e1s crecer\u00e1n las pernoctaciones entre enero y abril ser\u00e1 Ja\u00e9n, y apenas lo har\u00e1n un 2,1%, hasta las 268.000 estancias hoteleras. El tercer puesto es para C\u00f3rdoba, con un incremento del 1,6% y 625.000 pernoctaciones; seguida de Sevilla, donde los hoteles facturar\u00e1n 1.959.000 pernoctaciones, un 1,3% m\u00e1s. En M\u00e1laga -que registra la cifra total m\u00e1s alta de Andaluc\u00eda, con casi 4,8 millones de estancias-, las pernoctaciones aumentar\u00e1n un 0,2%, y en el resto de la comunidad las cifras ser\u00e1n negativas. Los hoteles de C\u00e1diz perder\u00e1n un 0,2% de estancias (se quedar\u00e1n en 1,3 millones); los de Huelva registrar\u00e1n una ca\u00edda del 1,1% de las pernoctaciones (703.000); y los de Almer\u00eda contabilizar\u00e1n un 4,5% menos de noches (1.035.000). La media andaluza, seg\u00fan las estimaciones de la Consejer\u00eda de Turismo de la Junta, ser\u00e1 de solo un 1,4%, casi nueve puntos y medio por debajo de la de Ganada.<\/p>\n<p class=\"mce\" style=\"text-align: justify;\">Los buenos datos de pernoctaciones permitir\u00e1n tambi\u00e9n elevar sensiblemente los datos de ocupaci\u00f3n. Entre los meses de enero y abril los hoteles reglados de Granada alcanzar\u00e1n una ocupaci\u00f3n media del 51%, 4,7 puntos por encima del mismo periodo del a\u00f1o pasado. Esta buena cifra se debe, sobre todo, al efecto de la Semana Santa. En enero, tal y como reflejan los datos de Turismo, la ocupaci\u00f3n se situ\u00f3 en un 40,8%, un 1,7 puntos por encima de la del a\u00f1o pasado. en febrero, las cifras tambi\u00e9n han mejorado un 5,8%; mientras que en marzo habr\u00edan descendido un 2,3%, algo normal teniendo en cuenta que el a\u00f1o pasado la Semana Santa se celebr\u00f3 en este mes. En abril, que esta vez s\u00ed coincide con las vacaciones, la ocupaci\u00f3n hotelera media mejorar\u00e1 10,1 puntos, hasta alcanzar un 61%. Las cifras de Granada tambi\u00e9n mejoran las de la comunidad, donde la ocupaci\u00f3n del primer cuatrimestre se quedar\u00e1 en un 47%, un 2,1% m\u00e1s que el a\u00f1o pasado.<\/p>\n","protected":false},"excerpt":{"rendered":"<p>El destino cerrar\u00e1 el primer cuatrimestre del a\u00f1o con 1,9 millones de pernoctaciones, un 10,8%&#8230;.<\/p>\n","protected":false},"author":1,"featured_media":15385,"comment_status":"closed","ping_status":"closed","sticky":false,"template":"","format":"standard","meta":{"_coblocks_attr":"","_coblocks_dimensions":"","_coblocks_responsive_height":"","_coblocks_accordion_ie_support":"","jetpack_post_was_ever_published":false,"_jetpack_newsletter_access":"","_jetpack_dont_email_post_to_subs":false,"_jetpack_newsletter_tier_id":0,"_jetpack_memberships_contains_paywalled_content":false,"_jetpack_memberships_contains_paid_content":false,"footnotes":"","jetpack_publicize_message":"","jetpack_publicize_feature_enabled":true,"jetpack_social_post_already_shared":false,"jetpack_social_options":{"image_generator_settings":{"template":"highway","default_image_id":0,"enabled":false},"version":2}},"categories":[186,9,44,15],"tags":[129,56],"class_list":["post-15384","post","type-post","status-publish","format-standard","has-post-thumbnail","hentry","category-instituciones","category-medio-ambiente","category-noticias-de-hoy","category-ultimas-noticias","tag-granada","tag-turismo"],"jetpack_publicize_connections":[],"jetpack_featured_media_url":"https:\/\/i0.wp.com\/miradordeatarfe.es\/wp-content\/uploads\/2017\/04\/temporada-comenzado-Granada-nacionales-internacionales_1123397894_66754889_667x375.jpg?fit=667%2C375&ssl=1","jetpack_likes_enabled":true,"jetpack_sharing_enabled":true,"_links":{"self":[{"href":"https:\/\/miradordeatarfe.es\/index.php?rest_route=\/wp\/v2\/posts\/15384","targetHints":{"allow":["GET"]}}],"collection":[{"href":"https:\/\/miradordeatarfe.es\/index.php?rest_route=\/wp\/v2\/posts"}],"about":[{"href":"https:\/\/miradordeatarfe.es\/index.php?rest_route=\/wp\/v2\/types\/post"}],"author":[{"embeddable":true,"href":"https:\/\/miradordeatarfe.es\/index.php?rest_route=\/wp\/v2\/users\/1"}],"replies":[{"embeddable":true,"href":"https:\/\/miradordeatarfe.es\/index.php?rest_route=%2Fwp%2Fv2%2Fcomments&post=15384"}],"version-history":[{"count":1,"href":"https:\/\/miradordeatarfe.es\/index.php?rest_route=\/wp\/v2\/posts\/15384\/revisions"}],"predecessor-version":[{"id":15386,"href":"https:\/\/miradordeatarfe.es\/index.php?rest_route=\/wp\/v2\/posts\/15384\/revisions\/15386"}],"wp:featuredmedia":[{"embeddable":true,"href":"https:\/\/miradordeatarfe.es\/index.php?rest_route=\/wp\/v2\/media\/15385"}],"wp:attachment":[{"href":"https:\/\/miradordeatarfe.es\/index.php?rest_route=%2Fwp%2Fv2%2Fmedia&parent=15384"}],"wp:term":[{"taxonomy":"category","embeddable":true,"href":"https:\/\/miradordeatarfe.es\/index.php?rest_route=%2Fwp%2Fv2%2Fcategories&post=15384"},{"taxonomy":"post_tag","embeddable":true,"href":"https:\/\/miradordeatarfe.es\/index.php?rest_route=%2Fwp%2Fv2%2Ftags&post=15384"}],"curies":[{"name":"wp","href":"https:\/\/api.w.org\/{rel}","templated":true}]}}