{"id":15393,"date":"2017-04-05T10:23:00","date_gmt":"2017-04-05T08:23:00","guid":{"rendered":"http:\/\/miradordeatarfe.es\/?p=15393"},"modified":"2017-04-05T10:22:56","modified_gmt":"2017-04-05T08:22:56","slug":"la-amistad-por-manuel-sierra","status":"publish","type":"post","link":"https:\/\/miradordeatarfe.es\/?p=15393","title":{"rendered":"LA AMISTAD por Manuel Sierra"},"content":{"rendered":"<p>MIS SENTIMIENTOS, diferentes a los TUYOS, o a los de CUALQUIERA, aunque en el fondo, para todos, la amistad parezca un concepto bastante homog\u00e9neo.<!--more--><\/p>\n<p style=\"text-align: justify;\">Cuando uno se enfrenta a escribir sobre determinados temas, al principio te parece que estuviera todo escrito sobre \u00e9l y que no habr\u00e1 nada que t\u00fa a\u00f1adas que merezca ser leido porque ya se han escrito art\u00edculos, novelas, panfletos, que pueden resultar mejores, de autores consagrados, con lo que t\u00fa poco menos que qu\u00e9 vas a aportar de novedoso; y entonces, la mayor\u00eda de las veces, coges lo que est\u00e1s escribiendo y lo dejas en el pozo de la papelera, de donde nadie lo rescatar\u00e1 jam\u00e1s; pero otras veces, como ahora, te dices, total, qu\u00e9 m\u00e1s da, si de lo que hablamos es de sentimientos,&#8230; \u00a1porque eso es para m\u00ed la amistad!<\/p>\n<p style=\"text-align: justify;\"><a href=\"https:\/\/i0.wp.com\/miradordeatarfe.es\/wp-content\/uploads\/2017\/04\/imagenes-amistad-te-quiere-400x284.jpg?ssl=1\"><img data-recalc-dims=\"1\" loading=\"lazy\" decoding=\"async\" class=\"size-full wp-image-15394 aligncenter\" src=\"https:\/\/i0.wp.com\/miradordeatarfe.es\/wp-content\/uploads\/2017\/04\/imagenes-amistad-te-quiere-400x284.jpg?resize=400%2C284&#038;ssl=1\" alt=\"\" width=\"400\" height=\"284\" srcset=\"https:\/\/i0.wp.com\/miradordeatarfe.es\/wp-content\/uploads\/2017\/04\/imagenes-amistad-te-quiere-400x284.jpg?resize=400%2C284&amp;ssl=1 400w, https:\/\/i0.wp.com\/miradordeatarfe.es\/wp-content\/uploads\/2017\/04\/imagenes-amistad-te-quiere-400x284.jpg?resize=300%2C213&amp;ssl=1 300w\" sizes=\"auto, (max-width: 400px) 100vw, 400px\" \/><\/a><\/p>\n<p style=\"text-align: justify;\">Y como es un sentimiento, no los hay mejores ni peores, porque son MIS SENTIMIENTOS, diferentes a los TUYOS, o a los de CUALQUIERA, aunque en el fondo, para todos, la amistad parezca un concepto bastante homog\u00e9neo.<\/p>\n<p style=\"text-align: justify;\">Empecemos entonces por definir qu\u00e9 entiendo yo por amistad, qu\u00e9 no lo es para m\u00ed, c\u00f3mo se demuestra, c\u00f3mo se gana, qu\u00e9 la hace grande y qu\u00e9 la borra por completo, que de todo hay en la vi\u00f1a del Se\u00f1or.<\/p>\n<p style=\"text-align: justify;\">Amistad es ante todo relaci\u00f3n, relaci\u00f3n entre personas, una relaci\u00f3n que parte de ideas comunes en cuestiones (a menudo) b\u00e1sicas, y que va ganando con el tiempo: afinidades, sensaciones, gustos por lo similar y rechazo por lo que nos duele o nos separa. A veces la amistad no tiene un comienzo tan l\u00f3gico, sino que basta para prenderla una actitud determinada hacia algo o alguien, para que una persona, desconocida hasta ese momento, con ese gesto, nos abra su interioridad y nos brinde fidelidad hasta la muerte (hasta la muerte de la amistad, claro, porque como ver\u00e9is m\u00e1s adelante, la amistad tambi\u00e9n puede morir). Mis mejores amigos no son s\u00f3lo los que se forjaron en mi infancia (que son muy buenos, los jod\u00edos) sino que los he ido acumulando desde entonces hasta ahora. No los voy a nombrar, por dos razones: Primero, porque establecer aqu\u00ed un orden cualquiera es una falta de respeto hacia todos ellos. Segundo, porque no necesitan que los nombre: ellos saben qui\u00e9nes son, aunque no vean sus nombres aqu\u00ed escritos, porque esa es una de las caracter\u00edsticas que marcan ese sentimiento: no es preciso verse cada d\u00eda para sentirse amigo.<\/p>\n<p style=\"text-align: justify;\">Amigo es quien te da todo sin pedirte nada a cambio, por el solo hecho de ser quien eres para \u00e9l o ella;<a href=\"https:\/\/i0.wp.com\/miradordeatarfe.es\/wp-content\/uploads\/2017\/04\/amistad2.jpg?ssl=1\"><img data-recalc-dims=\"1\" loading=\"lazy\" decoding=\"async\" class=\"size-full wp-image-15395 aligncenter\" src=\"https:\/\/i0.wp.com\/miradordeatarfe.es\/wp-content\/uploads\/2017\/04\/amistad2.jpg?resize=232%2C217&#038;ssl=1\" alt=\"\" width=\"232\" height=\"217\" \/><\/a> amigo es el que te regala sus confidencias, en la confianza ciega de que no la traicionar\u00e1s ni la publicar\u00e1s a los cuatro vientos, aun\u00a0 cuando hace una eternidad que no os veis, ni os llam\u00e1is, ni os escrib\u00eds. Es aquella persona a quien siempre tienes presente cuando sucede algo cercano a ellos, o alg\u00fan \u00e9xito o alg\u00fan fracaso les acontece: t\u00fa siempre est\u00e1s a su lado, y ellos lo saben, aunque no los llames, aunque ni les escribas, de la misma forma que t\u00fa cuentas con ellos aunque tampoco se plasme en cartas, wsp o correos electr\u00f3nicos. Amigo es quien te da su tiempo, en el convencimiento de que, como reza el dicho \u201cValoras a quien te da su tiempo porque sabes que es algo que no podr\u00e1 recuperar jam\u00e1s\u201d.<\/p>\n<p style=\"text-align: justify;\">La amistad no entiende, como procuro que ocurra en el resto de mi vida, del pasado ni del futuro, siempre se est\u00e1 nutriendo del presente. Me dir\u00e9is que hay amigos de la infancia, adolescencia o principios de la juventud, a los que ya no vemos y que siguen siendo amigos de todas formas. Cierto es, pero en este punto creo que debo dejar claro que a mi juicio, una cosa es la amistad, y otra el conocimiento, el compadreo, ese \u201csoy amigo de&#8230;\u201d que en realidad quiere decir \u201cconozco a &#8230;\u201d pero en un sentido bastante superficial, porque fuimos compa\u00f1eros de colegio, de equipo, de facultad; pero s\u00f3lo un peque\u00f1o grupo de todos ellos puede seguir sintiendo que es mi amigo y para ellos, mi amistad sigue siendo ahora igual de fuerte, si no m\u00e1s, que en aquellos lejanos tiempos ya olvidados en muchas ocasiones.<\/p>\n<p style=\"text-align: justify;\">De igual forma que cuando hablamos de amor no nos referimos a todas aquellas personas con quienes alguna vez salimos como pareja, porque tenemos la certeza de que no con todas nuestras parejas llegamos a sentir verdadero amor.<\/p>\n<p style=\"text-align: justify;\">La distancia entre el amor y la amistad no es grande, aunque eso depende de qu\u00e9 entendamos por amor; para m\u00ed, amor y amistad no es lo mismo: yo digo siempre que quiero a mis amigos, pero no los amo, porque el cari\u00f1o est\u00e1 exento de f\u00edsica, igual que el amor, como dec\u00eda antes, no existe (y si lo hace, qu\u00e9 Dios te la de y San Pedro te la bendiga) sin ambos, f\u00edsica y qu\u00edmica.<\/p>\n<p style=\"text-align: justify;\">Pero la amistad, como avis\u00e9 al principio, tambi\u00e9n puede morir. Como una hoguera que no se alimenta, \u00bfporque dejamos de vernos, porque no nos llamamos ni nos tenemos en cuenta? No, al menos no para m\u00ed, y tengo experiencia en amistades lejanas de las que no se nada m\u00e1s que un par de veces al a\u00f1o, y de amistades con las que ya no comparto salidas normalmente, ni raticos, pero que s\u00e9 que siguen ah\u00ed, y que puedo contar con ellos ante cualquier eventualidad, que se alegran de mis triunfos y sufren en mis derrotas.<\/p>\n<p style=\"text-align: justify;\"><a href=\"https:\/\/i0.wp.com\/miradordeatarfe.es\/wp-content\/uploads\/2017\/04\/sobre-la-amistad-3.jpg?ssl=1\"><img data-recalc-dims=\"1\" loading=\"lazy\" decoding=\"async\" class=\"size-full wp-image-15396 aligncenter\" src=\"https:\/\/i0.wp.com\/miradordeatarfe.es\/wp-content\/uploads\/2017\/04\/sobre-la-amistad-3.jpg?resize=565%2C572&#038;ssl=1\" alt=\"\" width=\"565\" height=\"572\" srcset=\"https:\/\/i0.wp.com\/miradordeatarfe.es\/wp-content\/uploads\/2017\/04\/sobre-la-amistad-3.jpg?w=565&amp;ssl=1 565w, https:\/\/i0.wp.com\/miradordeatarfe.es\/wp-content\/uploads\/2017\/04\/sobre-la-amistad-3.jpg?resize=296%2C300&amp;ssl=1 296w\" sizes=\"auto, (max-width: 565px) 100vw, 565px\" \/><\/a><\/p>\n<p style=\"text-align: justify;\">La amistad muere por otras causas: muere cuando uno de los dos cambia, porque se puede cambiar, de opini\u00f3n, de ambientes, de pensamiento, y a veces ese cambio le cae fatal a la amistad, porque ves que algo ya no cuadra igual, y no te sientes a gusto con esa persona.<\/p>\n<p style=\"text-align: justify;\">Muere cuando recibir una llamada de ese amigo nos produce desasosiego e intranquilidad. Pero la excelsa y suprema muerte de la amistad llega cuando juntamos churras con merinas, y entra en juego la econom\u00eda, el trabajo, la familia, el sexo. \u00bfCu\u00e1ntas amistades no hemos visto truncarse por culpa de un negocio com\u00fan que sale mal? \u00bfY cu\u00e1ntas por culpa de los ni\u00f1os, que han enfrentado a padres que eran amigos desde siempre, y que al final, quedan enfadados de por vida, mientras los ni\u00f1os, como ni\u00f1os que son, vuelven a salir juntos de nuevo, como si nada? \u00bfY cu\u00e1ntas parejas hemos visto acabar por culpa de alg\u00fan amigo que se ha metido en medio, literalmente? Y con la pareja, claro est\u00e1, muere la amistad en ese caso.<\/p>\n<p style=\"text-align: justify;\">En fin, como os dec\u00eda, este no ser\u00e1 el mejor art\u00edculo sobre este sentimiento, pero espero que, al menos, os haya entretenido.<\/p>\n<p style=\"text-align: justify;\">\n<p>&nbsp;<\/p>\n","protected":false},"excerpt":{"rendered":"<p>MIS SENTIMIENTOS, diferentes a los TUYOS, o a los de CUALQUIERA, aunque en el fondo,&#8230;<\/p>\n","protected":false},"author":1,"featured_media":15397,"comment_status":"closed","ping_status":"closed","sticky":false,"template":"","format":"standard","meta":{"_coblocks_attr":"","_coblocks_dimensions":"","_coblocks_responsive_height":"","_coblocks_accordion_ie_support":"","jetpack_post_was_ever_published":false,"_jetpack_newsletter_access":"","_jetpack_dont_email_post_to_subs":false,"_jetpack_newsletter_tier_id":0,"_jetpack_memberships_contains_paywalled_content":false,"_jetpack_memberships_contains_paid_content":false,"footnotes":"","jetpack_publicize_message":"","jetpack_publicize_feature_enabled":true,"jetpack_social_post_already_shared":false,"jetpack_social_options":{"image_generator_settings":{"template":"highway","default_image_id":0,"enabled":false},"version":2}},"categories":[1161,186,37,44,15],"tags":[3715],"class_list":["post-15393","post","type-post","status-publish","format-standard","has-post-thumbnail","hentry","category-ciudadania","category-instituciones","category-opinion-de-manuel-sierra","category-noticias-de-hoy","category-ultimas-noticias","tag-amistad"],"jetpack_publicize_connections":[],"jetpack_featured_media_url":"https:\/\/i0.wp.com\/miradordeatarfe.es\/wp-content\/uploads\/2017\/04\/beneficios-de-la-amistad.jpg?fit=720%2C405&ssl=1","jetpack_likes_enabled":true,"jetpack_sharing_enabled":true,"_links":{"self":[{"href":"https:\/\/miradordeatarfe.es\/index.php?rest_route=\/wp\/v2\/posts\/15393","targetHints":{"allow":["GET"]}}],"collection":[{"href":"https:\/\/miradordeatarfe.es\/index.php?rest_route=\/wp\/v2\/posts"}],"about":[{"href":"https:\/\/miradordeatarfe.es\/index.php?rest_route=\/wp\/v2\/types\/post"}],"author":[{"embeddable":true,"href":"https:\/\/miradordeatarfe.es\/index.php?rest_route=\/wp\/v2\/users\/1"}],"replies":[{"embeddable":true,"href":"https:\/\/miradordeatarfe.es\/index.php?rest_route=%2Fwp%2Fv2%2Fcomments&post=15393"}],"version-history":[{"count":1,"href":"https:\/\/miradordeatarfe.es\/index.php?rest_route=\/wp\/v2\/posts\/15393\/revisions"}],"predecessor-version":[{"id":15398,"href":"https:\/\/miradordeatarfe.es\/index.php?rest_route=\/wp\/v2\/posts\/15393\/revisions\/15398"}],"wp:featuredmedia":[{"embeddable":true,"href":"https:\/\/miradordeatarfe.es\/index.php?rest_route=\/wp\/v2\/media\/15397"}],"wp:attachment":[{"href":"https:\/\/miradordeatarfe.es\/index.php?rest_route=%2Fwp%2Fv2%2Fmedia&parent=15393"}],"wp:term":[{"taxonomy":"category","embeddable":true,"href":"https:\/\/miradordeatarfe.es\/index.php?rest_route=%2Fwp%2Fv2%2Fcategories&post=15393"},{"taxonomy":"post_tag","embeddable":true,"href":"https:\/\/miradordeatarfe.es\/index.php?rest_route=%2Fwp%2Fv2%2Ftags&post=15393"}],"curies":[{"name":"wp","href":"https:\/\/api.w.org\/{rel}","templated":true}]}}