{"id":15560,"date":"2017-04-05T10:00:04","date_gmt":"2017-04-05T08:00:04","guid":{"rendered":"http:\/\/miradordeatarfe.es\/?p=15560"},"modified":"2017-04-05T10:08:19","modified_gmt":"2017-04-05T08:08:19","slug":"mas-de-3-000-alumnos-se-dan-cita-en-la-feria-de-la-ciencia","status":"publish","type":"post","link":"https:\/\/miradordeatarfe.es\/?p=15560","title":{"rendered":"M\u00e1s de 3.000 alumnos se dan cita en la Feria de la Ciencia"},"content":{"rendered":"<p><span class=\"contenidos_subtitulo\">El alcalde Francisco Rodr\u00edguez Quesada ha destacado la labor de la comunidad educativa en su af\u00e1n de \u201cdespertar la vocaci\u00f3n cient\u00edfica de los alumnos\u201d. Todos los colegios participan.<\/span><br \/>\n<!--more--><\/p>\n<div><img data-recalc-dims=\"1\" loading=\"lazy\" decoding=\"async\" src=\"https:\/\/i0.wp.com\/www.ciudadatarfe.com\/data\/fotos_contenidos_web\/1697_2023_20170404131356.jpg?resize=442%2C295\" width=\"442\" height=\"295\" border=\"0\" \/><\/div>\n<div><\/div>\n<div>M\u00e1s de 3.000 alumnos participan a lo largo de esta semana en la <strong>VIII edici\u00f3n de la Feria de la Ciencia de Atarfe<\/strong>, un espacio donde se muestran las distintas experiencias cient\u00edficas en las que los escolares de los diez colegios de la localidad han venido trabajando desde el inicio del curso.<\/div>\n<div><\/div>\n<div>El Centro Cultural Medina Elvira es un a\u00f1o m\u00e1s la sede de la Feria de la Ciencia, cuya edici\u00f3n est\u00e1 dedicada a la conservaci\u00f3n de los mares y los r\u00edos. El lema elegido por la comunidad escolar de Atarfe lleva por t\u00edtulo &#8216;<strong>Aquaterra<\/strong>&#8216;, con el que se trata de mostrar el lado m\u00e1s ameno y l\u00fadico de la ciencia, seg\u00fan ha explicado el coordinador de la Feria de la Ciencia de Atarfe, <strong>Francisco Jos\u00e9 Jim\u00e9nez Molina<\/strong>.<\/div>\n<div><\/div>\n<div>En los diferentes expositores que han instalado los colegios, los alumnos muestran con sencillos experimentos y ensayos los conocimientos cient\u00edficos adquiridos durante el curso.<\/div>\n<div><\/div>\n<div>El alcalde <strong>Francisco Rodr\u00edguez Quesada<\/strong> ha destacado la labor que viene desarrollando la comunidad educativa de Atarfe para &#8216;despertar la vocaci\u00f3n cient\u00edfica de los alumnos&#8217;. &#8216;Experiencias como la de la Feria de la Ciencia son ya un referente para otros municipios andaluces y ello es posible gracias a la uni\u00f3n de la comunidad formada por alumnos, docentes y padres&#8217;, ha subrayado.<\/div>\n<div><\/div>\n<div><img data-recalc-dims=\"1\" loading=\"lazy\" decoding=\"async\" src=\"https:\/\/i0.wp.com\/www.ciudadatarfe.com\/data\/fotos_contenidos_web\/1697_2024_20170404131507.jpg?resize=442%2C315\" width=\"442\" height=\"315\" border=\"0\" \/><\/div>\n<div><\/div>\n<div>El programa incluye talleres sobre energ\u00edas renovables, cocina solar, experimentos con biolog\u00eda y m\u00e9todos de reciclaje, sesiones de animaci\u00f3n cient\u00edfica, conferencias y exposiciones.<\/div>\n<div><\/div>\n<div>Entre las novedades de este a\u00f1o est\u00e1 la presencia de organismos y entidades que ven en la feria una oportunidad para dar a conocer su actividad. El Ministerio de Industria y Energ\u00eda ha desplazado al lugar su Oficina de Seguridad del Internauta para informar a los alumnos de cuestiones relacionadas con la ciberseguridad. Por primera vez tambi\u00e9n est\u00e1 presente la Cruz Roja con un taller sobre el medio natural y la necesidad de cuidar los r\u00edos, y est\u00e1 prevista la participaci\u00f3n de cient\u00edficos nacidos en Atarfe que desarrollan su actividad en distintos pa\u00edses.<\/div>\n<div><\/div>\n<div>La Feria de la Ciencia es posible gracias al apoyo del Ayuntamiento de Atarfe, la Consrejer\u00eda de Educaci\u00f3n, la Fundaci\u00f3n Descubre, la Universidad de Granada, la Diputaci\u00f3n y el Parque las Ciencias, entre otras instituciones. Entre los colegios participantes figuran el CEIP Atalaya, CEIOP Clara Campoamor, CEIP Dr. Jim\u00e9nez Rueda, CEIP Fernando de los R\u00edos, CEIP Medina Elvira, SAFA, IES Il\u00edberis, IES Vega, SEPER Mariana Pineda y NovaScholl Medina Elvira.<\/div>\n<div><\/div>\n","protected":false},"excerpt":{"rendered":"<p>El alcalde Francisco Rodr\u00edguez Quesada ha destacado la labor de la comunidad educativa en su&#8230;<\/p>\n","protected":false},"author":1,"featured_media":15561,"comment_status":"closed","ping_status":"closed","sticky":false,"template":"","format":"standard","meta":{"_coblocks_attr":"","_coblocks_dimensions":"","_coblocks_responsive_height":"","_coblocks_accordion_ie_support":"","jetpack_post_was_ever_published":false,"_jetpack_newsletter_access":"","_jetpack_dont_email_post_to_subs":false,"_jetpack_newsletter_tier_id":0,"_jetpack_memberships_contains_paywalled_content":false,"_jetpack_memberships_contains_paid_content":false,"footnotes":"","jetpack_publicize_message":"","jetpack_publicize_feature_enabled":true,"jetpack_social_post_already_shared":false,"jetpack_social_options":{"image_generator_settings":{"template":"highway","default_image_id":0,"enabled":false},"version":2}},"categories":[2,187,186,44,15],"tags":[81,53],"class_list":["post-15560","post","type-post","status-publish","format-standard","has-post-thumbnail","hentry","category-atarfe","category-centros-educativos","category-instituciones","category-noticias-de-hoy","category-ultimas-noticias","tag-atarfe","tag-ciencia"],"jetpack_publicize_connections":[],"jetpack_featured_media_url":"https:\/\/i0.wp.com\/miradordeatarfe.es\/wp-content\/uploads\/2017\/04\/IMG-20170404-WA0000.jpg?fit=742%2C613&ssl=1","jetpack_likes_enabled":true,"jetpack_sharing_enabled":true,"_links":{"self":[{"href":"https:\/\/miradordeatarfe.es\/index.php?rest_route=\/wp\/v2\/posts\/15560","targetHints":{"allow":["GET"]}}],"collection":[{"href":"https:\/\/miradordeatarfe.es\/index.php?rest_route=\/wp\/v2\/posts"}],"about":[{"href":"https:\/\/miradordeatarfe.es\/index.php?rest_route=\/wp\/v2\/types\/post"}],"author":[{"embeddable":true,"href":"https:\/\/miradordeatarfe.es\/index.php?rest_route=\/wp\/v2\/users\/1"}],"replies":[{"embeddable":true,"href":"https:\/\/miradordeatarfe.es\/index.php?rest_route=%2Fwp%2Fv2%2Fcomments&post=15560"}],"version-history":[{"count":1,"href":"https:\/\/miradordeatarfe.es\/index.php?rest_route=\/wp\/v2\/posts\/15560\/revisions"}],"predecessor-version":[{"id":15562,"href":"https:\/\/miradordeatarfe.es\/index.php?rest_route=\/wp\/v2\/posts\/15560\/revisions\/15562"}],"wp:featuredmedia":[{"embeddable":true,"href":"https:\/\/miradordeatarfe.es\/index.php?rest_route=\/wp\/v2\/media\/15561"}],"wp:attachment":[{"href":"https:\/\/miradordeatarfe.es\/index.php?rest_route=%2Fwp%2Fv2%2Fmedia&parent=15560"}],"wp:term":[{"taxonomy":"category","embeddable":true,"href":"https:\/\/miradordeatarfe.es\/index.php?rest_route=%2Fwp%2Fv2%2Fcategories&post=15560"},{"taxonomy":"post_tag","embeddable":true,"href":"https:\/\/miradordeatarfe.es\/index.php?rest_route=%2Fwp%2Fv2%2Ftags&post=15560"}],"curies":[{"name":"wp","href":"https:\/\/api.w.org\/{rel}","templated":true}]}}