{"id":15566,"date":"2017-04-07T10:39:34","date_gmt":"2017-04-07T08:39:34","guid":{"rendered":"http:\/\/miradordeatarfe.es\/?p=15566"},"modified":"2017-04-05T10:19:51","modified_gmt":"2017-04-05T08:19:51","slug":"el-area-metropolitana-de-granada-recibe-60-millones-para-avanzar-en-las-dos-autovias-que-se-construyen","status":"publish","type":"post","link":"https:\/\/miradordeatarfe.es\/?p=15566","title":{"rendered":"El \u00c1rea Metropolitana de Granada recibe 60 millones para avanzar en las dos autov\u00edas que se construyen"},"content":{"rendered":"<p>El Gobierno dota de m\u00e1s presupuesto a la Segunda Circunvalaci\u00f3n \u00b7 La GR43, que discurre entre Pinos Puente y Atarfe recibe 7,1 millones<!--more--><\/p>\n<p style=\"text-align: justify;\">Dentro de la provisionalidad que suponen estos Prespuestos Generales del Estado, dado que a\u00fan hay una convocatoria electoral que podr\u00eda cambiar los planes del actual Gobierno central del PP, el \u00c1rea Metropolitana ha visto c\u00f3mo se han destinado varias partidas a las dos autov\u00edas que se construyen en el \u2018Cintur\u00f3n\u2019.<\/p>\n<p style=\"text-align: justify;\">Las pretensiones\u00a0 del actual Ejecutivo es que estas dos v\u00edas se terminen y se pongan a punto cuanto antes, algo para lo que ha destinado casi 60 millones de euros, si bien, es la Segunda Circunvalaci\u00f3n la que se lleva la palma en este sentido con 52 millones de euros.<\/p>\n<p style=\"text-align: justify;\">No obstante, en su memoria de los PGE, el Gobierno destaca sobre ambas v\u00edas que se ha dotado de manera \u201csuficiente\u201d para licitar el tramo de <strong>Las Gabias<\/strong> \u2013 <strong>Alhend\u00edn<\/strong> de la Segunda Circunvalaci\u00f3n y \u201ccontinuar\u201d con las obras que est\u00e1n en ejecuci\u00f3n, si bien, no especifica plazos que podr\u00edan prolongarse hasta 2017, como poco.<\/p>\n<p style=\"text-align: justify;\">En el anexo de inversiones reales de los PGE, el Gobierno especifica que el tramo entre <strong>Las Gabias<\/strong> y <strong>Alhend\u00edn<\/strong> de esta variante exterior debe iniciarse su pago en 2016 y terminar en 2018, con una inversi\u00f3n total de 70 millones de euros, de la que el pr\u00f3ximo ejercicio se destinar\u00edan 17,58 millones de euros.<\/p>\n<p style=\"text-align: justify;\">No ser\u00eda hasta el ejercicio de 2017 cuando se pagar\u00edan 24,61 millones de euros y el \u00faltimo ejercicio, en 2018, un total de 28,13 millones de euros, el grueso del total para abonar una autov\u00eda cuyos trabajos no han comenzado a\u00fan. A estas cuant\u00edas hay que a\u00f1adir otros 500.000 euros que el Gobierno contempla en sus partidas de los PGE en cada ejercicio, con un coste total en este caso de inversi\u00f3n de 2,25 millones de euros.<\/p>\n<p style=\"text-align: justify;\">El tramo que m\u00e1s dinero recibe es el que actualmente se encuentra en obras. Se trata del <strong>Albolote<\/strong> \u2013 <strong>Santa Fe<\/strong> y que el Ejecutivo central quiere poner en servicio cuanto antes para comunicar con la A92G. Para este, de los 125,82 millones de euros que cuesta, el Gobierno ha destinado 10,97 millones de euros, casi el doble que el pasado ejercicio. La previsi\u00f3n es dotar a esta infraestructura de 22,04 millones de euros en 2017 y 20,73 millones de euros en 2018.<\/p>\n<p style=\"text-align: justify;\">El otro punto que est\u00e1 en el aire es el que debe ir desde <strong>Santa Fe<\/strong> a <strong>Las Gabias<\/strong>, de nueve kil\u00f3metros y que el Gobierno ha presupuestado con 18,48 millones de euros de los 64 que cuesta en total. A ellos hay que a\u00f1adir el enlace con la A329 y la A338, que recoge una partida de 340.000 euros para continuar con su redacci\u00f3n.<\/p>\n<p style=\"text-align: justify;\">Para terminar de pagar el tramo que ya est\u00e1 en marcha entre <strong>Albolote<\/strong> y <strong>Calicasas<\/strong>, los PGE recogen una partida que asciende a los 4,5 millones de euros de los 77,06 millones de euros que ha costado la infraestructura en total.En lo que a la futura GR43 se refiere, que va de <strong>Pinos Puente<\/strong> a <strong>Atarfe<\/strong> hasta llegar a <strong>Granada<\/strong>, el Gobierno central contin\u00faa tambi\u00e9n destinado dotaci\u00f3n presupuetaria para una v\u00eda de 9,7 kil\u00f3metros de longitud y que est\u00e1 previsto termine de pagarse en 2019 con un coste total de 159,24 millones de euros. Para el pr\u00f3ximo ejercicio, la cuant\u00eda presupuestada es de 7,12 millones de euros, si bien no es hasta el de 2017 cuando se produce el grueso de la inversi\u00f3n, con un total de 38,31 millones de euros, seguido de la partida de 2018 con 26,54 millones de euros y de 2019 con 37,46 millones de euros.<\/p>\n<p style=\"text-align: justify;\"><a href=\"https:\/\/i0.wp.com\/miradordeatarfe.es\/wp-content\/uploads\/2017\/04\/Presupuestos-Generales-del-Estado-2016-552x310.jpg?ssl=1\"><img data-recalc-dims=\"1\" loading=\"lazy\" decoding=\"async\" class=\"alignnone  wp-image-15569\" src=\"https:\/\/i0.wp.com\/miradordeatarfe.es\/wp-content\/uploads\/2017\/04\/Presupuestos-Generales-del-Estado-2016-552x310.jpg?resize=640%2C359&#038;ssl=1\" alt=\"\" width=\"640\" height=\"359\" srcset=\"https:\/\/i0.wp.com\/miradordeatarfe.es\/wp-content\/uploads\/2017\/04\/Presupuestos-Generales-del-Estado-2016-552x310.jpg?resize=552%2C310&amp;ssl=1 552w, https:\/\/i0.wp.com\/miradordeatarfe.es\/wp-content\/uploads\/2017\/04\/Presupuestos-Generales-del-Estado-2016-552x310.jpg?resize=300%2C168&amp;ssl=1 300w\" sizes=\"auto, (max-width: 640px) 100vw, 640px\" \/><\/a><\/p>\n","protected":false},"excerpt":{"rendered":"<p>El Gobierno dota de m\u00e1s presupuesto a la Segunda Circunvalaci\u00f3n \u00b7 La GR43, que discurre&#8230;<\/p>\n","protected":false},"author":1,"featured_media":15568,"comment_status":"closed","ping_status":"closed","sticky":false,"template":"","format":"standard","meta":{"_coblocks_attr":"","_coblocks_dimensions":"","_coblocks_responsive_height":"","_coblocks_accordion_ie_support":"","jetpack_post_was_ever_published":false,"_jetpack_newsletter_access":"","_jetpack_dont_email_post_to_subs":false,"_jetpack_newsletter_tier_id":0,"_jetpack_memberships_contains_paywalled_content":false,"_jetpack_memberships_contains_paid_content":false,"footnotes":"","jetpack_publicize_message":"","jetpack_publicize_feature_enabled":true,"jetpack_social_post_already_shared":false,"jetpack_social_options":{"image_generator_settings":{"template":"highway","default_image_id":0,"enabled":false},"version":2}},"categories":[2,186,44,15],"tags":[],"class_list":["post-15566","post","type-post","status-publish","format-standard","has-post-thumbnail","hentry","category-atarfe","category-instituciones","category-noticias-de-hoy","category-ultimas-noticias"],"jetpack_publicize_connections":[],"jetpack_featured_media_url":"https:\/\/i0.wp.com\/miradordeatarfe.es\/wp-content\/uploads\/2017\/04\/images.jpg?fit=311%2C162&ssl=1","jetpack_likes_enabled":true,"jetpack_sharing_enabled":true,"_links":{"self":[{"href":"https:\/\/miradordeatarfe.es\/index.php?rest_route=\/wp\/v2\/posts\/15566","targetHints":{"allow":["GET"]}}],"collection":[{"href":"https:\/\/miradordeatarfe.es\/index.php?rest_route=\/wp\/v2\/posts"}],"about":[{"href":"https:\/\/miradordeatarfe.es\/index.php?rest_route=\/wp\/v2\/types\/post"}],"author":[{"embeddable":true,"href":"https:\/\/miradordeatarfe.es\/index.php?rest_route=\/wp\/v2\/users\/1"}],"replies":[{"embeddable":true,"href":"https:\/\/miradordeatarfe.es\/index.php?rest_route=%2Fwp%2Fv2%2Fcomments&post=15566"}],"version-history":[{"count":2,"href":"https:\/\/miradordeatarfe.es\/index.php?rest_route=\/wp\/v2\/posts\/15566\/revisions"}],"predecessor-version":[{"id":15570,"href":"https:\/\/miradordeatarfe.es\/index.php?rest_route=\/wp\/v2\/posts\/15566\/revisions\/15570"}],"wp:featuredmedia":[{"embeddable":true,"href":"https:\/\/miradordeatarfe.es\/index.php?rest_route=\/wp\/v2\/media\/15568"}],"wp:attachment":[{"href":"https:\/\/miradordeatarfe.es\/index.php?rest_route=%2Fwp%2Fv2%2Fmedia&parent=15566"}],"wp:term":[{"taxonomy":"category","embeddable":true,"href":"https:\/\/miradordeatarfe.es\/index.php?rest_route=%2Fwp%2Fv2%2Fcategories&post=15566"},{"taxonomy":"post_tag","embeddable":true,"href":"https:\/\/miradordeatarfe.es\/index.php?rest_route=%2Fwp%2Fv2%2Ftags&post=15566"}],"curies":[{"name":"wp","href":"https:\/\/api.w.org\/{rel}","templated":true}]}}