{"id":15571,"date":"2017-04-05T06:44:13","date_gmt":"2017-04-05T04:44:13","guid":{"rendered":"http:\/\/miradordeatarfe.es\/?p=15571"},"modified":"2017-04-04T21:46:13","modified_gmt":"2017-04-04T19:46:13","slug":"registrado-un-terremoto-de-29-grados-localizado-en-fuente-vaqueros","status":"publish","type":"post","link":"https:\/\/miradordeatarfe.es\/?p=15571","title":{"rendered":"Registrado un terremoto de 2,9 grados localizado en Fuente Vaqueros"},"content":{"rendered":"<p>Ha sido percibido en pueblos como Pinos puente, Atarfe o Granada capital, entre otros<!--more--><\/p>\n<p style=\"text-align: justify;\">El Instituto Geogr\u00e1fico Nacional ha registrado este martes un terremoto de 2,9 grados con epicentro en Fuente Vaqueros.<\/p>\n<p style=\"text-align: justify;\">Pese a que inicialmente el se\u00edsmo hab\u00eda sido localizado en el municipio metropolitano de <strong>Chauchina<\/strong>, de 3,2 grados, la revisi\u00f3n del IGN lo ha situado en una latitud de 37.2174 y una longitud de -3.7740, en el t\u00e9rmino municipal fuenterino y de tres d\u00e9cimas menos.<\/p>\n<p style=\"text-align: justify;\">El temblor se ha producido hacia las 15.42 horas de la tarde de este martes y ha sido percibido en municipios como <strong>Atarfe, Pinos Puente, Maracena, Chauchina<\/strong> o incluso <strong>Granada<\/strong> capital. No hay constancia de que se hayan producido da\u00f1os personales ni materiales por el temblor.<\/p>\n","protected":false},"excerpt":{"rendered":"<p>Ha sido percibido en pueblos como Pinos puente, Atarfe o Granada capital, entre otros<\/p>\n","protected":false},"author":1,"featured_media":15572,"comment_status":"closed","ping_status":"closed","sticky":false,"template":"","format":"standard","meta":{"_coblocks_attr":"","_coblocks_dimensions":"","_coblocks_responsive_height":"","_coblocks_accordion_ie_support":"","jetpack_post_was_ever_published":false,"_jetpack_newsletter_access":"","_jetpack_dont_email_post_to_subs":false,"_jetpack_newsletter_tier_id":0,"_jetpack_memberships_contains_paywalled_content":false,"_jetpack_memberships_contains_paid_content":false,"footnotes":"","jetpack_publicize_message":"","jetpack_publicize_feature_enabled":true,"jetpack_social_post_already_shared":false,"jetpack_social_options":{"image_generator_settings":{"template":"highway","default_image_id":0,"enabled":false},"version":2}},"categories":[2,44,15],"tags":[81,3716],"class_list":["post-15571","post","type-post","status-publish","format-standard","has-post-thumbnail","hentry","category-atarfe","category-noticias-de-hoy","category-ultimas-noticias","tag-atarfe","tag-terremot"],"jetpack_publicize_connections":[],"jetpack_featured_media_url":"https:\/\/i0.wp.com\/miradordeatarfe.es\/wp-content\/uploads\/2017\/04\/Terremoto-en-Fuente-Vaqueros-01-958x538.gif?fit=958%2C538&ssl=1","jetpack_likes_enabled":true,"jetpack_sharing_enabled":true,"_links":{"self":[{"href":"https:\/\/miradordeatarfe.es\/index.php?rest_route=\/wp\/v2\/posts\/15571","targetHints":{"allow":["GET"]}}],"collection":[{"href":"https:\/\/miradordeatarfe.es\/index.php?rest_route=\/wp\/v2\/posts"}],"about":[{"href":"https:\/\/miradordeatarfe.es\/index.php?rest_route=\/wp\/v2\/types\/post"}],"author":[{"embeddable":true,"href":"https:\/\/miradordeatarfe.es\/index.php?rest_route=\/wp\/v2\/users\/1"}],"replies":[{"embeddable":true,"href":"https:\/\/miradordeatarfe.es\/index.php?rest_route=%2Fwp%2Fv2%2Fcomments&post=15571"}],"version-history":[{"count":1,"href":"https:\/\/miradordeatarfe.es\/index.php?rest_route=\/wp\/v2\/posts\/15571\/revisions"}],"predecessor-version":[{"id":15573,"href":"https:\/\/miradordeatarfe.es\/index.php?rest_route=\/wp\/v2\/posts\/15571\/revisions\/15573"}],"wp:featuredmedia":[{"embeddable":true,"href":"https:\/\/miradordeatarfe.es\/index.php?rest_route=\/wp\/v2\/media\/15572"}],"wp:attachment":[{"href":"https:\/\/miradordeatarfe.es\/index.php?rest_route=%2Fwp%2Fv2%2Fmedia&parent=15571"}],"wp:term":[{"taxonomy":"category","embeddable":true,"href":"https:\/\/miradordeatarfe.es\/index.php?rest_route=%2Fwp%2Fv2%2Fcategories&post=15571"},{"taxonomy":"post_tag","embeddable":true,"href":"https:\/\/miradordeatarfe.es\/index.php?rest_route=%2Fwp%2Fv2%2Ftags&post=15571"}],"curies":[{"name":"wp","href":"https:\/\/api.w.org\/{rel}","templated":true}]}}