{"id":15749,"date":"2017-04-07T10:41:54","date_gmt":"2017-04-07T08:41:54","guid":{"rendered":"http:\/\/miradordeatarfe.es\/?p=15749"},"modified":"2017-04-07T12:05:52","modified_gmt":"2017-04-07T10:05:52","slug":"la-feria-de-la-ciencia-de-atarfe-reune-a-3-500-visitantes-en-talleres-y-experimentos","status":"publish","type":"post","link":"https:\/\/miradordeatarfe.es\/?p=15749","title":{"rendered":"La Feria de la Ciencia de Atarfe re\u00fane a 3.500 visitantes en talleres y experimentos"},"content":{"rendered":"<p style=\"text-align: justify;\">M\u00e1s de 3.500 visitantes y 2.300 alumnos han participado esta semana en Atarfe (Granada) en la octava edici\u00f3n de la Feria de la Ciencia de la ciudad granadina, que\u00a0 cierra sus puertas y se consolida as\u00ed en el calendario andaluz de ferias dedicadas a la divulgaci\u00f3n de la ciencia.<!--more--><\/p>\n<p style=\"text-align: justify;\">La muestra, que se celebra en el Centro Cultural Medina Elvira, est\u00e1 promovida por los centros educativos del municipio y el Ayuntamiento, con el apoyo de la Fundaci\u00f3n Descubre.<\/p>\n<p style=\"text-align: justify;\">La Feria ha sido clausurada hoy por el alcalde de Atarfe, Francisco Rodr\u00edguez Quesada; el delegado de Educaci\u00f3n, Germ\u00e1n Gonz\u00e1lez, y la directora de la Fundaci\u00f3n Descubre, Teresa Cruz. Desde el pasado lunes, unos 2.300 alumnos de 10 centros de Educaci\u00f3n Infantil, Primaria y Secundaria, se han ocupado de la presentaci\u00f3n de contenidos de cada uno de los expositores participantes, bajo el asesoramiento y la direcci\u00f3n de 95 profesores tras una planificaci\u00f3n y preparaci\u00f3n previa.<\/p>\n<p style=\"text-align: justify;\">La edici\u00f3n de 2017 est\u00e1 dedicada al agua, los oc\u00e9anos y su uso responsable, siguiendo as\u00ed la celebraci\u00f3n en 2017 del A\u00f1o Internacional del Turismo Sostenible para el Desarrollo. La actividad est\u00e1 abierta, en horario de ma\u00f1ana, a los centros educativos. Para el p\u00fablico en general lo estar\u00e1 durante las tardes.<br \/>\nLa Feria de la Ciencia de Atarfe forma parte de la Red de Ferias de la Ciencia y la Innovaci\u00f3n de Andaluc\u00eda. Constituida en 2011 por las principales muestras cient\u00edficas de la Comunidad aut\u00f3noma bajo la iniciativa de la Fundaci\u00f3n Descubre con la esponsorizaci\u00f3n de la <a href=\"http:\/\/www.juntadeandalucia.es\/organismos\/economiayconocimiento.html\" target=\"_blank\">Consejer\u00eda de Econom\u00eda y Conocimiento<\/a>, tiene como fin aunar fuerzas para despertar vocaciones cient\u00edficas, impulsar la divulgaci\u00f3n del conocimiento, fomentar la participaci\u00f3n ciudadana, potenciar la imagen de la ciencia, consolidar e impulsar las ferias, y crear un foro de encuentro entre los divulgadores de la ciencia de Andaluc\u00eda.<br \/>\nLa Red de Ferias de la Ciencia participa de forma activa con la financiaci\u00f3n del proyecto, la cesi\u00f3n de materiales divulgativos y su difusi\u00f3n, dando soporte a la Feria y permitiendo su consolidaci\u00f3n en el tiempo.<\/p>\n<p style=\"text-align: justify;\"><a href=\"https:\/\/i0.wp.com\/gestion.fundaciondescubre.es\/files\/2017\/04\/atarfe3W.gif\"><img data-recalc-dims=\"1\" loading=\"lazy\" decoding=\"async\" class=\" size-full wp-image-39775 alignleft\" src=\"https:\/\/i0.wp.com\/gestion.fundaciondescubre.es\/files\/2017\/04\/atarfe3W.gif?resize=290%2C193\" alt=\"atarfe3W\" width=\"290\" height=\"193\" \/><\/a>El certamen cuenta adem\u00e1s con el apoyo de las Consejer\u00edas de Econom\u00eda y Conocimiento y Educaci\u00f3n, el Ayuntamiento de Atarfe, la Diputaci\u00f3n de Granada, la <a href=\"https:\/\/www.ugr.es\/\" target=\"_blank\">Universidad de Granada<\/a>, el <a href=\"http:\/\/www.parqueciencias.com\/parqueciencias\/\" target=\"_blank\">Parque de las Ciencias<\/a>, <a href=\"http:\/\/www.cienciaenaccion.org\/\" target=\"_blank\">Ciencia en Acci\u00f3n<\/a>, <a href=\"https:\/\/www.caixabank.es\/index_es.html\" target=\"_blank\">La Caixa<\/a>, <a href=\"https:\/\/www.csif.es\/\" target=\"_blank\">CSIF<\/a>, Cuerpos de Seguridad del Estado, <a href=\"http:\/\/esferamagazine.com\/\" target=\"_blank\">Esfera Magazine<\/a>, <a href=\"https:\/\/www.coviran.es\/\" target=\"_blank\">Coviran<\/a>, <a href=\"http:\/\/www.lasyucas.com\/\" target=\"_blank\">Restaurante Las Yucas<\/a>, <a href=\"http:\/\/www.cruzroja.es\/principal\/web\/cruz-roja\/inicio\" target=\"_blank\">Cruz Roja<\/a>, <a href=\"http:\/\/cienciadivertida.es\/\" target=\"_blank\">Ciencia Divertida<\/a>, <a href=\"http:\/\/www.csic.es\/\" target=\"_blank\">CSIC<\/a>, <a href=\"http:\/\/www.hablandodeciencia.com\/\" target=\"_blank\">Hablando de ciencia<\/a> y el Restaurante Buen\u00edssimo.<\/p>\n<p style=\"text-align: justify;\">Con el concurso de carteles celebrado el pasado mes de octubre, se iniciaron los preparativos de la Feria, en la que participan alumnos de todos los centros de la ciudad. Seguidamente, ya en el mes de marzo se celebr\u00f3 la presentaci\u00f3n de la Feria, una jornada de convivencia entre los docentes. Con la celebraci\u00f3n del evento, los organizadores pretenden ofrecer un espacio dedicado a divulgar la ciencia, compartir buenas pr\u00e1cticas y dar a conocer los trabajos de investigaci\u00f3n que se est\u00e1n realizando en los centros educativos, al tiempo que supone una excelente forma de despertar vocaciones cient\u00edficas desde las edades m\u00e1s tempranas. Paralelamente, el objetivo de la iniciativa es el fomento del inter\u00e9s y la sensibilizaci\u00f3n de la poblaci\u00f3n escolar y de la ciudadan\u00eda en torno a la ciencia y la investigaci\u00f3n.<\/p>\n<p style=\"text-align: justify;\">La Feria est\u00e1 organizada por los CEIP Atalaya, Clara Campoamor, Dr. Jim\u00e9nez Rueda, Fernando de los R\u00edos y Medina Elvira; el Colegio SAFA; los IES Il\u00edberis y Vega de Atarfe; SEPER Mariana Pineda, y NovaSchool Medina Elvira, junto al Ayuntamiento de la ciudad granadina. Todo con el objetivo de ofrecer un espacio dedicado a compartir las experiencias que se han ido desarrollando desde las aulas, expuestas por el alumnado y como consecuencia de actividades de formaci\u00f3n espec\u00edfica del profesorado implicado.<\/p>\n<p style=\"text-align: justify;\"><a href=\"https:\/\/i0.wp.com\/gestion.fundaciondescubre.es\/files\/2017\/04\/atarfe5W.gif\"><img data-recalc-dims=\"1\" loading=\"lazy\" decoding=\"async\" class=\" size-full wp-image-39777 alignleft\" src=\"https:\/\/i0.wp.com\/gestion.fundaciondescubre.es\/files\/2017\/04\/atarfe5W.gif?resize=290%2C193\" alt=\"atarfe5W\" width=\"290\" height=\"193\" \/><\/a><strong>Red de Ferias de la Ciencia y la Innovaci\u00f3n de Andaluc\u00eda<\/strong><\/p>\n<p style=\"text-align: justify;\">La Feria de la Ciencia de Atarfe se integra en la Red de Ferias de la Ciencia y la Innovaci\u00f3n de Andaluc\u00eda. Constituida en 2011 por las principales muestras cient\u00edficas de la Comunidad aut\u00f3noma bajo la iniciativa de la Fundaci\u00f3n Descubre con la esponsorizaci\u00f3n de la Consejer\u00eda de Econom\u00eda y Conocimiento, tiene como fin aunar fuerzas para despertar vocaciones cient\u00edficas, impulsar la divulgaci\u00f3n del conocimiento, fomentar la participaci\u00f3n ciudadana, potenciar la imagen de la ciencia, consolidar e impulsar las ferias, y crear un foro de encuentro entre los divulgadores de la ciencia de Andaluc\u00eda.<br \/>\nEn concreto, la Red est\u00e1 formada, adem\u00e1s de la cita de Atarfe, por la Feria de la Ciencia de Sevilla, la Feria de la Ciencia de Castilblanco de los Arroyos (Sevilla), el Encuentro de Ciencias Bezmiliana (Rinc\u00f3n de la Victoria, M\u00e1laga), el Paseo por la Ciencia de C\u00f3rdoba, la Feria de las Ciencias Ibn Al-Baytar (Arroyo de la Miel, Benalm\u00e1dena, M\u00e1laga), los Encuentros de Alumnado Investigador de C\u00e1diz, la Feria Ciencia para Tod@s (\u00dabeda, Ja\u00e9n), las Jornadas de Ciencia en la Calle \u2018Diverciencia\u2019 (Algeciras, C\u00e1diz) y la Feria de Ciencia en la Calle de Jerez (C\u00e1diz<\/p>\n<p style=\"text-align: justify;\">\n<p><a href=\"https:\/\/fundaciondescubre.es\/blog\/2017\/04\/06\/la-viii-feria-de-la-ciencia-de-atarfe-granada-reune-a-mas-de-3-500-visitantes-y-unos-2-300-estudiantes-en-talleres-exposiciones-y-experimentos\/\">https:\/\/fundaciondescubre.es\/blog\/2017\/04\/06\/la-viii-feria-de-la-ciencia-de-atarfe-granada-reune-a-mas-de-3-500-visitantes-y-unos-2-300-estudiantes-en-talleres-exposiciones-y-experimentos\/<\/a><\/p>\n","protected":false},"excerpt":{"rendered":"<p>M\u00e1s de 3.500 visitantes y 2.300 alumnos han participado esta semana en Atarfe (Granada) en&#8230;<\/p>\n","protected":false},"author":1,"featured_media":15750,"comment_status":"closed","ping_status":"closed","sticky":false,"template":"","format":"standard","meta":{"_coblocks_attr":"","_coblocks_dimensions":"","_coblocks_responsive_height":"","_coblocks_accordion_ie_support":"","jetpack_post_was_ever_published":false,"_jetpack_newsletter_access":"","_jetpack_dont_email_post_to_subs":false,"_jetpack_newsletter_tier_id":0,"_jetpack_memberships_contains_paywalled_content":false,"_jetpack_memberships_contains_paid_content":false,"footnotes":"","jetpack_publicize_message":"","jetpack_publicize_feature_enabled":true,"jetpack_social_post_already_shared":false,"jetpack_social_options":{"image_generator_settings":{"template":"highway","default_image_id":0,"enabled":false},"version":2}},"categories":[2,187,44,15],"tags":[81,526,53],"class_list":["post-15749","post","type-post","status-publish","format-standard","has-post-thumbnail","hentry","category-atarfe","category-centros-educativos","category-noticias-de-hoy","category-ultimas-noticias","tag-atarfe","tag-centros-educativos","tag-ciencia"],"jetpack_publicize_connections":[],"jetpack_featured_media_url":"https:\/\/i0.wp.com\/miradordeatarfe.es\/wp-content\/uploads\/2017\/04\/atarfe1W.gif?fit=290%2C193&ssl=1","jetpack_likes_enabled":true,"jetpack_sharing_enabled":true,"_links":{"self":[{"href":"https:\/\/miradordeatarfe.es\/index.php?rest_route=\/wp\/v2\/posts\/15749","targetHints":{"allow":["GET"]}}],"collection":[{"href":"https:\/\/miradordeatarfe.es\/index.php?rest_route=\/wp\/v2\/posts"}],"about":[{"href":"https:\/\/miradordeatarfe.es\/index.php?rest_route=\/wp\/v2\/types\/post"}],"author":[{"embeddable":true,"href":"https:\/\/miradordeatarfe.es\/index.php?rest_route=\/wp\/v2\/users\/1"}],"replies":[{"embeddable":true,"href":"https:\/\/miradordeatarfe.es\/index.php?rest_route=%2Fwp%2Fv2%2Fcomments&post=15749"}],"version-history":[{"count":2,"href":"https:\/\/miradordeatarfe.es\/index.php?rest_route=\/wp\/v2\/posts\/15749\/revisions"}],"predecessor-version":[{"id":15752,"href":"https:\/\/miradordeatarfe.es\/index.php?rest_route=\/wp\/v2\/posts\/15749\/revisions\/15752"}],"wp:featuredmedia":[{"embeddable":true,"href":"https:\/\/miradordeatarfe.es\/index.php?rest_route=\/wp\/v2\/media\/15750"}],"wp:attachment":[{"href":"https:\/\/miradordeatarfe.es\/index.php?rest_route=%2Fwp%2Fv2%2Fmedia&parent=15749"}],"wp:term":[{"taxonomy":"category","embeddable":true,"href":"https:\/\/miradordeatarfe.es\/index.php?rest_route=%2Fwp%2Fv2%2Fcategories&post=15749"},{"taxonomy":"post_tag","embeddable":true,"href":"https:\/\/miradordeatarfe.es\/index.php?rest_route=%2Fwp%2Fv2%2Ftags&post=15749"}],"curies":[{"name":"wp","href":"https:\/\/api.w.org\/{rel}","templated":true}]}}