{"id":15774,"date":"2017-04-09T09:50:57","date_gmt":"2017-04-09T07:50:57","guid":{"rendered":"http:\/\/miradordeatarfe.es\/?p=15774"},"modified":"2017-04-08T17:56:35","modified_gmt":"2017-04-08T15:56:35","slug":"15774","status":"publish","type":"post","link":"https:\/\/miradordeatarfe.es\/?p=15774","title":{"rendered":"Los escolares de Atarfe se acercan a la ciencia a trav\u00e9s de una perspectiva pr\u00e1ctica"},"content":{"rendered":"<p>M\u00e1s de 3.500 visitantes y 2.300 alumnos han participado esta semana en <strong>Atarfe<\/strong> en la octava edici\u00f3n de la <strong>Feria de la Ciencia<\/strong> de la localidad granadina, que cierra sus puertas este jueves y se consolida as\u00ed en el calendario andaluz de ferias dedicadas a la divulgaci\u00f3n de la ciencia.<!--more--><\/p>\n<p style=\"text-align: justify;\">La muestra, que se ha celebrado en el Centro Cultural Medina Elvira, est\u00e1 promovida por EL PROFESORADO Y ALUMNADO de \u00a0los centros educativos del municipio y la colaboraci\u00f3n del Ayuntamiento, con el apoyo de la Fundaci\u00f3n Descubre.<\/p>\n<p style=\"text-align: justify;\">La Feria ha sido clausurada por el alcalde de Atarfe, Francisco Rodr\u00edguez Quesada; el delegado de Educaci\u00f3n, Germ\u00e1n Gonz\u00e1lez, y la directora de la Fundaci\u00f3n Descubre, Teresa Cruz. Desde el pasado lunes, unos 2.300 alumnos de 10 centros de Educaci\u00f3n Infantil, Primaria y Secundaria, se han ocupado de la presentaci\u00f3n de contenidos de cada uno de los expositores participantes, bajo el asesoramiento y la direcci\u00f3n de 95 profesores tras una planificaci\u00f3n y preparaci\u00f3n previa.<\/p>\n<p style=\"text-align: justify;\">La edici\u00f3n de 2017 est\u00e1 dedicada al agua, los oc\u00e9anos y su uso responsable, siguiendo as\u00ed la celebraci\u00f3n en 2017 del A\u00f1o Internacional del Turismo Sostenible para el Desarrollo. La actividad est\u00e1 abierta, en horario de ma\u00f1ana, a los centros educativos. Para el p\u00fablico en general lo estar\u00e1 durante las tardes.<\/p>\n<p style=\"text-align: justify;\">La <strong>Feria de la Ciencia de Atarfe<\/strong> forma parte de la Red de Ferias de la Ciencia y la Innovaci\u00f3n de Andaluc\u00eda. Constituida en 2011 por las principales muestras cient\u00edficas de la Comunidad aut\u00f3noma bajo la iniciativa de la Fundaci\u00f3n Descubre con la esponsorizaci\u00f3n de la Consejer\u00eda de Econom\u00eda y Conocimiento, tiene como fin aunar fuerzas para despertar vocaciones cient\u00edficas, impulsar la divulgaci\u00f3n del conocimiento, fomentar la participaci\u00f3n ciudadana, potenciar la imagen de la ciencia, consolidar e impulsar las ferias, y crear un foro de encuentro entre los divulgadores de la ciencia de Andaluc\u00eda.<\/p>\n<p style=\"text-align: justify;\">La Red de Ferias de la Ciencia participa de forma activa con la financiaci\u00f3n del proyecto, la cesi\u00f3n de materiales divulgativos y su difusi\u00f3n, dando soporte a la Feria y permitiendo su consolidaci\u00f3n en el tiempo.<\/p>\n<p style=\"text-align: justify;\">\u201c<em>Despertar vocaciones cient\u00edficas y potenciar la investigaci\u00f3n entre el alumnado es fundamental para el futuro de nuestra sociedad\u201c<\/em>, ha se\u00f1alado el delegado territorial de Educaci\u00f3n, Germ\u00e1n Gonz\u00e1lez, que clausur\u00f3 la Feria de la Ciencia acompa\u00f1ado del alcalde de <strong>Atarfe<\/strong>, Francisco Rodr\u00edguez, y de representantes de los centros educativos de la localidad.<\/p>\n<p style=\"text-align: justify;\">Gonz\u00e1lez ha<strong> agradecido a los docentes de la localidad<\/strong> <em>\u201csu labor a la hora de trazar l\u00edneas de trabajo comunes, buscando claves compartidas entre los distintos centros que, sin duda, redundan en la mejora de la Educaci\u00f3n de los alumnos y alumnas de Atarfe, y convierten al municipio en un referente de innovaci\u00f3n, con grandes resultados en el desarrollo de diferentes metodolog\u00edas basadas en n\u00facleos tem\u00e1ticos y el aprendizaje basado en proyectos, en la incorporaci\u00f3n de nuevas tecnolog\u00edas, y en una visi\u00f3n integral que fomenta la convivencia positiva y la educaci\u00f3n en valores\u201d.<\/em><\/p>\n<p style=\"text-align: justify;\">La propuesta de este a\u00f1o, bajo el t\u00edtulo de \u2018Aquaterra\u2019, ha estado dedicada a celebrar el A\u00f1o Internacional del Turismo Sostenible para el Desarrollo y ha contado con actividades de promoci\u00f3n de valores medioambientales, incluyendo distintos talleres sobre ciencia, as\u00ed como muestras de de gastronom\u00eda cient\u00edfica o exposiciones de experimentos y conferencias. La jornada de clausura ha contado con la conferencia \u2018Salvar el planeta es salvarnos a nosotros\u2019, adem\u00e1s de con talleres, la lectura de relatos de car\u00e1cter cient\u00edfico y la proyecci\u00f3n de un v\u00eddeo que resume el trabajo cient\u00edfico realizado en los distintos centros educativos.<\/p>\n<p style=\"text-align: justify;\">PUBLICADO EN : AHORAGRANADA<\/p>\n<p style=\"text-align: justify;\">\n","protected":false},"excerpt":{"rendered":"<p>M\u00e1s de 3.500 visitantes y 2.300 alumnos han participado esta semana en Atarfe en la&#8230;<\/p>\n","protected":false},"author":1,"featured_media":15775,"comment_status":"closed","ping_status":"closed","sticky":false,"template":"","format":"standard","meta":{"_coblocks_attr":"","_coblocks_dimensions":"","_coblocks_responsive_height":"","_coblocks_accordion_ie_support":"","jetpack_post_was_ever_published":false,"_jetpack_newsletter_access":"","_jetpack_dont_email_post_to_subs":false,"_jetpack_newsletter_tier_id":0,"_jetpack_memberships_contains_paywalled_content":false,"_jetpack_memberships_contains_paid_content":false,"footnotes":"","jetpack_publicize_message":"","jetpack_publicize_feature_enabled":true,"jetpack_social_post_already_shared":false,"jetpack_social_options":{"image_generator_settings":{"template":"highway","default_image_id":0,"enabled":false},"version":2}},"categories":[2,187,186,44,15],"tags":[81,53,1482],"class_list":["post-15774","post","type-post","status-publish","format-standard","has-post-thumbnail","hentry","category-atarfe","category-centros-educativos","category-instituciones","category-noticias-de-hoy","category-ultimas-noticias","tag-atarfe","tag-ciencia","tag-profesorado"],"jetpack_publicize_connections":[],"jetpack_featured_media_url":"https:\/\/i0.wp.com\/miradordeatarfe.es\/wp-content\/uploads\/2017\/04\/Feria-Ciencia-Atarfe-1-1-958x538.jpg?fit=958%2C538&ssl=1","jetpack_likes_enabled":true,"jetpack_sharing_enabled":true,"_links":{"self":[{"href":"https:\/\/miradordeatarfe.es\/index.php?rest_route=\/wp\/v2\/posts\/15774","targetHints":{"allow":["GET"]}}],"collection":[{"href":"https:\/\/miradordeatarfe.es\/index.php?rest_route=\/wp\/v2\/posts"}],"about":[{"href":"https:\/\/miradordeatarfe.es\/index.php?rest_route=\/wp\/v2\/types\/post"}],"author":[{"embeddable":true,"href":"https:\/\/miradordeatarfe.es\/index.php?rest_route=\/wp\/v2\/users\/1"}],"replies":[{"embeddable":true,"href":"https:\/\/miradordeatarfe.es\/index.php?rest_route=%2Fwp%2Fv2%2Fcomments&post=15774"}],"version-history":[{"count":2,"href":"https:\/\/miradordeatarfe.es\/index.php?rest_route=\/wp\/v2\/posts\/15774\/revisions"}],"predecessor-version":[{"id":15777,"href":"https:\/\/miradordeatarfe.es\/index.php?rest_route=\/wp\/v2\/posts\/15774\/revisions\/15777"}],"wp:featuredmedia":[{"embeddable":true,"href":"https:\/\/miradordeatarfe.es\/index.php?rest_route=\/wp\/v2\/media\/15775"}],"wp:attachment":[{"href":"https:\/\/miradordeatarfe.es\/index.php?rest_route=%2Fwp%2Fv2%2Fmedia&parent=15774"}],"wp:term":[{"taxonomy":"category","embeddable":true,"href":"https:\/\/miradordeatarfe.es\/index.php?rest_route=%2Fwp%2Fv2%2Fcategories&post=15774"},{"taxonomy":"post_tag","embeddable":true,"href":"https:\/\/miradordeatarfe.es\/index.php?rest_route=%2Fwp%2Fv2%2Ftags&post=15774"}],"curies":[{"name":"wp","href":"https:\/\/api.w.org\/{rel}","templated":true}]}}