{"id":15831,"date":"2017-04-14T10:14:09","date_gmt":"2017-04-14T08:14:09","guid":{"rendered":"http:\/\/miradordeatarfe.es\/?p=15831"},"modified":"2017-04-11T11:19:47","modified_gmt":"2017-04-11T09:19:47","slug":"por-que-agoniza-el-gorrion","status":"publish","type":"post","link":"https:\/\/miradordeatarfe.es\/?p=15831","title":{"rendered":"\u00bfPor qu\u00e9 agoniza el gorri\u00f3n?"},"content":{"rendered":"<p style=\"text-align: justify;\">El gorri\u00f3n lleva miles de a\u00f1os conviviendo con nosotros, pero ahora desaparece sin que nos demos cuenta. El cambio clim\u00e1tico, las especies invasoras y los edificios modernos que les impiden armar sus nidos son algunas de las posibles causas de esta extinci\u00f3n silenciosa. <!--more--><\/p>\n<div id=\"article_container\" class=\"article_body\" style=\"text-align: justify;\">\n<p>EN UN LIBRO recientemente traducido al espa\u00f1ol por la editorial Ariel, El ingenio de los p\u00e1jaros, la escritora Jennifer Ackerman advierte del declive r\u00e1pido y masivo que en la actualidad est\u00e1 experimentando el gorri\u00f3n: \u201cEn el pasado siglo, en Reino Unido se han perdido una media de 50 gorriones comunes por hora.<\/p>\n<p>Nadie sabe a ciencia cierta por qu\u00e9\u201d. Ya en 1962, investigadores de la British Trust for Ornithology detectaron una disminuci\u00f3n del n\u00famero de gorriones comunes (Passer domesticus) que pocos a\u00f1os despu\u00e9s, en la d\u00e9cada comprendida entre 1970 y 1980, se acentuar\u00eda con la desaparici\u00f3n de cerca de 10 millones de individuos.<\/p>\n<p>En los \u00faltimos a\u00f1os, este descenso se ha registrado tambi\u00e9n en otros pa\u00edses. La especie peligra. Se calcula que entre 1980 y 2013, <a href=\"http:\/\/elpais.com\/elpais\/2016\/03\/18\/ciencia\/1458315456_011286.html\">un 63% de estas aves ha desaparecido en Europa<\/a>. En nuestro pa\u00eds, seg\u00fan datos de la Sociedad Espa\u00f1ola de Ornitolog\u00eda (SEO\/BirdLife), se han perdido 8 millones de ejemplares en los \u00faltimos 20 a\u00f1os.<\/p>\n<div id=\"1491900508\" class=\"break_limited\">\n<figure>\n<div class=\"content\">\n<div class=\"figure gallery\" data-type=\"shifter\" data-id=\"galeria_27975279732797427976279782797927980279842798127985279822801927983\" data-subtype=\"modal,dynamizer\" data-ref=\"modal_gallery_photo_27975279732797427976279782797927980279842798127985279822801927983\"><img data-recalc-dims=\"1\" height=\"360\" width=\"640\" decoding=\"async\" src=\"https:\/\/i0.wp.com\/elpaissemanal.elpais.com\/wp-content\/uploads\/2017\/03\/jpg\/30\/19_34\/2115GORRIONES02-1560x877.jpg?resize=640%2C360\" alt=\"2115GORRIONES02\" \/><\/div>\n<\/div><figcaption>Ejemplar pos\u00e1ndose en la mano de un paseante en un parque.<span class=\"author\"> Juan Mill\u00e1s<\/span><\/figcaption><\/figure>\n<\/div>\n<p>Hay pocos p\u00e1jaros a los que uno pueda acercarse hasta una distancia de escasos metros, pero el gorri\u00f3n, de huesos delgad\u00edsimos y (seg\u00fan la delicada descripci\u00f3n del poeta Francis Ponge en \u2018Notas tomadas para un p\u00e1jaro\u2019, un texto incluido en el libro La so\u00f1adora materia) \u201cmiembros inferiores insignificantes, todo muy f\u00e1cil de triturar, sin ninguna resistencia a una presi\u00f3n mec\u00e1nica, protegido por muy poca carne\u201d, se posar\u00e1 sobre tu mano si le ofreces alimento y eres manso.<\/p>\n<p>Ese p\u00e1jaro, que en el parque enrosca sus u\u00f1as en tus dedos, se cuaj\u00f3 dentro de un huevo y pertenece a un orden de las especies que entronca con los antiguos dinosaurios. T\u00fa, igual que el caballo, la ballena y el murci\u00e9lago, fuiste gestado en un \u00fatero y, como ellos, procedes de la evoluci\u00f3n de una rata ancestral.<\/p>\n<p>El esqueleto del p\u00e1jaro es un entramado de huesos huecos por los que circula el aire que llega a trav\u00e9s del aparato respiratorio. El viento atraviesa a los gorriones a la vez que los gorriones perforan el viento, lo que los hace ligeros y muy a\u00e9reos. Su cr\u00e1neo es redondo y peque\u00f1o, termina por delante en un pico grueso; tiene dos enormes cavidades para los ojos, que, a diferencia de los nuestros, no se mueven, permanecen fijos como botones abrochados a ambos lados de la cabeza. Su cuello es muy m\u00f3vil para compensar la par\u00e1lisis de la mirada y conecta con un estern\u00f3n en forma de quilla de nav\u00edo indispensable para el vuelo. Bajo la masa de plumas, en fin, hay un cuerpo que nada tiene que ver con el nuestro.<\/p>\n<div id=\"1491900508\" class=\"break_fullsize layout_25_25\">\n<figure>\n<div class=\"content\">\n<div class=\"figure picture\"><img data-recalc-dims=\"1\" loading=\"lazy\" decoding=\"async\" class=\"\" src=\"https:\/\/i0.wp.com\/elpaissemanal.elpais.com\/wp-content\/uploads\/2017\/03\/jpg\/30\/19_35\/2115GORRIONES09-610x915.jpg?resize=383%2C575\" alt=\"2115GORRIONES09\" width=\"383\" height=\"575\" \/><\/div>\n<div class=\"figure picture\"><img data-recalc-dims=\"1\" loading=\"lazy\" decoding=\"async\" class=\"\" src=\"https:\/\/i0.wp.com\/elpaissemanal.elpais.com\/wp-content\/uploads\/2017\/03\/jpg\/30\/19_35\/2115GORRIONES07-610x915.jpg?resize=400%2C600\" alt=\"2115GORRIONES07\" width=\"400\" height=\"600\" \/><\/div>\n<\/div><figcaption>Pieles de estudio disecadas de un gorri\u00f3n macho de 1886 y de una hembra de 1913 del Museo Nacional de Ciencias Naturales de Madrid.<\/figcaption><\/figure>\n<\/div>\n<p>Durante la realizaci\u00f3n de este reportaje, Juan Carlos del Moral (coordinador del \u00e1rea de seguimiento de aves de SEO\/BirdLife) me cont\u00f3 que<strong> el gorri\u00f3n es un ave poco exigente para escoger h\u00e1bitat<\/strong> y alimentaci\u00f3n.<\/p>\n<p>\u201cSu existencia depende por completo de nuestra actividad. En los pueblos abandonados por los humanos, los gorriones que all\u00ed viv\u00edan, en vez de quedarse, optaron por seguirnos en nuestro viaje hacia otra parte\u201d. Contrariamente a otras aves urbanas que en las plazas nos miran desde el desafecto, el gorri\u00f3n tiene algo de hombrecillo emplumado que anhela nuestra suerte y forma de vida. Como si en su cerebro de dinosaurio hubiera brotado un corp\u00fasculo de psique humana, fraguado en el transcurso de una convivencia milenaria. Se ha vuelto tan experto a adaptarse a cualquier entorno humano \u2013escribe Ackerman\u2013 que podemos considerarlo nuestra sombra aviar. O bien al contrario, tal vez seamos nosotros la sombra de los gorriones despu\u00e9s de todo. Esa convivencia es un patrimonio natural casi extinguido en ciudades como Londres, Dubl\u00edn, Berl\u00edn, Hamburgo, Praga, Mosc\u00fa, San Petersburgo\u2026<\/p>\n<p><a href=\"http:\/\/elpais.com\/diario\/2010\/03\/13\/sociedad\/1268434808_850215.html\">\u00bfPor qu\u00e9 desparece el gorri\u00f3n? <\/a>Las causas constituyen un debate abierto, aunque ciertas evidencias apuntan al cambio clim\u00e1tico. Seguramente se trata de una acci\u00f3n conjunta de factores muy nocivos, un c\u00f3ctel mort\u00edfero compuesto de plaguicidas, electromagnetismo, emisiones de CO2 y una tendencia por parte de nuestra especie a generar entornos cada vez menos saludables. Influyen tambi\u00e9n la competencia con nuevas especies invasoras y los edificios cubiertos por fachadas de cristal que impiden a las aves cobijarse y armar sus nidos. Lo que sea que est\u00e9 afectando tan negativamente al gorri\u00f3n, sin duda repercute en nuestra calidad de vida. Ambas especies coexistimos desde hace 10.000 a\u00f1os y hasta ahora nuestros destinos nunca se hab\u00edan desvinculado.<\/p>\n<\/div>\n<footer>\n<div class=\"content\">\n<div id=\"share_wrapper\" class=\"share_wrapper\">\n<div id=\"share_container\" class=\"share_container\"><span class=\"module_title\">Compartir<\/span><\/div>\n<\/div>\n<\/div>\n<\/footer>\n<h4 style=\"text-align: justify;\"><span class=\"module_title\">POR <\/span> <a title=\"Juan Mill\u00e1s\" href=\"http:\/\/elpaissemanal.elpais.com\/autor\/juan-millas\/\">Juan Mill\u00e1s<\/a><\/h4>\n<p style=\"text-align: justify;\">(Madrid, 1975). Compagina la fotograf\u00eda editorial por encargo con proyectos propios, a menudo relacionados con aspectos hist\u00f3ricos o est\u00e9ticos del medio fotogr\u00e1fico. En 2005 fund\u00f3 con otros 12 fot\u00f3grafos el colectivo de fotograf\u00eda espa\u00f1ola NOPHOTO, a trav\u00e9s del cual han realizado m\u00faltiples ensayos fotogr\u00e1ficos bien valorados tanto dentro como fuera de Espa\u00f1a<\/p>\n","protected":false},"excerpt":{"rendered":"<p>El gorri\u00f3n lleva miles de a\u00f1os conviviendo con nosotros, pero ahora desaparece sin que nos&#8230;<\/p>\n","protected":false},"author":1,"featured_media":15833,"comment_status":"closed","ping_status":"closed","sticky":false,"template":"","format":"standard","meta":{"_coblocks_attr":"","_coblocks_dimensions":"","_coblocks_responsive_height":"","_coblocks_accordion_ie_support":"","jetpack_post_was_ever_published":false,"_jetpack_newsletter_access":"","_jetpack_dont_email_post_to_subs":false,"_jetpack_newsletter_tier_id":0,"_jetpack_memberships_contains_paywalled_content":false,"_jetpack_memberships_contains_paid_content":false,"footnotes":"","jetpack_publicize_message":"","jetpack_publicize_feature_enabled":true,"jetpack_social_post_already_shared":false,"jetpack_social_options":{"image_generator_settings":{"template":"highway","default_image_id":0,"enabled":false},"version":2}},"categories":[186,44,15],"tags":[3722,99],"class_list":["post-15831","post","type-post","status-publish","format-standard","has-post-thumbnail","hentry","category-instituciones","category-noticias-de-hoy","category-ultimas-noticias","tag-gorrion","tag-medio-ambiente"],"jetpack_publicize_connections":[],"jetpack_featured_media_url":"https:\/\/i0.wp.com\/miradordeatarfe.es\/wp-content\/uploads\/2017\/04\/gorrion2.jpg?fit=800%2C533&ssl=1","jetpack_likes_enabled":true,"jetpack_sharing_enabled":true,"_links":{"self":[{"href":"https:\/\/miradordeatarfe.es\/index.php?rest_route=\/wp\/v2\/posts\/15831","targetHints":{"allow":["GET"]}}],"collection":[{"href":"https:\/\/miradordeatarfe.es\/index.php?rest_route=\/wp\/v2\/posts"}],"about":[{"href":"https:\/\/miradordeatarfe.es\/index.php?rest_route=\/wp\/v2\/types\/post"}],"author":[{"embeddable":true,"href":"https:\/\/miradordeatarfe.es\/index.php?rest_route=\/wp\/v2\/users\/1"}],"replies":[{"embeddable":true,"href":"https:\/\/miradordeatarfe.es\/index.php?rest_route=%2Fwp%2Fv2%2Fcomments&post=15831"}],"version-history":[{"count":1,"href":"https:\/\/miradordeatarfe.es\/index.php?rest_route=\/wp\/v2\/posts\/15831\/revisions"}],"predecessor-version":[{"id":15832,"href":"https:\/\/miradordeatarfe.es\/index.php?rest_route=\/wp\/v2\/posts\/15831\/revisions\/15832"}],"wp:featuredmedia":[{"embeddable":true,"href":"https:\/\/miradordeatarfe.es\/index.php?rest_route=\/wp\/v2\/media\/15833"}],"wp:attachment":[{"href":"https:\/\/miradordeatarfe.es\/index.php?rest_route=%2Fwp%2Fv2%2Fmedia&parent=15831"}],"wp:term":[{"taxonomy":"category","embeddable":true,"href":"https:\/\/miradordeatarfe.es\/index.php?rest_route=%2Fwp%2Fv2%2Fcategories&post=15831"},{"taxonomy":"post_tag","embeddable":true,"href":"https:\/\/miradordeatarfe.es\/index.php?rest_route=%2Fwp%2Fv2%2Ftags&post=15831"}],"curies":[{"name":"wp","href":"https:\/\/api.w.org\/{rel}","templated":true}]}}