{"id":15853,"date":"2017-04-11T12:09:08","date_gmt":"2017-04-11T10:09:08","guid":{"rendered":"http:\/\/miradordeatarfe.es\/?p=15853"},"modified":"2017-04-11T12:11:01","modified_gmt":"2017-04-11T10:11:01","slug":"atarfe-listado-definitivo-de-alumnos-admitidos-a-los-cursos-de-cajero-y-de-monitor-ocupacional-y-deportivo","status":"publish","type":"post","link":"https:\/\/miradordeatarfe.es\/?p=15853","title":{"rendered":"ATARFE: Listado definitivo de alumnos admitidos a los cursos de cajero y de monitor ocupacional y deportivo"},"content":{"rendered":"<p><span class=\"contenidos_subtitulo\">Los cursos son gestionados y financiados por el Consorcio Vega Sierra Elvira y est\u00e1n dirigidos a personas desempleadas y j\u00f3venes.<br \/>\n<\/span><!--more--><\/p>\n<p>El Ayuntanmiento de Atarfe publica el listado definitivo de los alumnos seleccionados para los cursos de cajero y de monitor ocupacional y deportivo que se impartir\u00e1n en Atarfe, vinculados al Plan Ok! Formaci\u00f3n Activa, gestionado y financiado por el Consorcio Vega Sierra Elvira.<\/p>\n<p>El curso de monitor ocupacional y deportivo est\u00e1 dirigido a j\u00f3venes desempleados de los municipios que forman parte del Consorcio Vega Sierra Elvira, con edades comprendidas entre los 16 y 30 a\u00f1os y a los que les guste la actividad f\u00edsica y el deporte. El curso se inicia el 17 de abril y finaliza un mes m\u00e1s tarde, el 17 de mayo. Consta de una duraci\u00f3n de 100 horas que se impartir\u00e1n de lunes a viernes en horario de 9:00 a 14 horas.<\/p>\n<p>El curso de cajero\/a dirigido a personas desempleadas se celebrar\u00e1 en el Centro de Educaci\u00f3n de Adultos a partir del 17 de abril. Tendr\u00e1 una duraci\u00f3n de 100 horas en horario de ma\u00f1ana, de 9:00 a 14:00 horas.<\/p>\n<p>Con respecto al de cajero, y teniendo en cuenta que ha habido muchas solicitudes, se baraja la posibilidad de realizar un segundo curso, una vez que finalice el primero, entre aquellas personas que presentaron sus solicitudes y se quedaron fuera. Deber\u00e1n presentarse el lunes 17 de abril en el \u00e1rea de Empleo, situada en la calle Dr. Prados Picazo, Bajo (junto a Recaudaci\u00f3n) para confirmar su inter\u00e9s de formar parte en el proceso selectivo que tendr\u00e1 lugar lugar para este segundo curso.<\/p>\n<p>El listado de alumnos se incluye en los siguientes documentos en formato PDF:<\/p>\n<p>&nbsp;<\/p>\n<div class=\"contenedor_contenidos_extra\">\n<p>FICHEROS ADJUNTOS<\/p>\n<p><img data-recalc-dims=\"1\" decoding=\"async\" src=\"https:\/\/i0.wp.com\/www.ciudadatarfe.com\/imagenes\/pdf_fondogris.jpg?w=640\" align=\"absmiddle\" border=\"0\" \/><img data-recalc-dims=\"1\" loading=\"lazy\" decoding=\"async\" src=\"https:\/\/i0.wp.com\/www.ciudadatarfe.com\/imagenes\/espacio.gif?resize=8%2C18\" width=\"8\" height=\"18\" align=\"absmiddle\" border=\"0\" \/><a class=\"contenidos_extra_enlacesinteres_txt\" href=\"http:\/\/www.ciudadatarfe.com\/data\/ficherosadjuntos_contenidosweb\/contenidos_1703_1196_20170410131345.pdf\" target=\"_blank\">Listado de alumnos del curso de cajero<\/a><span class=\"contenidos_extra_enlacesinteres_url\"> [270,17 Kb] <\/span><br \/>\n<img data-recalc-dims=\"1\" loading=\"lazy\" decoding=\"async\" src=\"https:\/\/i0.wp.com\/www.ciudadatarfe.com\/imagenes\/espacio.gif?resize=1%2C5\" width=\"1\" height=\"5\" border=\"0\" \/><br \/>\n<img data-recalc-dims=\"1\" decoding=\"async\" src=\"https:\/\/i0.wp.com\/www.ciudadatarfe.com\/imagenes\/pdf_fondogris.jpg?w=640\" align=\"absmiddle\" border=\"0\" \/><img data-recalc-dims=\"1\" loading=\"lazy\" decoding=\"async\" src=\"https:\/\/i0.wp.com\/www.ciudadatarfe.com\/imagenes\/espacio.gif?resize=8%2C18\" width=\"8\" height=\"18\" align=\"absmiddle\" border=\"0\" \/><a class=\"contenidos_extra_enlacesinteres_txt\" href=\"http:\/\/www.ciudadatarfe.com\/data\/ficherosadjuntos_contenidosweb\/contenidos_1703_1197_20170410131507.pdf\" target=\"_blank\">Listado de alumnos del curso de monitor ocupacional y deportivo<\/a><span class=\"contenidos_extra_enlacesinteres_url\"> [439,41 Kb] <\/span><br \/>\n<img data-recalc-dims=\"1\" loading=\"lazy\" decoding=\"async\" src=\"https:\/\/i0.wp.com\/www.ciudadatarfe.com\/imagenes\/espacio.gif?resize=1%2C5\" width=\"1\" height=\"5\" border=\"0\" \/><\/p>\n<\/div>\n","protected":false},"excerpt":{"rendered":"<p>Los cursos son gestionados y financiados por el Consorcio Vega Sierra Elvira y est\u00e1n dirigidos&#8230;<\/p>\n","protected":false},"author":1,"featured_media":15855,"comment_status":"closed","ping_status":"closed","sticky":false,"template":"","format":"standard","meta":{"_coblocks_attr":"","_coblocks_dimensions":"","_coblocks_responsive_height":"","_coblocks_accordion_ie_support":"","jetpack_post_was_ever_published":false,"_jetpack_newsletter_access":"","_jetpack_dont_email_post_to_subs":false,"_jetpack_newsletter_tier_id":0,"_jetpack_memberships_contains_paywalled_content":false,"_jetpack_memberships_contains_paid_content":false,"footnotes":"","jetpack_publicize_message":"","jetpack_publicize_feature_enabled":true,"jetpack_social_post_already_shared":false,"jetpack_social_options":{"image_generator_settings":{"template":"highway","default_image_id":0,"enabled":false},"version":2}},"categories":[2,44,15],"tags":[1233,2632,74],"class_list":["post-15853","post","type-post","status-publish","format-standard","has-post-thumbnail","hentry","category-atarfe","category-noticias-de-hoy","category-ultimas-noticias","tag-cajero","tag-monitor","tag-trabajo"],"jetpack_publicize_connections":[],"jetpack_featured_media_url":"https:\/\/i0.wp.com\/miradordeatarfe.es\/wp-content\/uploads\/2017\/04\/%C3%ADndice.jpg?fit=275%2C183&ssl=1","jetpack_likes_enabled":true,"jetpack_sharing_enabled":true,"_links":{"self":[{"href":"https:\/\/miradordeatarfe.es\/index.php?rest_route=\/wp\/v2\/posts\/15853","targetHints":{"allow":["GET"]}}],"collection":[{"href":"https:\/\/miradordeatarfe.es\/index.php?rest_route=\/wp\/v2\/posts"}],"about":[{"href":"https:\/\/miradordeatarfe.es\/index.php?rest_route=\/wp\/v2\/types\/post"}],"author":[{"embeddable":true,"href":"https:\/\/miradordeatarfe.es\/index.php?rest_route=\/wp\/v2\/users\/1"}],"replies":[{"embeddable":true,"href":"https:\/\/miradordeatarfe.es\/index.php?rest_route=%2Fwp%2Fv2%2Fcomments&post=15853"}],"version-history":[{"count":2,"href":"https:\/\/miradordeatarfe.es\/index.php?rest_route=\/wp\/v2\/posts\/15853\/revisions"}],"predecessor-version":[{"id":15856,"href":"https:\/\/miradordeatarfe.es\/index.php?rest_route=\/wp\/v2\/posts\/15853\/revisions\/15856"}],"wp:featuredmedia":[{"embeddable":true,"href":"https:\/\/miradordeatarfe.es\/index.php?rest_route=\/wp\/v2\/media\/15855"}],"wp:attachment":[{"href":"https:\/\/miradordeatarfe.es\/index.php?rest_route=%2Fwp%2Fv2%2Fmedia&parent=15853"}],"wp:term":[{"taxonomy":"category","embeddable":true,"href":"https:\/\/miradordeatarfe.es\/index.php?rest_route=%2Fwp%2Fv2%2Fcategories&post=15853"},{"taxonomy":"post_tag","embeddable":true,"href":"https:\/\/miradordeatarfe.es\/index.php?rest_route=%2Fwp%2Fv2%2Ftags&post=15853"}],"curies":[{"name":"wp","href":"https:\/\/api.w.org\/{rel}","templated":true}]}}