{"id":15857,"date":"2017-04-12T10:12:10","date_gmt":"2017-04-12T08:12:10","guid":{"rendered":"http:\/\/miradordeatarfe.es\/?p=15857"},"modified":"2017-04-12T10:15:48","modified_gmt":"2017-04-12T08:15:48","slug":"atarfe-bases-del-concurso-oposicion-de-la-plaza-de-psicologoa","status":"publish","type":"post","link":"https:\/\/miradordeatarfe.es\/?p=15857","title":{"rendered":"ATARFE: Bases del concurso oposici\u00f3n de la plaza de psic\u00f3logo\/a"},"content":{"rendered":"<p><span class=\"contenidos_subtitulo\">El Ayuntamiento de Atarfe ha iniciado el proceso de contrataci\u00f3n de un psic\u00f3logo\/a de forma interina. Las bases se han publicado en el BOP del 10 de abril y el plazo de solicitudes acaba el 25 de abril.<!--more--><\/span><br \/>\nEl Bolet\u00edn Oficial de la Provincia publica hoy, lunes 10 de abril, las bases de concurso oposici\u00f3n de psic\u00f3logo laboral interino en sustituci\u00f3n de una excedencia forzosa por raz\u00f3n de cargo p\u00fablico. Adjuntamos el PDF con la informaci\u00f3n del proceso de concurso. Tambi\u00e9n puede consultarse en el <strong><a href=\"http:\/\/atarfe.sedelectronica.es\/\" target=\"_blank\">tabl\u00f3n de la sede electr\u00f3nica de Atarfe<\/a> o <\/strong>en el BOP del 10 de abril. El plazo para presentar solicitudes acaba el 25 de abril de 2017.<\/p>\n<div class=\"contenedor_contenidos_extra\">FICHEROS ADJUNTOS<\/p>\n<p><img data-recalc-dims=\"1\" decoding=\"async\" src=\"https:\/\/i0.wp.com\/www.ciudadatarfe.com\/imagenes\/pdf_fondogris.jpg?w=640\" align=\"absmiddle\" border=\"0\" \/><img data-recalc-dims=\"1\" loading=\"lazy\" decoding=\"async\" src=\"https:\/\/i0.wp.com\/www.ciudadatarfe.com\/imagenes\/espacio.gif?resize=8%2C18\" width=\"8\" height=\"18\" align=\"absmiddle\" border=\"0\" \/><a class=\"contenidos_extra_enlacesinteres_txt\" href=\"http:\/\/www.ciudadatarfe.com\/data\/ficherosadjuntos_contenidosweb\/contenidos_1702_1198_20170410132238.pdf\" target=\"_blank\">Bases del concurso oposici\u00f3n de psic\u00f3logo<\/a><span class=\"contenidos_extra_enlacesinteres_url\"> [78,42 Kb] <\/span><br \/>\n<img data-recalc-dims=\"1\" loading=\"lazy\" decoding=\"async\" src=\"https:\/\/i0.wp.com\/www.ciudadatarfe.com\/imagenes\/espacio.gif?resize=1%2C5\" width=\"1\" height=\"5\" border=\"0\" \/><\/div>\n","protected":false},"excerpt":{"rendered":"<p>El Ayuntamiento de Atarfe ha iniciado el proceso de contrataci\u00f3n de un psic\u00f3logo\/a de forma&#8230;<\/p>\n","protected":false},"author":1,"featured_media":15858,"comment_status":"closed","ping_status":"closed","sticky":false,"template":"","format":"standard","meta":{"_coblocks_attr":"","_coblocks_dimensions":"","_coblocks_responsive_height":"","_coblocks_accordion_ie_support":"","jetpack_post_was_ever_published":false,"_jetpack_newsletter_access":"","_jetpack_dont_email_post_to_subs":false,"_jetpack_newsletter_tier_id":0,"_jetpack_memberships_contains_paywalled_content":false,"_jetpack_memberships_contains_paid_content":false,"footnotes":"","jetpack_publicize_message":"","jetpack_publicize_feature_enabled":true,"jetpack_social_post_already_shared":false,"jetpack_social_options":{"image_generator_settings":{"template":"highway","default_image_id":0,"enabled":false},"version":2}},"categories":[2,186,9,44,15],"tags":[81,864,3731],"class_list":["post-15857","post","type-post","status-publish","format-standard","has-post-thumbnail","hentry","category-atarfe","category-instituciones","category-medio-ambiente","category-noticias-de-hoy","category-ultimas-noticias","tag-atarfe","tag-ayuntamiento","tag-psicologoa"],"jetpack_publicize_connections":[],"jetpack_featured_media_url":"https:\/\/i0.wp.com\/miradordeatarfe.es\/wp-content\/uploads\/2017\/04\/psicologo-a-domicilio-madrid_0.jpg?fit=460%2C290&ssl=1","jetpack_likes_enabled":true,"jetpack_sharing_enabled":true,"_links":{"self":[{"href":"https:\/\/miradordeatarfe.es\/index.php?rest_route=\/wp\/v2\/posts\/15857","targetHints":{"allow":["GET"]}}],"collection":[{"href":"https:\/\/miradordeatarfe.es\/index.php?rest_route=\/wp\/v2\/posts"}],"about":[{"href":"https:\/\/miradordeatarfe.es\/index.php?rest_route=\/wp\/v2\/types\/post"}],"author":[{"embeddable":true,"href":"https:\/\/miradordeatarfe.es\/index.php?rest_route=\/wp\/v2\/users\/1"}],"replies":[{"embeddable":true,"href":"https:\/\/miradordeatarfe.es\/index.php?rest_route=%2Fwp%2Fv2%2Fcomments&post=15857"}],"version-history":[{"count":1,"href":"https:\/\/miradordeatarfe.es\/index.php?rest_route=\/wp\/v2\/posts\/15857\/revisions"}],"predecessor-version":[{"id":15859,"href":"https:\/\/miradordeatarfe.es\/index.php?rest_route=\/wp\/v2\/posts\/15857\/revisions\/15859"}],"wp:featuredmedia":[{"embeddable":true,"href":"https:\/\/miradordeatarfe.es\/index.php?rest_route=\/wp\/v2\/media\/15858"}],"wp:attachment":[{"href":"https:\/\/miradordeatarfe.es\/index.php?rest_route=%2Fwp%2Fv2%2Fmedia&parent=15857"}],"wp:term":[{"taxonomy":"category","embeddable":true,"href":"https:\/\/miradordeatarfe.es\/index.php?rest_route=%2Fwp%2Fv2%2Fcategories&post=15857"},{"taxonomy":"post_tag","embeddable":true,"href":"https:\/\/miradordeatarfe.es\/index.php?rest_route=%2Fwp%2Fv2%2Ftags&post=15857"}],"curies":[{"name":"wp","href":"https:\/\/api.w.org\/{rel}","templated":true}]}}