{"id":15863,"date":"2017-04-14T11:32:37","date_gmt":"2017-04-14T09:32:37","guid":{"rendered":"http:\/\/miradordeatarfe.es\/?p=15863"},"modified":"2017-04-11T12:34:58","modified_gmt":"2017-04-11T10:34:58","slug":"atarfe-i-certamen-de-pintura-teresa-diez","status":"publish","type":"post","link":"https:\/\/miradordeatarfe.es\/?p=15863","title":{"rendered":"ATARFE: I Certamen de Pintura Teresa D\u00edez"},"content":{"rendered":"<p><span class=\"contenidos_subtitulo\">La Concejal\u00eda de Cultura organiza el I Certamen de pintura que lleva el nombre de la artista Teresa D\u00edez y que contempla un premio de 300 euros. El plazo de presentaci\u00f3n acaba el 31 de mayo.<\/span><br \/>\n<!--more--><\/p>\n<div>El Ayuntamiento de Atarfe, a trav\u00e9s del \u00e1rea de Cultura, organiza el <strong><u>I Certamen de Pintura &#8216;Teresa D\u00edez&#8217;<\/u><\/strong>, cuyas bases se exponen a continuaci\u00f3n.<\/div>\n<div><\/div>\n<div>1.- Podr\u00e1n participar, con un solo cuadro, todas las <strong>personas mayores de 16 a\u00f1os residentes en Atarfe<\/strong>.<\/div>\n<div><\/div>\n<div>2.- Los cuadros tendr\u00e1n todos la misma tem\u00e1tica: <strong>El Agua<\/strong>.<\/div>\n<div><\/div>\n<div>3.- Los trabajos se presentar\u00e1n en soporte r\u00edgido y sus medidas no deben ser superiores a 100 cent\u00edmetros por todos sus lados, ni inferiores a 60 cm.<\/div>\n<div><\/div>\n<div>4- Los trabajos se entregar\u00e1n firmados con seud\u00f3nimo y en un sobre cerrado se incluir\u00e1n los datos personales del autor\/a: Nombre, domicilio, tel\u00e9fono y seud\u00f3nimo utilizado. <strong>Los trabajos se entregar\u00e1n en el Centro Cultural Medina Elvira<\/strong> (Avda Diputaci\u00f3n s\/n de Atarfe).<\/div>\n<div><\/div>\n<div>5- <strong>El plazo de admisi\u00f3n de trabajos finaliza el d\u00eda 31 de mayo de 2017.<\/strong><\/div>\n<div><\/div>\n<div>6.- El jurado, cuyo fallo ser\u00e1 inapelable, estar\u00e1 compuesto por personalidades relacionadas con las artes y la pintura. Su composici\u00f3n se dar\u00e1 a conocer en el acto de entrega de Premios.<\/div>\n<div><\/div>\n<div>7.- Se establece un \u00fanico <strong>premio cuya cuant\u00eda ser\u00e1 de 400 &amp;euro;<\/strong>.<\/div>\n<div><\/div>\n<div>8- La obra ganadora pasar\u00e1 a formar parte del patrimonio del Ayuntamiento de Atarfe y quedar\u00e1 expuesta en el Centro Cultural Medina Elvira.<\/div>\n<div><\/div>\n<div>9.- <strong>Los premios se entregar\u00e1n el d\u00eda 5 de junio de 2017, a las 19 horas, en el Centro Cultural Medina Elvira<\/strong>, con motivo del D\u00eda del Medio Ambiente.<\/div>\n<div><\/div>\n<div>10.- El ganador del premio debe estar presente en el acto de entrega. De no asistir, se entender\u00e1 que renuncia al premio.<\/div>\n<div><\/div>\n<div>11.- La participaci\u00f3n en el certamen conlleva la aceptaci\u00f3n total de estas bases.<\/div>\n<div><\/div>\n","protected":false},"excerpt":{"rendered":"<p>La Concejal\u00eda de Cultura organiza el I Certamen de pintura que lleva el nombre de&#8230;<\/p>\n","protected":false},"author":1,"featured_media":0,"comment_status":"closed","ping_status":"closed","sticky":false,"template":"","format":"standard","meta":{"_coblocks_attr":"","_coblocks_dimensions":"","_coblocks_responsive_height":"","_coblocks_accordion_ie_support":"","jetpack_post_was_ever_published":false,"_jetpack_newsletter_access":"","_jetpack_dont_email_post_to_subs":false,"_jetpack_newsletter_tier_id":0,"_jetpack_memberships_contains_paywalled_content":false,"_jetpack_memberships_contains_paid_content":false,"footnotes":"","jetpack_publicize_message":"","jetpack_publicize_feature_enabled":true,"jetpack_social_post_already_shared":false,"jetpack_social_options":{"image_generator_settings":{"template":"highway","default_image_id":0,"enabled":false},"version":2}},"categories":[2,12,44,15],"tags":[],"class_list":["post-15863","post","type-post","status-publish","format-standard","hentry","category-atarfe","category-cultura","category-noticias-de-hoy","category-ultimas-noticias"],"jetpack_publicize_connections":[],"jetpack_featured_media_url":"","jetpack_likes_enabled":true,"jetpack_sharing_enabled":true,"_links":{"self":[{"href":"https:\/\/miradordeatarfe.es\/index.php?rest_route=\/wp\/v2\/posts\/15863","targetHints":{"allow":["GET"]}}],"collection":[{"href":"https:\/\/miradordeatarfe.es\/index.php?rest_route=\/wp\/v2\/posts"}],"about":[{"href":"https:\/\/miradordeatarfe.es\/index.php?rest_route=\/wp\/v2\/types\/post"}],"author":[{"embeddable":true,"href":"https:\/\/miradordeatarfe.es\/index.php?rest_route=\/wp\/v2\/users\/1"}],"replies":[{"embeddable":true,"href":"https:\/\/miradordeatarfe.es\/index.php?rest_route=%2Fwp%2Fv2%2Fcomments&post=15863"}],"version-history":[{"count":1,"href":"https:\/\/miradordeatarfe.es\/index.php?rest_route=\/wp\/v2\/posts\/15863\/revisions"}],"predecessor-version":[{"id":15864,"href":"https:\/\/miradordeatarfe.es\/index.php?rest_route=\/wp\/v2\/posts\/15863\/revisions\/15864"}],"wp:attachment":[{"href":"https:\/\/miradordeatarfe.es\/index.php?rest_route=%2Fwp%2Fv2%2Fmedia&parent=15863"}],"wp:term":[{"taxonomy":"category","embeddable":true,"href":"https:\/\/miradordeatarfe.es\/index.php?rest_route=%2Fwp%2Fv2%2Fcategories&post=15863"},{"taxonomy":"post_tag","embeddable":true,"href":"https:\/\/miradordeatarfe.es\/index.php?rest_route=%2Fwp%2Fv2%2Ftags&post=15863"}],"curies":[{"name":"wp","href":"https:\/\/api.w.org\/{rel}","templated":true}]}}