{"id":15936,"date":"2017-04-17T11:00:38","date_gmt":"2017-04-17T09:00:38","guid":{"rendered":"http:\/\/miradordeatarfe.es\/?p=15936"},"modified":"2017-04-17T12:17:44","modified_gmt":"2017-04-17T10:17:44","slug":"mi-mariana-contemplando-las-mareas-y-otros-relatos-por-alberto-granados","status":"publish","type":"post","link":"https:\/\/miradordeatarfe.es\/?p=15936","title":{"rendered":"\u00abMariana contemplando las mareas y otros relatos\u00bb por Alberto Granados"},"content":{"rendered":"<p style=\"text-align: justify;\">Libro de nuestro colaborador que tiene la presentaci\u00f3n en sociedad el pr\u00f3ximo <strong>mi\u00e9rcoles, d\u00eda 19, a las 20,00 h.<\/strong> en el Sal\u00f3n de Plenos del Ayuntamiento del Ayuntamiento de Granada.<!--more--><\/p>\n<p style=\"text-align: justify;\">As\u00ed es, amigas y amigos que segu\u00eds este blog. Algunos de mis amigos m\u00e1s pr\u00f3ximos llevan ya tiempo insisti\u00e9ndome machaconamente en que deb\u00eda publicar. Argumentan que mis relatos ya son lo bastante maduros como para que aparezcan en libro y, por otra parte, yo ten\u00eda bastantes ganas de cumplir ese sue\u00f1o, as\u00ed que me he permitido un capricho: Mi <em>Mariana contemplando las mareas y otros relatos<\/em> ya es una realidad.<\/p>\n<p style=\"text-align: justify;\"><a href=\"https:\/\/i0.wp.com\/miradordeatarfe.es\/wp-content\/uploads\/2017\/04\/escanear0006.jpg?ssl=1\"><img data-recalc-dims=\"1\" loading=\"lazy\" decoding=\"async\" class=\"size-full wp-image-15937 aligncenter\" src=\"https:\/\/i0.wp.com\/miradordeatarfe.es\/wp-content\/uploads\/2017\/04\/escanear0006.jpg?resize=640%2C888&#038;ssl=1\" alt=\"\" width=\"640\" height=\"888\" srcset=\"https:\/\/i0.wp.com\/miradordeatarfe.es\/wp-content\/uploads\/2017\/04\/escanear0006.jpg?w=738&amp;ssl=1 738w, https:\/\/i0.wp.com\/miradordeatarfe.es\/wp-content\/uploads\/2017\/04\/escanear0006.jpg?resize=216%2C300&amp;ssl=1 216w, https:\/\/i0.wp.com\/miradordeatarfe.es\/wp-content\/uploads\/2017\/04\/escanear0006.jpg?resize=600%2C833&amp;ssl=1 600w\" sizes=\"auto, (max-width: 640px) 100vw, 640px\" \/><\/a><\/p>\n<p style=\"text-align: justify;\">Cuando lo decid\u00ed a principios de Marzo, seleccion\u00e9 doce relatos de entre los aparecidos en mi blog durante los \u00faltimos cinco a\u00f1os. Tuve mis dudas y hubo alg\u00fan relato que se cay\u00f3 de la lista original (el caso de <em>El aljibe<\/em>, que adem\u00e1s de ser demasiado granadino, exig\u00eda incluir una p\u00e1gina en color con el famoso cuadro de George Owen Wynne Apperley en el que se basa). El proceso sigui\u00f3 con una depuraci\u00f3n de los doce cuentos seleccionados. Una cosa es el formato blog, abierto y siempre modificable, y otra un libro impreso, que casi exige una fijaci\u00f3n definitiva. He corregido mucho, algunos pasajes han sido amplificados y otros suprimidos; he cuidado mucho el lenguaje y la sintaxis y, cuando encontr\u00e9 la forma que yo entiendo m\u00e1s perfecta, esa que yo llamo \u201cprovisionalmente definitiva\u201d, me plant\u00e9 en una imprenta, donde fui magn\u00edficamente atendido y recib\u00ed un presupuesto razonable.<\/p>\n<p style=\"text-align: justify;\">\u00a0\u00a0\u00a0\u00a0\u00a0\u00a0\u00a0 Pero no fue todo as\u00ed de f\u00e1cil. He tenido que maquetar, dise\u00f1ar la portada y el marcador de p\u00e1ginas, encargarme de gestionar el ISBN y el Dep\u00f3sito Legal del libro, revisar galeradas, organizar la presentaci\u00f3n y, lo m\u00e1s dif\u00edcil: eso de dedicar una serie de ejemplares a familia, amigos y colegas de letras, preparar los sobres correspondientes, llevar al correo las entregas postales y repartir las manuales (a\u00fan no he terminado, aunque deseo hacerlo antes del mi\u00e9rcoles)\u2026 algo que me est\u00e1 resultando casi tan azaroso como la fase de preparaci\u00f3n.<\/p>\n<p style=\"text-align: justify;\">\u00a0\u00a0\u00a0\u00a0\u00a0\u00a0\u00a0 El libro, por el momento, est\u00e1 disponible en mi librer\u00eda de siempre: <a href=\"http:\/\/scnuevagala.blogspot.com.es\/\">Nueva Gala <\/a>(Almona de san Juan de Dios), lo digo por si alguien desea tenerlo ya.<\/p>\n<p style=\"text-align: justify;\">\u00a0\u00a0\u00a0\u00a0\u00a0\u00a0\u00a0 Pero la presentaci\u00f3n en sociedad de mi criatura ser\u00e1 el pr\u00f3ximo mi\u00e9rcoles, d\u00eda 19, a las 20,00 h. en el Sal\u00f3n de Plenos del Ayuntamiento, donde me gustar\u00eda veros, aunque tampoco pretendo obligar ni hacerle compromiso a nadie: quien vaya, ser\u00e1 bien recibido. Quien no quiera o pueda est\u00e1 excusado de antemano.<\/p>\n<p style=\"text-align: justify;\">\u00a0\u00a0\u00a0\u00a0\u00a0\u00a0\u00a0 Para la presentaci\u00f3n cuento con Mar\u00eda de Leyva Campa\u00f1a, Concejala de Cultura, y Jos\u00e9 Vallejo Crespo, responsable de la pol\u00edtica cultural del Ayuntamiento, a quienes agradezco la amabilidad y eficacia con que han gestionado mi petici\u00f3n (en este aspecto, es de justicia incluir a Amelia Mesa). Ambos se ocupar\u00e1n de la parte protocolaria, aunque s\u00e9 que no limitar\u00e1n su intervenci\u00f3n a sus funciones institucionales, sino que pondr\u00e1n todo el calor en mi libro. Y se lo agradezco, especialmente, a Mar\u00eda, que no est\u00e1 pasando por un momento personal especialmente relajado.<\/p>\n<p class=\"wp-caption aligncenter\" style=\"text-align: justify;\" data-shortcode=\"caption\"><a href=\"https:\/\/albertogranados.files.wordpress.com\/2017\/04\/escanear0002.jpg\"><img data-recalc-dims=\"1\" loading=\"lazy\" decoding=\"async\" class=\"size-full wp-image-7815\" src=\"https:\/\/albertogranados.files.wordpress.com\/2017\/04\/escanear0002.jpg?w=560&#038;h=365&#038;fit=560%2C365&#038;resize=560%2C365\" sizes=\"auto, (max-width: 560px) 100vw, 560px\" srcset=\"https:\/\/albertogranados.files.wordpress.com\/2017\/04\/escanear0002.jpg?w=560&amp;h=365 560w, https:\/\/albertogranados.files.wordpress.com\/2017\/04\/escanear0002.jpg?w=1120&amp;h=730 1120w, https:\/\/albertogranados.files.wordpress.com\/2017\/04\/escanear0002.jpg?w=150&amp;h=98 150w, https:\/\/albertogranados.files.wordpress.com\/2017\/04\/escanear0002.jpg?w=300&amp;h=195 300w, https:\/\/albertogranados.files.wordpress.com\/2017\/04\/escanear0002.jpg?w=768&amp;h=500 768w, https:\/\/albertogranados.files.wordpress.com\/2017\/04\/escanear0002.jpg?w=1024&amp;h=667 1024w\" alt=\"\" width=\"560\" height=\"365\" data-attachment-id=\"7815\" data-permalink=\"https:\/\/albertogranados.wordpress.com\/2017\/04\/16\/publico-un-libro\/escanear0002-15\/\" data-orig-file=\"https:\/\/albertogranados.files.wordpress.com\/2017\/04\/escanear0002.jpg?w=560&amp;h=365\" data-orig-size=\"1829,1191\" data-comments-opened=\"1\" data-image-meta=\"{&quot;aperture&quot;:&quot;0&quot;,&quot;credit&quot;:&quot;&quot;,&quot;camera&quot;:&quot;HP pst_p04b&quot;,&quot;caption&quot;:&quot;&quot;,&quot;created_timestamp&quot;:&quot;0&quot;,&quot;copyright&quot;:&quot;&quot;,&quot;focal_length&quot;:&quot;0&quot;,&quot;iso&quot;:&quot;0&quot;,&quot;shutter_speed&quot;:&quot;0&quot;,&quot;title&quot;:&quot;&quot;,&quot;orientation&quot;:&quot;0&quot;}\" data-image-title=\"escanear0002\" data-image-description=\"\" data-medium-file=\"https:\/\/albertogranados.files.wordpress.com\/2017\/04\/escanear0002.jpg?w=560&amp;h=365?w=300\" data-large-file=\"https:\/\/albertogranados.files.wordpress.com\/2017\/04\/escanear0002.jpg?w=560&amp;h=365?w=560\" \/><\/a><\/p>\n<p class=\"wp-caption-text\">Invitaci\u00f3n (a\u00fan no se hab\u00eda sumado Jos\u00e9 Vallejo)<\/p>\n<p style=\"text-align: justify;\">\u00a0\u00a0\u00a0\u00a0\u00a0\u00a0\u00a0 \u00a0\u00a0\u00a0\u00a0\u00a0\u00a0\u00a0\u00a0 Y de la parte literaria se ocupar\u00e1n mis dos queridos amigos Francisco Gil Craviotto y el poeta <a href=\"http:\/\/riografia.blogspot.com.es\/\">Miguel Cobo Rosa<\/a>, al que he obligado a venir desde C\u00f3rdoba para acompa\u00f1arme (no he tenido que insistirle mucho, la verdad). Hace unos a\u00f1os, Miguel vino a leer sus poemas en La Expositiva, llamado por la Asociaci\u00f3n Cultural Diente de Oro y fui yo quien lo present\u00f3. Y respecto a Gil Craviotto, tambi\u00e9n lo he acompa\u00f1ado en alguna presentaci\u00f3n de sus obras. Ahora me devuelven la gentileza, aunque s\u00e9 que su amistad y afecto no son objetos de cambalache, sino vivencias muy sinceras.<\/p>\n<p style=\"text-align: justify;\">\u00a0\u00a0\u00a0\u00a0\u00a0\u00a0\u00a0 Habr\u00e1 tambi\u00e9n m\u00fasica: dos queridos amigos de la OCG se me han ofrecido, muy generosos, para actuar en la presentaci\u00f3n. Ser\u00e1 un magn\u00edfico colof\u00f3n que me permitir\u00e1 contextualizar una parte muy concreta de uno de los relatos.<\/p>\n<p style=\"text-align: justify;\">\u00a0\u00a0\u00a0\u00a0\u00a0\u00a0\u00a0 El <strong>s\u00e1bado 22 a las 20,00h. estar\u00e9 firmando ejemplares en la Feria del Libro<\/strong>, pero no en la caseta oficial de firmas (mi libro lleg\u00f3 fuera de plazo), sino en la caseta de la mencionada Librer\u00eda Nueva Gala, donde s\u00e9 que me sentir\u00e9 como en mi casa. Hay incluso otra presentaci\u00f3n en un \u00e1mbito muy querido para m\u00ed: en el CEIP Medina Elvira de Atarfe, el colegio donde pas\u00e9 once a\u00f1os como maestro y, la mayor parte del tiempo, como Secretario. All\u00ed dej\u00e9 muchas familias amigas y muchos cr\u00edos, los mayores de los cuales ya han acabado sus carreras universitarias y algunos hasta se han casado y tienen hijos en el colegio. Creo que les debo una visita para el reencuentro. A\u00fan no he concretado la fecha con la Directora actual, pero supongo que ser\u00e1 ya en Mayo.<\/p>\n<p style=\"text-align: justify;\">\u00a0\u00a0\u00a0\u00a0\u00a0\u00a0\u00a0 Para los lectores de Madrid, a muchos de los cuales he conocido en la web de Antonio Mu\u00f1oz Molina, estoy gestionando enviar unos ejemplares a la librer\u00eda 3,14, de la que forma parte una amiga bloguera: Alejandra D\u00edaz Ortiz. Cuando el dato est\u00e9 confirmado, modificar\u00e9 esta entrada para avisarles a los madrile\u00f1os.<\/p>\n<p style=\"text-align: justify;\">\u00a0\u00a0\u00a0\u00a0\u00a0\u00a0\u00a0 En s\u00edntesis: que aquellos cuentos fabricados con sue\u00f1os de entonces se convierten en mi sue\u00f1o de ahora, en mi capricho al fin cumplido. Amenazo: si le pillo el gustillo, puedo convertirme en un problema, que material tengo para varios libros m\u00e1s. El que avisa no es traidor.<\/p>\n<p style=\"text-align: justify;\">\u00a0Alberto Granados<\/p>\n","protected":false},"excerpt":{"rendered":"<p>Libro de nuestro colaborador que tiene la presentaci\u00f3n en sociedad el pr\u00f3ximo mi\u00e9rcoles, d\u00eda 19,&#8230;<\/p>\n","protected":false},"author":1,"featured_media":15938,"comment_status":"closed","ping_status":"closed","sticky":false,"template":"","format":"standard","meta":{"_coblocks_attr":"","_coblocks_dimensions":"","_coblocks_responsive_height":"","_coblocks_accordion_ie_support":"","jetpack_post_was_ever_published":false,"_jetpack_newsletter_access":"","_jetpack_dont_email_post_to_subs":false,"_jetpack_newsletter_tier_id":0,"_jetpack_memberships_contains_paywalled_content":false,"_jetpack_memberships_contains_paid_content":false,"footnotes":"","jetpack_publicize_message":"","jetpack_publicize_feature_enabled":true,"jetpack_social_post_already_shared":false,"jetpack_social_options":{"image_generator_settings":{"template":"highway","default_image_id":0,"enabled":false},"version":2}},"categories":[39,12,186,44,15],"tags":[90,492,1244],"class_list":["post-15936","post","type-post","status-publish","format-standard","has-post-thumbnail","hentry","category-opinion-de-alberto-granados","category-cultura","category-instituciones","category-noticias-de-hoy","category-ultimas-noticias","tag-cultura","tag-libro","tag-relatos"],"jetpack_publicize_connections":[],"jetpack_featured_media_url":"https:\/\/i0.wp.com\/miradordeatarfe.es\/wp-content\/uploads\/2017\/04\/1012346_10200111547132139_312922112_n.jpg?fit=640%2C640&ssl=1","jetpack_likes_enabled":true,"jetpack_sharing_enabled":true,"_links":{"self":[{"href":"https:\/\/miradordeatarfe.es\/index.php?rest_route=\/wp\/v2\/posts\/15936","targetHints":{"allow":["GET"]}}],"collection":[{"href":"https:\/\/miradordeatarfe.es\/index.php?rest_route=\/wp\/v2\/posts"}],"about":[{"href":"https:\/\/miradordeatarfe.es\/index.php?rest_route=\/wp\/v2\/types\/post"}],"author":[{"embeddable":true,"href":"https:\/\/miradordeatarfe.es\/index.php?rest_route=\/wp\/v2\/users\/1"}],"replies":[{"embeddable":true,"href":"https:\/\/miradordeatarfe.es\/index.php?rest_route=%2Fwp%2Fv2%2Fcomments&post=15936"}],"version-history":[{"count":2,"href":"https:\/\/miradordeatarfe.es\/index.php?rest_route=\/wp\/v2\/posts\/15936\/revisions"}],"predecessor-version":[{"id":15943,"href":"https:\/\/miradordeatarfe.es\/index.php?rest_route=\/wp\/v2\/posts\/15936\/revisions\/15943"}],"wp:featuredmedia":[{"embeddable":true,"href":"https:\/\/miradordeatarfe.es\/index.php?rest_route=\/wp\/v2\/media\/15938"}],"wp:attachment":[{"href":"https:\/\/miradordeatarfe.es\/index.php?rest_route=%2Fwp%2Fv2%2Fmedia&parent=15936"}],"wp:term":[{"taxonomy":"category","embeddable":true,"href":"https:\/\/miradordeatarfe.es\/index.php?rest_route=%2Fwp%2Fv2%2Fcategories&post=15936"},{"taxonomy":"post_tag","embeddable":true,"href":"https:\/\/miradordeatarfe.es\/index.php?rest_route=%2Fwp%2Fv2%2Ftags&post=15936"}],"curies":[{"name":"wp","href":"https:\/\/api.w.org\/{rel}","templated":true}]}}