{"id":15969,"date":"2017-04-20T08:12:04","date_gmt":"2017-04-20T06:12:04","guid":{"rendered":"http:\/\/miradordeatarfe.es\/?p=15969"},"modified":"2017-04-19T11:06:18","modified_gmt":"2017-04-19T09:06:18","slug":"granada-informa-de-los-beneficios-de-instalar-placas-solares-en-los-domicilios","status":"publish","type":"post","link":"https:\/\/miradordeatarfe.es\/?p=15969","title":{"rendered":"Granada informa de los beneficios de instalar placas solares en los domicilios"},"content":{"rendered":"<p>Seg\u00fan explica la Diputaci\u00f3n en una nota, la campa\u00f1a &#8216;Asolearte&#8217; ya se ha desarrollado en G\u00fcev\u00e9jar, Pulianas, G\u00f3jar, Jete y Chimeneas. Y durante los pr\u00f3ximos meses recorrer\u00e1 las diferentes comarcas de la provincia, eliminando \u00ablos mitos\u00bb m\u00e1s comunes que existen alrededor de la energ\u00eda fotovoltaica y divulgando sus \u00abprincipales ventajas y beneficios\u00bb.<!--more--><\/p>\n<p>El \u00e1rea de Asistencia a Municipios y Medio Ambiente de la Diputaci\u00f3n de Granada ha dise\u00f1ado, en el marco de la Red Gramas (Red Granadina de Municipios hacia la Sostenibilidad) y con la colaboraci\u00f3n de la Agencia Provincial de la Energ\u00eda, una campa\u00f1a de informaci\u00f3n y concienciaci\u00f3n para fomentar el autoconsumo fotovoltaico en la provincia de Granada, aprovechando las posibilidades de la energ\u00eda solar para suministro el\u00e9ctrico<\/p>\n<p>.Seg\u00fan explica la Diputaci\u00f3n en una nota, la campa\u00f1a &#8216;Asolearte&#8217; ya se ha desarrollado en G\u00fcev\u00e9jar, Pulianas, G\u00f3jar, Jete y Chimeneas. Y durante los pr\u00f3ximos meses recorrer\u00e1 las diferentes comarcas de la provincia, eliminando \u00ablos mitos\u00bb m\u00e1s comunes que existen alrededor de la energ\u00eda fotovoltaica y divulgando sus \u00abprincipales ventajas y beneficios\u00bb.<\/p>\n<p>El objetivo final es \u00abfavorecer el autoconsumo fotovoltaico, que conduce a un importante ahorro econ\u00f3mico, colabora con la protecci\u00f3n del medio ambiente y, tambi\u00e9n, permite la consolidaci\u00f3n de un tejido empresarial e industrial innovador y con proyecci\u00f3n de futuro\u00bb, detalla la Diputaci\u00f3n.<\/p>\n<p>La campa\u00f1a, que en total se desarrollar\u00e1 en 24 municipios de la provincia (todos ellos adheridos a la Red Gramas), consta de dos talleres, uno destinado a responsables pol\u00edticos y t\u00e9cnicos del ayuntamiento, y otro abierto a la ciudadan\u00eda en general.<\/p>\n<p>En ellos se explicar\u00e1n las posibilidades t\u00e9cnicas y administrativas de la implantaci\u00f3n de sistemas fotovoltaicos a nivel local, para lo cual la campa\u00f1a se apoyar\u00e1 en materiales realizados a tal efecto, que se repartir\u00e1n entre los asistentes, y en otras actividades y herramientas divulgativas.<\/p>\n<p>Tambi\u00e9n se cuenta con el soporte virtual de un blog <a href=\"http:\/\/'http:\/\/autoconsumofotovoltaico.digra.es\/\">&#8216;http:\/\/autoconsumofotovoltaico.digra.es\/<\/a>&#8216;, donde se puede encontrar informaci\u00f3n sobre el autoconsumo, la legislaci\u00f3n relacionada, las posibles ayudas, la forma de participar en la campa\u00f1a o las empresas instaladoras existentes.<\/p>\n<p>Adem\u00e1s, se ha dise\u00f1ado una calculadora fotovoltaica, para que cualquier vecino pueda conocer, de forma sencilla y con tan s\u00f3lo indicar algunos datos, la viabilidad de implantar una instalaci\u00f3n fotovoltaica en su casa.La difusi\u00f3n de la convocatoria se realiza adem\u00e1s de en cada ayuntamiento, entre los diversos colectivos locales: Ampas, asociaciones de vecinos, de mujeres, mayores, culturales, ambientales, de consumidores, entre otros.<br \/>\nFuente: <a title=\"Energ\u00edas Renovables\" href=\"http:\/\/www.ecoticias.com\/energias-renovables\">Energ\u00edas Renovables<\/a><\/p>\n","protected":false},"excerpt":{"rendered":"<p>Seg\u00fan explica la Diputaci\u00f3n en una nota, la campa\u00f1a &#8216;Asolearte&#8217; ya se ha desarrollado en&#8230;<\/p>\n","protected":false},"author":1,"featured_media":15970,"comment_status":"closed","ping_status":"closed","sticky":false,"template":"","format":"standard","meta":{"_coblocks_attr":"","_coblocks_dimensions":"","_coblocks_responsive_height":"","_coblocks_accordion_ie_support":"","jetpack_post_was_ever_published":false,"_jetpack_newsletter_access":"","_jetpack_dont_email_post_to_subs":false,"_jetpack_newsletter_tier_id":0,"_jetpack_memberships_contains_paywalled_content":false,"_jetpack_memberships_contains_paid_content":false,"footnotes":"","jetpack_publicize_message":"","jetpack_publicize_feature_enabled":true,"jetpack_social_post_already_shared":false,"jetpack_social_options":{"image_generator_settings":{"template":"highway","default_image_id":0,"enabled":false},"version":2}},"categories":[1161,186,44,15],"tags":[722,65,140],"class_list":["post-15969","post","type-post","status-publish","format-standard","has-post-thumbnail","hentry","category-ciudadania","category-instituciones","category-noticias-de-hoy","category-ultimas-noticias","tag-diputacion","tag-economia","tag-energias-renovables"],"jetpack_publicize_connections":[],"jetpack_featured_media_url":"https:\/\/i0.wp.com\/miradordeatarfe.es\/wp-content\/uploads\/2017\/04\/306_LMEZ_97-1.jpg?fit=306%2C432&ssl=1","jetpack_likes_enabled":true,"jetpack_sharing_enabled":true,"_links":{"self":[{"href":"https:\/\/miradordeatarfe.es\/index.php?rest_route=\/wp\/v2\/posts\/15969","targetHints":{"allow":["GET"]}}],"collection":[{"href":"https:\/\/miradordeatarfe.es\/index.php?rest_route=\/wp\/v2\/posts"}],"about":[{"href":"https:\/\/miradordeatarfe.es\/index.php?rest_route=\/wp\/v2\/types\/post"}],"author":[{"embeddable":true,"href":"https:\/\/miradordeatarfe.es\/index.php?rest_route=\/wp\/v2\/users\/1"}],"replies":[{"embeddable":true,"href":"https:\/\/miradordeatarfe.es\/index.php?rest_route=%2Fwp%2Fv2%2Fcomments&post=15969"}],"version-history":[{"count":1,"href":"https:\/\/miradordeatarfe.es\/index.php?rest_route=\/wp\/v2\/posts\/15969\/revisions"}],"predecessor-version":[{"id":15971,"href":"https:\/\/miradordeatarfe.es\/index.php?rest_route=\/wp\/v2\/posts\/15969\/revisions\/15971"}],"wp:featuredmedia":[{"embeddable":true,"href":"https:\/\/miradordeatarfe.es\/index.php?rest_route=\/wp\/v2\/media\/15970"}],"wp:attachment":[{"href":"https:\/\/miradordeatarfe.es\/index.php?rest_route=%2Fwp%2Fv2%2Fmedia&parent=15969"}],"wp:term":[{"taxonomy":"category","embeddable":true,"href":"https:\/\/miradordeatarfe.es\/index.php?rest_route=%2Fwp%2Fv2%2Fcategories&post=15969"},{"taxonomy":"post_tag","embeddable":true,"href":"https:\/\/miradordeatarfe.es\/index.php?rest_route=%2Fwp%2Fv2%2Ftags&post=15969"}],"curies":[{"name":"wp","href":"https:\/\/api.w.org\/{rel}","templated":true}]}}