{"id":15976,"date":"2017-04-23T08:06:43","date_gmt":"2017-04-23T06:06:43","guid":{"rendered":"http:\/\/miradordeatarfe.es\/?p=15976"},"modified":"2017-04-17T18:09:32","modified_gmt":"2017-04-17T16:09:32","slug":"la-ue-podria-eliminar-la-fecha-de-caducidad-de-algunos-alimentos","status":"publish","type":"post","link":"https:\/\/miradordeatarfe.es\/?p=15976","title":{"rendered":"La UE podr\u00eda eliminar la fecha de caducidad de algunos alimentos"},"content":{"rendered":"<p style=\"text-align: justify;\">El informe ha sido adoptado por unanimidad en la comisi\u00f3n europarlamentaria. El pleno de la Euroc\u00e1mara se pronunciar\u00e1 sobre estas medidas durante la sesi\u00f3n que tendr\u00e1 lugar a mediados de mayo.<!--more--><\/p>\n<p style=\"text-align: justify;\">\u00a0La comisi\u00f3n de Medio Ambiente del Parlamento Europeo ha propuesto este martes una serie de medidas para reducir el desperdicio de alimentos en la Uni\u00f3n Europea, entre las que plantean a la Comisi\u00f3n Europea que estudie los beneficios de eliminar de la fecha de caducidad de algunos productos siempre que no se ponga en riesgo la salud p\u00fablica o el medio ambiente.El informe ha sido adoptado por unanimidad en la comisi\u00f3n europarlamentaria.<\/p>\n<p style=\"text-align: justify;\">El pleno de la Euroc\u00e1mara se pronunciar\u00e1 sobre estas medidas durante la sesi\u00f3n que tendr\u00e1 lugar a mediados de mayo.En concreto, los eurodiputados han defendido la necesidad de que las autoridades nacionales y otros actores eduquen a los consumidores para una mejor comprensi\u00f3n de las fechas de caducidad y de la f\u00f3rmula \u00abconsumir preferentemente antes de\u00bb. Tambi\u00e9n han reclamado aclarar la utilidad de los alimentos una vez superada dicha fecha.Adem\u00e1s, la comisi\u00f3n de Medio Ambiente ha instado al Ejecutivo comunitario a evaluar los \u00abposibles beneficios\u00bb de eliminar \u00abalgunas fechas para productos\u00bb, aunque ha a\u00f1adido que deber\u00eda hacerse \u00absin riesgos para la salud p\u00fablica o el medio ambiente\u00bb.Por otro lado, los eurodiputados han propuesto a Bruselas impulsar las donaciones de alimentos mediante la introducci\u00f3n de exenciones fiscales en el impuesto sobre el valor a\u00f1adido (IVA).<\/p>\n<p style=\"text-align: justify;\">En el mismo sentido, han pedido que el Fondo de Ayuda Europea para los M\u00e1s Necesitados (FEAD) tenga la posibilidad de financiar el coste del transporte, almacenamiento y distribuci\u00f3n de donaciones colectivas de alimentos.Los eurodiputados de esta comisi\u00f3n han recordado adem\u00e1s los objetivos que han propuesto en cuanto a la reducci\u00f3n del desperdicio de alimentos, que son del 30% para 2025 y del 50% para 2030.<\/p>\n<p style=\"text-align: justify;\">El desperdicio de alimentos en el conjunto de la UE est\u00e1 cifrado de forma estimada en 88 millones de toneladas, que representan 173 kilogramos per c\u00e1pita al a\u00f1o. La comisi\u00f3n de Medio Ambiente del Parlamento Europeo ha propuesto este martes una serie de medidas para reducir el desperdicio de alimentos en la Uni\u00f3n Europea, entre las que plantean a la Comisi\u00f3n Europea que estudie los beneficios de eliminar de la fecha de caducidad de algunos productos siempre que no se ponga en riesgo la salud p\u00fablica o el medio ambiente. El informe ha sido adoptado por unanimidad en la comisi\u00f3n europarlamentaria.<\/p>\n<p style=\"text-align: justify;\">El pleno de la Euroc\u00e1mara se pronunciar\u00e1 sobre estas medidas durante la sesi\u00f3n que tendr\u00e1 lugar a mediados de mayo. En concreto, los eurodiputados han defendido la necesidad de que las autoridades nacionales y otros actores eduquen a los consumidores para una mejor comprensi\u00f3n de las fechas de caducidad y de la f\u00f3rmula \u00abconsumir preferentemente antes de\u00bb.<\/p>\n<p style=\"text-align: justify;\">Tambi\u00e9n han reclamado aclarar la utilidad de los alimentos una vez superada dicha fecha. Adem\u00e1s, la comisi\u00f3n de Medio Ambiente ha instado al Ejecutivo comunitario a evaluar los \u00abposibles beneficios\u00bb de eliminar \u00abalgunas fechas para productos\u00bb, aunque ha a\u00f1adido que deber\u00eda hacerse \u00absin riesgos para la salud p\u00fablica o el medio ambiente\u00bb.<\/p>\n<p style=\"text-align: justify;\">Por otro lado, los eurodiputados han propuesto a Bruselas impulsar las donaciones de alimentos mediante la introducci\u00f3n de exenciones fiscales en el impuesto sobre el valor a\u00f1adido (IVA). En el mismo sentido, han pedido que el Fondo de Ayuda Europea para los M\u00e1s Necesitados (FEAD) tenga la posibilidad de financiar el coste del transporte, almacenamiento y distribuci\u00f3n de donaciones colectivas de alimentos.<\/p>\n<p style=\"text-align: justify;\">Los eurodiputados de esta comisi\u00f3n han recordado adem\u00e1s los objetivos que han propuesto en cuanto a la reducci\u00f3n del desperdicio de alimentos, que son del 30% para 2025 y del 50% para 2030. El desperdicio de alimentos en el conjunto de la UE est\u00e1 cifrado de forma estimada en 88 millones de toneladas, que representan 173 kilogramos per c\u00e1pita al a\u00f1o.<\/p>\n<p>Fuente: <a title=\"Alimentos ecol\u00f3gicos\" href=\"http:\/\/www.ecoticias.com\/alimentos\">Alimentos ecol\u00f3gicos<\/a><\/p>\n","protected":false},"excerpt":{"rendered":"<p>El informe ha sido adoptado por unanimidad en la comisi\u00f3n europarlamentaria. El pleno de la&#8230;<\/p>\n","protected":false},"author":1,"featured_media":15978,"comment_status":"closed","ping_status":"closed","sticky":false,"template":"","format":"standard","meta":{"_coblocks_attr":"","_coblocks_dimensions":"","_coblocks_responsive_height":"","_coblocks_accordion_ie_support":"","jetpack_post_was_ever_published":false,"_jetpack_newsletter_access":"","_jetpack_dont_email_post_to_subs":false,"_jetpack_newsletter_tier_id":0,"_jetpack_memberships_contains_paywalled_content":false,"_jetpack_memberships_contains_paid_content":false,"footnotes":"","jetpack_publicize_message":"","jetpack_publicize_feature_enabled":true,"jetpack_social_post_already_shared":false,"jetpack_social_options":{"image_generator_settings":{"template":"highway","default_image_id":0,"enabled":false},"version":2}},"categories":[1161,44,15,10],"tags":[267,1053,3755],"class_list":["post-15976","post","type-post","status-publish","format-standard","has-post-thumbnail","hentry","category-ciudadania","category-noticias-de-hoy","category-ultimas-noticias","category-salud","tag-alimentos","tag-europa","tag-fecha-de-caducidad"],"jetpack_publicize_connections":[],"jetpack_featured_media_url":"https:\/\/i0.wp.com\/miradordeatarfe.es\/wp-content\/uploads\/2017\/04\/306_MESZ_52.jpg?fit=306%2C202&ssl=1","jetpack_likes_enabled":true,"jetpack_sharing_enabled":true,"_links":{"self":[{"href":"https:\/\/miradordeatarfe.es\/index.php?rest_route=\/wp\/v2\/posts\/15976","targetHints":{"allow":["GET"]}}],"collection":[{"href":"https:\/\/miradordeatarfe.es\/index.php?rest_route=\/wp\/v2\/posts"}],"about":[{"href":"https:\/\/miradordeatarfe.es\/index.php?rest_route=\/wp\/v2\/types\/post"}],"author":[{"embeddable":true,"href":"https:\/\/miradordeatarfe.es\/index.php?rest_route=\/wp\/v2\/users\/1"}],"replies":[{"embeddable":true,"href":"https:\/\/miradordeatarfe.es\/index.php?rest_route=%2Fwp%2Fv2%2Fcomments&post=15976"}],"version-history":[{"count":2,"href":"https:\/\/miradordeatarfe.es\/index.php?rest_route=\/wp\/v2\/posts\/15976\/revisions"}],"predecessor-version":[{"id":15979,"href":"https:\/\/miradordeatarfe.es\/index.php?rest_route=\/wp\/v2\/posts\/15976\/revisions\/15979"}],"wp:featuredmedia":[{"embeddable":true,"href":"https:\/\/miradordeatarfe.es\/index.php?rest_route=\/wp\/v2\/media\/15978"}],"wp:attachment":[{"href":"https:\/\/miradordeatarfe.es\/index.php?rest_route=%2Fwp%2Fv2%2Fmedia&parent=15976"}],"wp:term":[{"taxonomy":"category","embeddable":true,"href":"https:\/\/miradordeatarfe.es\/index.php?rest_route=%2Fwp%2Fv2%2Fcategories&post=15976"},{"taxonomy":"post_tag","embeddable":true,"href":"https:\/\/miradordeatarfe.es\/index.php?rest_route=%2Fwp%2Fv2%2Ftags&post=15976"}],"curies":[{"name":"wp","href":"https:\/\/api.w.org\/{rel}","templated":true}]}}