{"id":16099,"date":"2017-04-22T09:07:55","date_gmt":"2017-04-22T07:07:55","guid":{"rendered":"http:\/\/miradordeatarfe.es\/?p=16099"},"modified":"2017-04-21T11:10:41","modified_gmt":"2017-04-21T09:10:41","slug":"16099","status":"publish","type":"post","link":"https:\/\/miradordeatarfe.es\/?p=16099","title":{"rendered":"Calendario de la declaraci\u00f3n de la Renta 2016 &#8211; 2017: fechas clave"},"content":{"rendered":"<div id=\"articulo-titulares\" class=\"articulo-titulares\">\n<div class=\"articulo-subtitulos\">\n<p class=\"articulo-subtitulo\">El mi\u00e9rcoles 5 de abril comenz\u00f3 el plazo parta solicitar el borrador con Renta Web, aunque para concretar cita previa en la Agencia Tributaria habr\u00e1 que esperar hasta el 4 de mayo<\/p>\n<\/div>\n<\/div>\n<p><!--more--><\/p>\n<div id=\"articulo_contenedor\" class=\"articulo__contenedor\">\n<div id=\"cuerpo_noticia\" class=\"articulo-cuerpo\">\n<p style=\"text-align: justify;\">La campa\u00f1a de la <strong>Renta 2016<\/strong> comenz\u00f3 el mi\u00e9rcoles 5 de abril. Desde esta fecha se puede solicitar el borrador con el programa Renta Web y presentarlo hasta las 0:00 horas del 30 de junio de 2017, \u00faltimo d\u00eda para presentar online las declaraciones de Renta 2016 y Patrimonio 2016.<\/p>\n<div id=\"elpais_gpt-INTEXT\" style=\"text-align: justify;\" data-google-query-id=\"CP2ZsqiZtdMCFVauUQod6JoPqw\"><\/div>\n<p style=\"text-align: justify;\">Para pedir cita previa en la <strong>Agencia Tributaria (AEAT)<\/strong> habr\u00e1 que esperar hasta el 4 de mayo, casi un mes despu\u00e9s. En este fecha comienza el plazo para solicitar online o por tel\u00e9fono una cita que permita recibir atenci\u00f3n presencial para las declaraciones y la modificaci\u00f3n del borrador, aunque las primeras citas no ser\u00e1n hasta el d\u00eda 11. (Tel\u00e9fonos de cita previa: 901 223 344 \/ 91 553 00 71).<\/p>\n<h3 style=\"text-align: justify;\">Novedades de la campa\u00f1a de Renta 2016<\/h3>\n<p style=\"text-align: justify;\">La principal novedad de este a\u00f1o es que ser\u00e1 la primera vez en 29 a\u00f1os que no se pueda contar con la asistencia del <strong>programa PADRE<\/strong>. La AEAT ha apostado definitivamente por el servicio Renta Web, que ya estuvo operativo en la campa\u00f1a del a\u00f1o pasado. Este servicio, que une la sencillez del borrador y las m\u00faltiples opciones del programa PADRE, har\u00e1 posible que cualquier persona pueda acceder directamente a la web (mediante n\u00famero de referencia, Cl@ve PIN, certificado electr\u00f3nico o DNIe) y completar cualquier dato de su <strong>declaraci\u00f3n de la renta<\/strong>.<\/p>\n<p style=\"text-align: justify;\">A diferencia del programa PADRE, ya no ser\u00e1 necesario descargar un programa e instalarlo en el dispositivo, sino que bastar\u00e1 con iniciar sesi\u00f3n en la p\u00e1gina web de la Agencia Tributaria.<\/p>\n<h3 style=\"text-align: justify;\">Calendario de la Renta 2016: fechas clave<\/h3>\n<p style=\"text-align: justify;\">Como todos los a\u00f1os, en la <strong>declaraci\u00f3n de la renta<\/strong> hay varias fechas clave desde este 5 de abril hasta el 30 de junio (\u00faltimo d\u00eda para presentarla). Aqu\u00ed te las detallamos todas:<\/p>\n<ul class=\"en_contenido\">\n<li style=\"text-align: justify;\"><strong>5 de abril:<\/strong> Inicio de los servicios telem\u00e1ticos de borrador(confirmaci\u00f3n \/ modificaci\u00f3n) y declaraciones de la Renta y Patrimonio 2016. Hasta el 30 de junio.<\/li>\n<li style=\"text-align: justify;\"><strong>4 de mayo:<\/strong> Inicio servicio de Cita Previa por Internet y por tel\u00e9fono. Hasta el 29 de junio. Las primeras citas f\u00edsicas no ser\u00e1n hasta el 11 de mayo.<\/li>\n<li style=\"text-align: justify;\"><strong>11 de mayo:<\/strong> Inicio de la atenci\u00f3n presencial (confecci\u00f3n \/ modificaci\u00f3n y presentaci\u00f3n borradores \/ declaraciones) en oficinas. Hasta el 30 de junio (la petici\u00f3n de cita previa,<strong>solo hasta el 29 de junio).<\/strong><\/li>\n<li style=\"text-align: justify;\"><strong>26 de junio:<\/strong> \u00daltimo d\u00eda para presentar declaraciones con domiciliaci\u00f3n bancaria.<\/li>\n<li style=\"text-align: justify;\"><strong>29 de junio:<\/strong>\u00daltimo d\u00eda para solicitar cita previa por Internet y por v\u00eda telef\u00f3nica.<\/li>\n<li style=\"text-align: justify;\"><strong>30 de junio:<\/strong>\u00daltimo d\u00eda para presentar la declaraci\u00f3n de la renta (hasta las 24:00).<\/li>\n<li style=\"text-align: justify;\"><strong>6 de noviembre:<\/strong> \u00daltimo d\u00eda para realizar el pago del segundo plazo de la cuota del Impuesto sobre la Renta 2016.<\/li>\n<\/ul>\n<\/div>\n<\/div>\n","protected":false},"excerpt":{"rendered":"<p>El mi\u00e9rcoles 5 de abril comenz\u00f3 el plazo parta solicitar el borrador con Renta Web,&#8230;<\/p>\n","protected":false},"author":1,"featured_media":16102,"comment_status":"closed","ping_status":"closed","sticky":false,"template":"","format":"standard","meta":{"_coblocks_attr":"","_coblocks_dimensions":"","_coblocks_responsive_height":"","_coblocks_accordion_ie_support":"","jetpack_post_was_ever_published":false,"_jetpack_newsletter_access":"","_jetpack_dont_email_post_to_subs":false,"_jetpack_newsletter_tier_id":0,"_jetpack_memberships_contains_paywalled_content":false,"_jetpack_memberships_contains_paid_content":false,"footnotes":"","jetpack_publicize_message":"","jetpack_publicize_feature_enabled":true,"jetpack_social_post_already_shared":false,"jetpack_social_options":{"image_generator_settings":{"template":"highway","default_image_id":0,"enabled":false},"version":2}},"categories":[1161,186,44,15],"tags":[2638,406,836],"class_list":["post-16099","post","type-post","status-publish","format-standard","has-post-thumbnail","hentry","category-ciudadania","category-instituciones","category-noticias-de-hoy","category-ultimas-noticias","tag-agencia-tributaria","tag-hacienda","tag-impuestos"],"jetpack_publicize_connections":[],"jetpack_featured_media_url":"https:\/\/i0.wp.com\/miradordeatarfe.es\/wp-content\/uploads\/2017\/04\/1492625558_461160_1492625651_noticia_normal_recorte1.jpg?fit=1960%2C1187&ssl=1","jetpack_likes_enabled":true,"jetpack_sharing_enabled":true,"_links":{"self":[{"href":"https:\/\/miradordeatarfe.es\/index.php?rest_route=\/wp\/v2\/posts\/16099","targetHints":{"allow":["GET"]}}],"collection":[{"href":"https:\/\/miradordeatarfe.es\/index.php?rest_route=\/wp\/v2\/posts"}],"about":[{"href":"https:\/\/miradordeatarfe.es\/index.php?rest_route=\/wp\/v2\/types\/post"}],"author":[{"embeddable":true,"href":"https:\/\/miradordeatarfe.es\/index.php?rest_route=\/wp\/v2\/users\/1"}],"replies":[{"embeddable":true,"href":"https:\/\/miradordeatarfe.es\/index.php?rest_route=%2Fwp%2Fv2%2Fcomments&post=16099"}],"version-history":[{"count":2,"href":"https:\/\/miradordeatarfe.es\/index.php?rest_route=\/wp\/v2\/posts\/16099\/revisions"}],"predecessor-version":[{"id":16101,"href":"https:\/\/miradordeatarfe.es\/index.php?rest_route=\/wp\/v2\/posts\/16099\/revisions\/16101"}],"wp:featuredmedia":[{"embeddable":true,"href":"https:\/\/miradordeatarfe.es\/index.php?rest_route=\/wp\/v2\/media\/16102"}],"wp:attachment":[{"href":"https:\/\/miradordeatarfe.es\/index.php?rest_route=%2Fwp%2Fv2%2Fmedia&parent=16099"}],"wp:term":[{"taxonomy":"category","embeddable":true,"href":"https:\/\/miradordeatarfe.es\/index.php?rest_route=%2Fwp%2Fv2%2Fcategories&post=16099"},{"taxonomy":"post_tag","embeddable":true,"href":"https:\/\/miradordeatarfe.es\/index.php?rest_route=%2Fwp%2Fv2%2Ftags&post=16099"}],"curies":[{"name":"wp","href":"https:\/\/api.w.org\/{rel}","templated":true}]}}