{"id":1649,"date":"2015-05-10T09:32:07","date_gmt":"2015-05-10T09:32:07","guid":{"rendered":"http:\/\/miradordeatarfe.es\/?p=1649"},"modified":"2015-05-11T08:09:29","modified_gmt":"2015-05-11T08:09:29","slug":"el-laberinto-de-pasiones-andaluz-por-juan-alfredo-bellon","status":"publish","type":"post","link":"https:\/\/miradordeatarfe.es\/?p=1649","title":{"rendered":"EL LABERINTO (DE PASIONES) ANDALUZ . Por Juan Alfredo Bell\u00f3n"},"content":{"rendered":"<p style=\"text-align: justify;\"><strong><em>EL LABERINTO (DE PASIONES) ANDALUZ\u00a0 <\/em>(DESDE EL MIRADOR N\u00ba 51, domingo 10-05-2015) Por Juan Alfredo Bell\u00f3n.<br \/>\n<\/strong><\/p>\n<p style=\"text-align: justify;\"><strong>\u00a0\u00a0\u00a0\u00a0\u00a0\u00a0\u00a0\u00a0\u00a0\u00a0\u00a0\u00a0\u00a0\u00a0\u00a0 <\/strong>En plena vigencia del m\u00e1s ostensible filibusterismo parlamentario<em>, la tribuna<\/em> andaluza <em>de la plebe<\/em> viene clamando contra Susana D\u00edaz acus\u00e1ndola de la impotencia que ella misma padece en el panorama pol\u00edtico actual para intentar gobernar en solitario siendo como es la minor\u00eda m\u00e1s cualificada para hacerlo. <!--more--><\/p>\n<p style=\"text-align: justify;\">Y lo dicen a beneficio de inventario y sin ofrecer otra alternativa para desatrancar el vac\u00edo institucional de gobierno que parece cernerse sobre Andaluc\u00eda, argumentando que la iniciativa de disolver anticipadamente la C\u00e1mara a\u00fan en pleno invierno no podr\u00e1 fructificar en primavera por adolecer de un vicio de origen: no haber querido plegarse a los pulsos y las zancadillas puestas por esa misma hueste minoritaria en la recta final de la legislatura para torcer la buena marcha de la coalici\u00f3n PSOE-IU y presentarse ante el electorado como los responsables de un envite definitivo en la <em>lucha final<\/em> donde aparecer\u00edan desagrupados en vez de agrupados, como manda la letra de <em>La Internacional. <\/em><\/p>\n<p style=\"text-align: justify;\"><em>\u00a0\u00a0\u00a0\u00a0\u00a0\u00a0\u00a0\u00a0\u00a0\u00a0\u00a0\u00a0\u00a0\u00a0\u00a0 Ni contigo ni sin ti \/ tienen mis males remedio \/ contigo porque me matas \/ y sin ti porque me muero, <\/em>reza una copla flamenca que describe a la perfecci\u00f3n los desencuentros radicales que se producen entre las formaciones pol\u00edticas progresistas cuando sus fuerzas respectivas no est\u00e1n cuantitativamente equilibradas y dan la desafortunada impresi\u00f3n de ser un saco de grillos donde tanto cuesta distinguir el polvo de la paja (con perd\u00f3n) y las voces de los ecos machadianamente hablando.<\/p>\n<p style=\"text-align: justify;\">\u00a0\u00a0\u00a0\u00a0\u00a0\u00a0\u00a0\u00a0\u00a0\u00a0\u00a0\u00a0\u00a0\u00a0\u00a0 Y as\u00ed hoy, viernes 8 de mayo, todas las fuerzas pol\u00edticas ajenas al PSOE y convocadas a votar la candidatura de Susana D\u00edaz, lo han hecho negativamente y han forzado posteriores y sucesivas convocatorias, a partir del 14 de mayo. Y si no hay <em>fumata<\/em> blanca para el 24, d\u00eda de las Elecciones Municipales, entonces se ver\u00e1, a la luz de los resultados lo que dicen y hacen esas catervas minoritarias (PP, Ciudadanos, Podemos e IU) condenadas a desvelar sus verdaderas posiciones en Andaluc\u00eda y a asomar la patita de una pu\u00f1etera vez por debajo de la puerta.<\/p>\n<p style=\"text-align: justify;\">\u00a0\u00a0\u00a0\u00a0\u00a0\u00a0\u00a0\u00a0\u00a0\u00a0\u00a0\u00a0\u00a0\u00a0\u00a0 Poco se conoce a Susana en esa turbamulta opositora y menos a\u00fan se calibra lo que ocurrir\u00e1 si fuera necesario llamar otra vez a las urnas al cuerpo electoral de Andaluc\u00eda. Lo que sucedi\u00f3 en la Comunidad de Madrid tras la jugarreta que dej\u00f3 artificialmente en minor\u00eda a Rafael Simancas, ser\u00eda poco comparado con lo que puede acaecer en aqu\u00ed, con el <em>inri <\/em>adem\u00e1s de la proximidad inminente de las Elecciones Generales ahora que la gente sabe que el atranque andaluz viene orquestado por Rivera desde Barcelona y por Iglesias y Rajoy respectivamente desde Madrid utilizando el modelo jer\u00e1rquico y autoritario del centralismo democr\u00e1tico que era el usado por los volcheviques cuando no ten\u00edan m\u00e1s remedio que desenvolverse en la clandestinidad presionados por sus enemigos de clase.<\/p>\n<p style=\"text-align: justify;\">\u00a0\u00a0\u00a0\u00a0\u00a0\u00a0\u00a0\u00a0\u00a0\u00a0\u00a0\u00a0\u00a0\u00a0\u00a0 Y menos a\u00fan se podr\u00e1n calibrar las reacciones del pueblo andaluz, que vive en el antiguamente llamado \u00abmedio rural\u00bb donde quien parezca m\u00e1s tonto o tonta, sabe fabricar relojes m\u00e1s fiables que los mejores de Suiza, con la luz apagada y los ojos vendados con esparadrapo.<\/p>\n<p style=\"text-align: justify;\">\u00a0\u00a0\u00a0\u00a0\u00a0\u00a0\u00a0\u00a0\u00a0\u00a0\u00a0\u00a0\u00a0\u00a0\u00a0 Quiera Dios, si es que existe, que pronto quede despejado este<em> Laberinto Andaluz<\/em> <em>de pasiones encontradas<\/em> y que lo haga reflejando en su Gobierno e Instituciones la voluntad del pueblo, porque podr\u00eda ocurrir,<em> mutatis mutandis<\/em>, lo que Gerald Brenan nos anticip\u00f3 a prop\u00f3sito de aquel otro Laberinto de los a\u00f1os treinta cuando vino a profetizar los sangrientos acontecimientos de la Guerra Civil que luego, amordazando la memoria hist\u00f3rica y su ense\u00f1anza a la juventud en las escuelas, tanto trabajo est\u00e1 costando conocer para superar definitivamente y as\u00ed estar en condiciones de asumir y perdonar.<\/p>\n<p style=\"text-align: justify;\">\u00a0\u00a0\u00a0\u00a0\u00a0\u00a0\u00a0\u00a0\u00a0\u00a0\u00a0\u00a0\u00a0\u00a0\u00a0 Cu\u00e1ndo aprender\u00e1 la derecha que con Andaluc\u00eda no se juega y que cualquier menosprecio nos transforma en los peores enemigos de sus intereses. Quien avisa no es traidor. Menos mal (para nosotros) que siempre tropiezan de nuevo en la misma piedra.<\/p>\n","protected":false},"excerpt":{"rendered":"<p>EL LABERINTO (DE PASIONES) ANDALUZ\u00a0 (DESDE EL MIRADOR N\u00ba 51, domingo 10-05-2015) Por Juan Alfredo&#8230;<\/p>\n","protected":false},"author":1,"featured_media":1650,"comment_status":"closed","ping_status":"closed","sticky":false,"template":"","format":"standard","meta":{"_coblocks_attr":"","_coblocks_dimensions":"","_coblocks_responsive_height":"","_coblocks_accordion_ie_support":"","jetpack_post_was_ever_published":false,"_jetpack_newsletter_access":"","_jetpack_dont_email_post_to_subs":false,"_jetpack_newsletter_tier_id":0,"_jetpack_memberships_contains_paywalled_content":false,"_jetpack_memberships_contains_paid_content":false,"footnotes":"","jetpack_publicize_message":"","jetpack_publicize_feature_enabled":true,"jetpack_social_post_already_shared":false,"jetpack_social_options":{"image_generator_settings":{"template":"highway","default_image_id":0,"enabled":false},"version":2}},"categories":[36,15],"tags":[172,595,171,195],"class_list":["post-1649","post","type-post","status-publish","format-standard","has-post-thumbnail","hentry","category-opinion-de-juan-alfredo-bellon","category-ultimas-noticias","tag-andalucia","tag-centralismo","tag-elecciones","tag-elecciones-municipales"],"jetpack_publicize_connections":[],"jetpack_featured_media_url":"https:\/\/i0.wp.com\/miradordeatarfe.es\/wp-content\/uploads\/2015\/05\/ju.jpg?fit=276%2C183&ssl=1","jetpack_likes_enabled":true,"jetpack_sharing_enabled":true,"_links":{"self":[{"href":"https:\/\/miradordeatarfe.es\/index.php?rest_route=\/wp\/v2\/posts\/1649","targetHints":{"allow":["GET"]}}],"collection":[{"href":"https:\/\/miradordeatarfe.es\/index.php?rest_route=\/wp\/v2\/posts"}],"about":[{"href":"https:\/\/miradordeatarfe.es\/index.php?rest_route=\/wp\/v2\/types\/post"}],"author":[{"embeddable":true,"href":"https:\/\/miradordeatarfe.es\/index.php?rest_route=\/wp\/v2\/users\/1"}],"replies":[{"embeddable":true,"href":"https:\/\/miradordeatarfe.es\/index.php?rest_route=%2Fwp%2Fv2%2Fcomments&post=1649"}],"version-history":[{"count":1,"href":"https:\/\/miradordeatarfe.es\/index.php?rest_route=\/wp\/v2\/posts\/1649\/revisions"}],"predecessor-version":[{"id":1651,"href":"https:\/\/miradordeatarfe.es\/index.php?rest_route=\/wp\/v2\/posts\/1649\/revisions\/1651"}],"wp:featuredmedia":[{"embeddable":true,"href":"https:\/\/miradordeatarfe.es\/index.php?rest_route=\/wp\/v2\/media\/1650"}],"wp:attachment":[{"href":"https:\/\/miradordeatarfe.es\/index.php?rest_route=%2Fwp%2Fv2%2Fmedia&parent=1649"}],"wp:term":[{"taxonomy":"category","embeddable":true,"href":"https:\/\/miradordeatarfe.es\/index.php?rest_route=%2Fwp%2Fv2%2Fcategories&post=1649"},{"taxonomy":"post_tag","embeddable":true,"href":"https:\/\/miradordeatarfe.es\/index.php?rest_route=%2Fwp%2Fv2%2Ftags&post=1649"}],"curies":[{"name":"wp","href":"https:\/\/api.w.org\/{rel}","templated":true}]}}