{"id":16638,"date":"2017-05-16T11:15:47","date_gmt":"2017-05-16T09:15:47","guid":{"rendered":"http:\/\/miradordeatarfe.es\/?p=16638"},"modified":"2017-05-16T17:00:44","modified_gmt":"2017-05-16T15:00:44","slug":"procedimientos-e-instrumentos-para-evaluar-cualitativamente-por-juande-dios-f-galvez","status":"publish","type":"post","link":"https:\/\/miradordeatarfe.es\/?p=16638","title":{"rendered":"PROCEDIMIENTOS E INSTRUMENTOS PARA EVALUAR (cualitativamente) por Juande Dios F. Galvez"},"content":{"rendered":"<p style=\"text-align: justify;\">En el art\u00edculo anterior acab\u00e1bamos diciendo:<i> \u201cEs llegada la hora de evaluar de otra forma. Ya hay profesorado y centros que lo est\u00e1n haciendo de una forma m\u00e1s v\u00e1lida, m\u00e1s justa y m\u00e1s eficaz. En el pr\u00f3ximo art\u00edculo lo veremos\u201d. <\/i>\u00a1Pues aqu\u00ed estamos!<!--more--><\/p>\n<p style=\"text-align: justify;\">Ya tenemos claro que evaluar y calificar son dos conceptos diferentes, complementarios, pero que en la pr\u00e1ctica se confunden. Dec\u00edamos en el art\u00edculo anterior: \u201cUn n\u00famero no me dice nada si quiero saber algo, sobre todo si mi inter\u00e9s es saber para poder mejorar. \u00a1Los n\u00fameros para quien tenga que hacer las estad\u00edsticas! \u00a1Los datos cualitativos para quienes queramos saber lo que pasa y c\u00f3mo mejorar! <i>\u00bfEs que no nos interesa qu\u00e9 le pasa a nuestra hija o nuestro hijo? \u00bfConocer lo que sabe, lo que no sabe y c\u00f3mo avanzar m\u00e1s? Pues entonces \u00bfpor qu\u00e9 nos conformamos con un n\u00famero?\u201d<\/i>. Dada la largu\u00edsima e intensa experiencia de \u201ccalificar mediante ex\u00e1menes para dar nota\u201d, se nos hace dif\u00edcil imaginar c\u00f3mo evaluar cualitativamente. Veamos algunos procedimientos e instrumentos y su soporte normativo en primaria y secundaria.<\/p>\n<p style=\"text-align: justify;\">Vamos a ir por partes. <b>\u00bfQui\u00e9n ha de evaluar?<\/b> Estamos acostumbrados a que sea el profesor o profesora quien lo haga, pero una vez m\u00e1s las pr\u00e1cticas escolares est\u00e1n alejadas de la realidad social y de las necesidades formativas del alumnado. En la vida real, en la vida que ha de afrontar nuestro alumnado, es cada uno y cada una quien ha de evaluar lo que hace, para ver c\u00f3mo va y para poder mejorar. Tambi\u00e9n social y laboralmente cada vez se impone m\u00e1s el proceso de evaluar lo que hacemos o hemos de hacer conjuntamente con compa\u00f1eras y compa\u00f1eros con quienes los ejecutamos. En educaci\u00f3n, pensando en aprender en el presente para poder afrontar el futuro, se imponen tres modos de evaluaci\u00f3n: <i><u>auto-evaluaci\u00f3n<\/u><\/i> (el alumno o alumna se eval\u00faa a s\u00ed mismo\/a), <i><u>co-evaluaci\u00f3n<\/u><\/i> (evaluaci\u00f3n por parte de compa\u00f1eros y compa\u00f1eras) y <i><u>evaluaci\u00f3n por el profesorado<\/u><\/i>. Este enfoque no es para ver quien tiene la raz\u00f3n, sino para conocer la realidad desde diferentes puntos de vista, todos ellos v\u00e1lidos y complementarios.<\/p>\n<p style=\"text-align: justify;\">Si ya hemos visto qui\u00e9n ha de evaluar, es necesario dejar claro <b>\u00bfqu\u00e9 se ha de evaluar? <\/b>Hasta ahora en evaluaci\u00f3n casi siempre se han valorado contenidos, es m\u00e1s, se ha evaluado (calificado) el aprendizaje memor\u00edstico de conceptos de las diferentes \u00e1reas. Conocimientos que en su mayor\u00eda se olvidan en unas semanas. Adem\u00e1s, con las nuevas tecnolog\u00edas, esos conceptos est\u00e1n a disposici\u00f3n de todos (del alumnado) en tel\u00e9fonos, tablet, ordenadores\u2026 <i><u>Sin <\/u><\/i><i>dejar de lado la memoria<\/i>, que es necesaria, (\u00bfc\u00f3mo vamos a entender el mundo si no tenemos un amplio vocabulario general y especializado?, \u00bfc\u00f3mo vamos a interpretar lo que leemos si no tenemos ese amplio vocabulario<i>?), tambi\u00e9n se ha de evaluar si el alumnado sabe pensar, si sabe buscar informaci\u00f3n, seleccionarla seg\u00fan necesidades, diferenciar la verdadera de la err\u00f3nea, aplicarla para resolver situaciones y problemas, elaborar informes, analizar los errores y mejorar<\/i>\u2026 Eso que se llama \u201c<i>procesos cognitivos o procesos mentales<\/i>\u201d, es decir, si sabe pensar (<span style=\"font-size: small;\">orden de 17 de 17 de marzo de 2015, art 4.3<\/span>). <i><b>Una buena evaluaci\u00f3n<\/b><\/i>, comprueba si cada alumna y alumno <i><u>tiene el vocabulario<\/u><\/i> (los conceptos) <i><u>b\u00e1sicos de las diferentes \u00e1reas<\/u><\/i> y, principalmente, <i><u>si sabe buscar y usar la informaci\u00f3n, bien de memoria, bien en libros o recursos t\u00e9cnicos<\/u><\/i> y si estos procesos cognitivos <i><u>los saben aplicar en diferentes \u00e1reas del conocimiento<\/u><\/i>. As\u00ed podremos asegurar que el alumnado va desarrollando las competencias clave que tanto empuje tiene en Europa.<\/p>\n<p style=\"text-align: justify;\">Otro aspecto a aclarar es <b>\u00bfc\u00f3mo se ha de hacer?<\/b> Pues los procedimientos han de ser variados (<span style=\"font-size: small;\">Orden ECD\/65\/2015, art 7.5; orden 14 de julio 2016, curr\u00edculo secundaria, art 15 y decreto 97\/2015 de curr\u00edculo primaria, art 12.5<\/span>) . La idea clave es <u>buscar \u201c<\/u><i><u>evidencias de aprendizaje<\/u><\/i><u>\u201d<\/u>, evidencias de aprendizajes duraderos y polivalentes <i><u>con diferentes fuentes de informaci\u00f3n<\/u><\/i>. Veamos algunas de las recogidas en la normativa vigente y presentadas a los centros en las Orientaciones para Evaluaci\u00f3n de 2005 (primaria pg 38 y 39; secundaria pg 35 y 36) y matizadas en Instrucciones de 8 de marzo de 2017 sobre protocolo de actuaciones ante alumnado con necesidades espec\u00edficas de apoyo educativo (neae), pg 59 y 60:<\/p>\n<p style=\"text-align: justify;\"><span style=\"font-family: NewsGotT-Regu,serif;\"><i><b>&#8211; La observaci\u00f3n diaria del trabajo del alumnado<\/b><\/i><\/span><span style=\"font-family: NewsGotT-Regu,serif;\"> es una de las principales v\u00edas para la evaluaci\u00f3n. Pero esta observaci\u00f3n no se podr\u00e1 realizar si no tenemos claro, previamente, qu\u00e9 queremos observar. Es preciso que esta observaci\u00f3n sea sistem\u00e1tica y controlada. Para ello se pueden utilizar diferentes instrumentos: <\/span><span style=\"font-family: NewsGotT-Regu,serif;\"><i><u>listas de control<\/u><\/i><\/span><span style=\"font-family: NewsGotT-Regu,serif;\"> (relaci\u00f3n de diferentes conductas o destrezas y se anota la presencia o ausencia, sirve de control y de relaci\u00f3n para trabajar y mejorar); <\/span><span style=\"font-family: NewsGotT-Regu,serif;\"><i><u>escala de estimaci\u00f3n<\/u><\/i><\/span><span style=\"font-family: NewsGotT-Regu,serif;\"> (listado de rasgos en los que se grad\u00faa el nivel de consecuci\u00f3n observado -siempre, a veces \u2026 o iniciado, en proceso\u2026); <\/span><span style=\"font-family: NewsGotT-Regu,serif;\"><i><u>registro anecd\u00f3tico<\/u><\/i><\/span><span style=\"font-family: NewsGotT-Regu,serif;\"> (ficha en la que se recogen comportamientos no previsibles de antemano y que pueden aportar informaci\u00f3n significativa para valorar carencias o actitudes<\/span><\/p>\n<p style=\"text-align: justify;\"><i><b>Pruebas<\/b><\/i>, que no siempre han de ser los cl\u00e1sicos ex\u00e1menes escritos, en los documentos de evaluaci\u00f3n de la Junta se recomiendan: <i><u>escala de estimaci\u00f3n de respuestas orales<\/u><\/i> (eval\u00faan las competencias del alumno o alumna relacionadas con la expresi\u00f3n oral, la comunicaci\u00f3n verbal, vocabulario, fluidez, pronunciaci\u00f3n, estructura de las frases, organizaci\u00f3n del pensamiento\u2026); <i><u>cuestionarios de respuesta escrita<\/u><\/i>, bien sean<i> \u201censayos\u201d<\/i> (permiten que el alumnado construya sus propias respuestas -no que repita lo memorizado- y le exige capacidades y habilidades de reflexi\u00f3n) o \u201c<i>pruebas objetivas\u201d<\/i> (opciones entre las que el alumnado elige una respuesta concreta ya escrita: elecci\u00f3n m\u00faltiple, verdadero o falso, correspondencia, textos incompletos\u2026)<\/p>\n<p style=\"text-align: justify;\"><b>Revisi\u00f3n de tareas<\/b>, de forma planificada y sistem\u00e1tica: <i><u>cuaderno de clase <\/u><\/i>(an\u00e1lisis sistem\u00e1tico y continuado de las tareas diarias realizadas en clase -se pueden usar escalas de observaci\u00f3n, registros de seguimiento\u2026); <i><u>informes y monograf\u00edas<\/u><\/i> (presentaci\u00f3n escrita de tareas espec\u00edficas encargadas o fruto de peque\u00f1as investigaciones); <i><u><b>porfolio<\/b><\/u><\/i> (colecci\u00f3n planificada de trabajos de cada alumna o alumno que representa su esfuerzo, progreso y desarrollo en un \u00e1rea espec\u00edfica o en un aspecto concreto)<\/p>\n<p style=\"text-align: justify;\"><b>Entrevista<\/b>, es una comunicaci\u00f3n verbal planificada, utilizando <i><u>guiones previos<\/u><\/i> m\u00e1s o menos estructurados, que aporta datos \u00fatiles para conocer una determinada conducta, destreza o conocimiento; son especialmente utilizadas para resolver situaciones problem\u00e1ticas y para aprendizaje a partir de errores.<\/p>\n<p style=\"text-align: justify;\"><b>Rubrica o Matriz<\/b>, <span lang=\"es-ES\">es un instrumento\/gu\u00eda de evaluaci\u00f3n que sirve para valorar el desempe\u00f1o de los alumnos al realizar cualquier actividad\/tarea de ense\u00f1anza-aprendizaje; es una tabla de doble entrada, en vertical se destacan los campos a registrar y en horizontal lo diferentes nivele de logro, de menos a m\u00e1s, que sirven para indicar el camino de mejora. <\/span><span lang=\"es-ES\">Por medio de esta matriz se hace una descripci\u00f3n detallada del tipo de desempe\u00f1o esperado por parte de los estudiantes as\u00ed como los criterios que ser\u00e1n usados para su an\u00e1lisis.<\/span><\/p>\n<p style=\"text-align: justify;\"><a href=\"https:\/\/i0.wp.com\/miradordeatarfe.es\/wp-content\/uploads\/2017\/05\/9-a.png?ssl=1\"><img data-recalc-dims=\"1\" loading=\"lazy\" decoding=\"async\" class=\"alignnone size-full wp-image-16639\" src=\"https:\/\/i0.wp.com\/miradordeatarfe.es\/wp-content\/uploads\/2017\/05\/9-a.png?resize=640%2C360&#038;ssl=1\" alt=\"\" width=\"640\" height=\"360\" srcset=\"https:\/\/i0.wp.com\/miradordeatarfe.es\/wp-content\/uploads\/2017\/05\/9-a.png?w=1920&amp;ssl=1 1920w, https:\/\/i0.wp.com\/miradordeatarfe.es\/wp-content\/uploads\/2017\/05\/9-a.png?resize=300%2C169&amp;ssl=1 300w, https:\/\/i0.wp.com\/miradordeatarfe.es\/wp-content\/uploads\/2017\/05\/9-a.png?resize=768%2C432&amp;ssl=1 768w, https:\/\/i0.wp.com\/miradordeatarfe.es\/wp-content\/uploads\/2017\/05\/9-a.png?resize=1024%2C576&amp;ssl=1 1024w, https:\/\/i0.wp.com\/miradordeatarfe.es\/wp-content\/uploads\/2017\/05\/9-a.png?resize=600%2C338&amp;ssl=1 600w, https:\/\/i0.wp.com\/miradordeatarfe.es\/wp-content\/uploads\/2017\/05\/9-a.png?w=1280&amp;ssl=1 1280w\" sizes=\"auto, (max-width: 640px) 100vw, 640px\" \/><\/a><\/p>\n<p style=\"text-align: justify;\"><i>\u00a1Os imagin\u00e1is que a principio de curso se le facilita al alumnado y a las familias esta matriz como gu\u00eda de aprendizaje de c\u00f3mo elaborar y presentar un trabajo escrito y que peri\u00f3dicamente se eval\u00faa (por todos) por d\u00f3nde se va! El camino a seguir ya est\u00e1 marcado.<\/i><\/p>\n<p style=\"text-align: justify;\"><i>\u00a1Os imagin\u00e1is que adem\u00e1s se usa un \u201cporfolio\u201d para ir guardando los diferentes trabajos para ir comprobando los avances o retrocesos!<\/i><\/p>\n<p style=\"text-align: justify;\"><b>\u00a1ESTO o UN 6,25! \u2026 VOSOTRAS Y VOSOTROS DECID\u00cdS, en la normativa est\u00e1 recogido.<\/b><\/p>\n<p style=\"text-align: justify;\"><a href=\"https:\/\/i0.wp.com\/miradordeatarfe.es\/wp-content\/uploads\/2017\/05\/9.png?ssl=1\"><img data-recalc-dims=\"1\" loading=\"lazy\" decoding=\"async\" class=\"alignnone size-full wp-image-16640\" src=\"https:\/\/i0.wp.com\/miradordeatarfe.es\/wp-content\/uploads\/2017\/05\/9.png?resize=640%2C241&#038;ssl=1\" alt=\"\" width=\"640\" height=\"241\" srcset=\"https:\/\/i0.wp.com\/miradordeatarfe.es\/wp-content\/uploads\/2017\/05\/9.png?w=1641&amp;ssl=1 1641w, https:\/\/i0.wp.com\/miradordeatarfe.es\/wp-content\/uploads\/2017\/05\/9.png?resize=300%2C113&amp;ssl=1 300w, https:\/\/i0.wp.com\/miradordeatarfe.es\/wp-content\/uploads\/2017\/05\/9.png?resize=768%2C289&amp;ssl=1 768w, https:\/\/i0.wp.com\/miradordeatarfe.es\/wp-content\/uploads\/2017\/05\/9.png?resize=1024%2C385&amp;ssl=1 1024w, https:\/\/i0.wp.com\/miradordeatarfe.es\/wp-content\/uploads\/2017\/05\/9.png?resize=600%2C226&amp;ssl=1 600w, https:\/\/i0.wp.com\/miradordeatarfe.es\/wp-content\/uploads\/2017\/05\/9.png?w=1280&amp;ssl=1 1280w\" sizes=\"auto, (max-width: 640px) 100vw, 640px\" \/><\/a><\/p>\n<p style=\"text-align: justify;\" align=\"RIGHT\"><b>Juan de Dios Fern\u00e1ndez G\u00e1lvez, jubilado activo<\/b><\/p>\n<p style=\"text-align: justify;\" align=\"RIGHT\"><b>Ex Orientador escolar y Profesor colaborador extraordinario, UGR<\/b><\/p>\n<p style=\"text-align: justify;\" align=\"RIGHT\">Finales de mayo de 2017<\/p>\n","protected":false},"excerpt":{"rendered":"<p>En el art\u00edculo anterior acab\u00e1bamos diciendo: \u201cEs llegada la hora de evaluar de otra forma&#8230;.<\/p>\n","protected":false},"author":1,"featured_media":16646,"comment_status":"closed","ping_status":"closed","sticky":false,"template":"","format":"standard","meta":{"_coblocks_attr":"","_coblocks_dimensions":"","_coblocks_responsive_height":"","_coblocks_accordion_ie_support":"","jetpack_post_was_ever_published":false,"_jetpack_newsletter_access":"","_jetpack_dont_email_post_to_subs":false,"_jetpack_newsletter_tier_id":0,"_jetpack_memberships_contains_paywalled_content":false,"_jetpack_memberships_contains_paid_content":false,"footnotes":"","jetpack_publicize_message":"","jetpack_publicize_feature_enabled":true,"jetpack_social_post_already_shared":false,"jetpack_social_options":{"image_generator_settings":{"template":"highway","default_image_id":0,"enabled":false},"version":2}},"categories":[187,186,3130,44,15],"tags":[1042,177,732,3849],"class_list":["post-16638","post","type-post","status-publish","format-standard","has-post-thumbnail","hentry","category-centros-educativos","category-instituciones","category-opinion-de-juan-de-dios-fernandez","category-noticias-de-hoy","category-ultimas-noticias","tag-calidad","tag-evaluacion","tag-notas","tag-porfolio"],"jetpack_publicize_connections":[],"jetpack_featured_media_url":"https:\/\/i0.wp.com\/miradordeatarfe.es\/wp-content\/uploads\/2017\/05\/image-2.png?fit=727%2C508&ssl=1","jetpack_likes_enabled":true,"jetpack_sharing_enabled":true,"_links":{"self":[{"href":"https:\/\/miradordeatarfe.es\/index.php?rest_route=\/wp\/v2\/posts\/16638","targetHints":{"allow":["GET"]}}],"collection":[{"href":"https:\/\/miradordeatarfe.es\/index.php?rest_route=\/wp\/v2\/posts"}],"about":[{"href":"https:\/\/miradordeatarfe.es\/index.php?rest_route=\/wp\/v2\/types\/post"}],"author":[{"embeddable":true,"href":"https:\/\/miradordeatarfe.es\/index.php?rest_route=\/wp\/v2\/users\/1"}],"replies":[{"embeddable":true,"href":"https:\/\/miradordeatarfe.es\/index.php?rest_route=%2Fwp%2Fv2%2Fcomments&post=16638"}],"version-history":[{"count":2,"href":"https:\/\/miradordeatarfe.es\/index.php?rest_route=\/wp\/v2\/posts\/16638\/revisions"}],"predecessor-version":[{"id":16647,"href":"https:\/\/miradordeatarfe.es\/index.php?rest_route=\/wp\/v2\/posts\/16638\/revisions\/16647"}],"wp:featuredmedia":[{"embeddable":true,"href":"https:\/\/miradordeatarfe.es\/index.php?rest_route=\/wp\/v2\/media\/16646"}],"wp:attachment":[{"href":"https:\/\/miradordeatarfe.es\/index.php?rest_route=%2Fwp%2Fv2%2Fmedia&parent=16638"}],"wp:term":[{"taxonomy":"category","embeddable":true,"href":"https:\/\/miradordeatarfe.es\/index.php?rest_route=%2Fwp%2Fv2%2Fcategories&post=16638"},{"taxonomy":"post_tag","embeddable":true,"href":"https:\/\/miradordeatarfe.es\/index.php?rest_route=%2Fwp%2Fv2%2Ftags&post=16638"}],"curies":[{"name":"wp","href":"https:\/\/api.w.org\/{rel}","templated":true}]}}