{"id":16949,"date":"2017-06-01T10:30:43","date_gmt":"2017-06-01T08:30:43","guid":{"rendered":"http:\/\/miradordeatarfe.es\/?p=16949"},"modified":"2020-06-26T13:02:20","modified_gmt":"2020-06-26T11:02:20","slug":"personajes-elvirenses-1por-jose-enrique-granados","status":"publish","type":"post","link":"https:\/\/miradordeatarfe.es\/?p=16949","title":{"rendered":"\u00abPERSONAJES ELVIRENSES 1&#8243;por Jos\u00e9 Enrique Granados"},"content":{"rendered":"<div class=\"text_exposed_root text_exposed\" style=\"text-align: justify;\">Algunas personas en Atarfe han sido significativas y esta serie de personajes lo refleja.<\/div>\n<p><!--more--><\/p>\n<div class=\"text_exposed_root text_exposed\" style=\"text-align: justify;\"><strong>LA TRIANA<\/strong><\/div>\n<div class=\"text_exposed_root text_exposed\" style=\"text-align: justify;\"><\/div>\n<div id=\"id_592e8d24207bb7084206348\" class=\"text_exposed_root text_exposed\" style=\"text-align: justify;\">\n<p>Seg\u00fan el diccionario de la Real Academia de la Lengua Espa\u00f1ola, churro: Fruta de sart\u00e9n, de la misma masa que se emplea para los bu\u00f1uelos y de forma cil\u00edndrica estriada. Tejeringo: De te y jeringar, por alusi\u00f3n al instrumento, especie de jeringa, por donde se echa la masa en la sart\u00e9n; porra, fruta de sart\u00e9n semejante al churro, pero m\u00e1s gruesa.<\/p>\n<p>Churros, tejeringos, porras, calentitos, tallos, je<span class=\"text_exposed_show\">ringos, cohombro, taco\u2026\u2026..<\/span><\/p>\n<p>Lo importante es la masa. Harina, agua, sal, en algunos sitios una pizca de bicarbonato y aceite caliente\u2026\u2026\u2026. En Atarfe, las Trianas.<\/p>\n<\/div>\n<div class=\"text_exposed_root text_exposed\" style=\"text-align: justify;\">\n<p><span class=\"text_exposed_show\"><a href=\"https:\/\/i0.wp.com\/miradordeatarfe.es\/wp-content\/uploads\/2017\/05\/18486359_1378428552243156_4132958293390682246_n.jpg?ssl=1\"><img data-recalc-dims=\"1\" loading=\"lazy\" decoding=\"async\" class=\"alignnone size-full wp-image-16950\" src=\"https:\/\/i0.wp.com\/miradordeatarfe.es\/wp-content\/uploads\/2017\/05\/18486359_1378428552243156_4132958293390682246_n.jpg?resize=638%2C850&#038;ssl=1\" alt=\"\" width=\"638\" height=\"850\" srcset=\"https:\/\/i0.wp.com\/miradordeatarfe.es\/wp-content\/uploads\/2017\/05\/18486359_1378428552243156_4132958293390682246_n.jpg?w=638&amp;ssl=1 638w, https:\/\/i0.wp.com\/miradordeatarfe.es\/wp-content\/uploads\/2017\/05\/18486359_1378428552243156_4132958293390682246_n.jpg?resize=225%2C300&amp;ssl=1 225w, https:\/\/i0.wp.com\/miradordeatarfe.es\/wp-content\/uploads\/2017\/05\/18486359_1378428552243156_4132958293390682246_n.jpg?resize=600%2C799&amp;ssl=1 600w\" sizes=\"auto, (max-width: 638px) 100vw, 638px\" \/><\/a><\/span><\/p>\n<p>Fotograf\u00eda de \u00c1ngel Carretero, perteneciente a la exposici\u00f3n \u201cPersonajes\u201d.<\/p>\n<\/div>\n<div class=\"text_exposed_root text_exposed\" style=\"text-align: justify;\"><strong><span class=\"text_exposed_show\"><br \/>\nMIGUEL HEREDIA<\/span><\/strong><\/div>\n<div class=\"text_exposed_root text_exposed\" style=\"text-align: justify;\"><span class=\"text_exposed_show\"><span class=\"text_exposed_show\"><br \/>\n<span class=\"fbPhotosPhotoCaption\" tabindex=\"0\" data-ft=\"{&quot;tn&quot;:&quot;K&quot;}\"><span class=\"hasCaption\">La luna vino a la fragua\/ con su polis\u00f3n de nardos. El ni\u00f1o la mira, mira.\/ El ni\u00f1o la est\u00e1 mirando.<br \/>\nEn el aire conmovido\/ mueve la luna sus brazos\/ y ense\u00f1a, l\u00fabrica y pura,\/sus senos de duro esta\u00f1o.<br \/>\nHuye luna, luna, luna. \/Si vinieran los gitanos,\/ har\u00edan con tu coraz\u00f3n\/ collares y anillos blancos.<br \/>\nNi\u00f1o, d\u00e9jame que baile.\/ Cuando vengan los gitanos,\/ te encontrar\u00e1n sobre el yunque\/ con los ojillos cerrados.<br \/>\nHuye luna, luna, luna,\/que ya siento sus caballos.\/ Ni\u00f1o d\u00e9jame, no pises\/ mi blancor almidonado.<br \/>\nEl jinete se acercaba\/ tocando el tambor del llano.\/ Dentro de la fragua el ni\u00f1o\/ tiene los ojos cerrados.<br \/>\nPor el olivar ven\u00edan,\/ bronce y sue\u00f1o, los gitanos.\/ Las cabezas levantadas\/ y los ojos entornados.<br \/>\nC\u00f3mo canta la zumaya,\/\u00a1ay, c\u00f3mo canta en el \u00e1rbol!\/Por el cielo va la luna\/ con un ni\u00f1o de la mano.<br \/>\nDentro de la fragua lloran,\/ dando gritos, los gitanos.\/ El aire la vela, vela.\/El aire la est\u00e1 velando.<br \/>\nRomance de la luna, luna. Romancero Gitano (Federico Garc\u00eda Lorca)<\/span><\/span><\/span><\/span>C\u00e1ceres Feria y del Campo Tejedor, en su trabajo titulado \u201cHerreros y Cantaores: El trabajo de los metales en la g\u00e9nesis del flamenco\u201d podemos conocer la relaci\u00f3n existente entre el pueblo gitano y el trabajo con los metales, con la fragua.Seg\u00fan estos autores, dentro del trabajo de los metales, algunos gitanos europeos se especializaron en la calderer\u00eda o la fabricaci\u00f3n de joyas, mientras que en el caso espa\u00f1ol, la herrer\u00eda se afianz\u00f3 progresivamente como su especialidad metal\u00fargica. En general, cuando las fuentes antiguas mencionan a herreros gitanos, se refieren a los que fabrican objetos de metal de escaso valor, como clavos, alcayatas o herraduras, y por otra parte a los que tienen como profesi\u00f3n reparar aperos de labranza, \u00fatiles de molinos, carros y otros objetos dom\u00e9sticos. No se trata del \u00fanico trabajo metal\u00fargico que ejerc\u00edan los gitanos espa\u00f1oles; tambi\u00e9n se emplearon como caldereros, hojalateros o parag\u00fceros, labores con un marcado car\u00e1cter ambulante.<\/p>\n<p>Sin embargo, las razones de esa larga tradici\u00f3n forjadora ten\u00edan que ver, sobre todo, con su car\u00e1cter itinerante y autosuficiente. Efectivamente los frag\u00fceros se desplazaban de pueblo en pueblo, reparando y vendiendo piezas. Por otra parte, la vinculaci\u00f3n de los gitanos a la herrer\u00eda derivaba de un imprescindible y autosuficiente abastecimiento, especialmente por las necesidades que ten\u00edan como tratantes de bestias. Hay que tener en cuenta que el herrador no solo se ocupaba de las herraduras; durante siglos constituy\u00f3 una especie de alb\u00e9itar de segundo orden.<\/p>\n<p>De la misma manera, otros oficios tradicionalmente gitanos \u2014desde el de trasquilador hasta el de ventero\u2014 se explican por esta ligaz\u00f3n entre el trato de bestias y una vida itinerante, de feria en feria.<\/p>\n<p><a href=\"https:\/\/i0.wp.com\/miradordeatarfe.es\/wp-content\/uploads\/2017\/06\/18622546_1387300521355959_971780921076900482_n.jpg?ssl=1\"><img data-recalc-dims=\"1\" loading=\"lazy\" decoding=\"async\" class=\"alignnone size-full wp-image-16954\" src=\"https:\/\/i0.wp.com\/miradordeatarfe.es\/wp-content\/uploads\/2017\/06\/18622546_1387300521355959_971780921076900482_n.jpg?resize=638%2C850&#038;ssl=1\" alt=\"\" width=\"638\" height=\"850\" srcset=\"https:\/\/i0.wp.com\/miradordeatarfe.es\/wp-content\/uploads\/2017\/06\/18622546_1387300521355959_971780921076900482_n.jpg?w=638&amp;ssl=1 638w, https:\/\/i0.wp.com\/miradordeatarfe.es\/wp-content\/uploads\/2017\/06\/18622546_1387300521355959_971780921076900482_n.jpg?resize=225%2C300&amp;ssl=1 225w, https:\/\/i0.wp.com\/miradordeatarfe.es\/wp-content\/uploads\/2017\/06\/18622546_1387300521355959_971780921076900482_n.jpg?resize=600%2C799&amp;ssl=1 600w\" sizes=\"auto, (max-width: 638px) 100vw, 638px\" \/><\/a><\/p>\n<p>En la fotograf\u00eda, de la colecci\u00f3n de personajes de \u00c1ngel Carretero, Miguel Heredia \u201cCarretera y Manta\u201d en la fragua.<br \/>\nCuriosidades elvirenses.<\/p>\n<p><span class=\"text_exposed_show\"><span id=\"fbPhotoSnowliftCaption\" class=\"fbPhotosPhotoCaption\" tabindex=\"0\" data-ft=\"{&quot;tn&quot;:&quot;K&quot;}\"><\/span><br \/>\n<\/span><\/p>\n<\/div>\n<div class=\"text_exposed_root text_exposed\" style=\"text-align: justify;\"><\/div>\n<div class=\"text_exposed_root text_exposed\" style=\"text-align: justify;\"><a href=\"https:\/\/www.facebook.com\/Gacetilla-y-curiosidades-elvirenses\">https:\/\/www.facebook.com\/Gacetilla-y-curiosidades-elvirenses<\/a><\/div>\n<div class=\"text_exposed_root text_exposed\" style=\"text-align: justify;\"><\/div>\n<div id=\"fbPhotoSnowliftProductTags\" class=\"fbPhotoProductTags\"><\/div>\n","protected":false},"excerpt":{"rendered":"<p>Algunas personas en Atarfe han sido significativas y esta serie de personajes lo refleja.<\/p>\n","protected":false},"author":1,"featured_media":16956,"comment_status":"closed","ping_status":"closed","sticky":false,"template":"","format":"standard","meta":{"_coblocks_attr":"","_coblocks_dimensions":"","_coblocks_responsive_height":"","_coblocks_accordion_ie_support":"","jetpack_post_was_ever_published":false,"_jetpack_newsletter_access":"","_jetpack_dont_email_post_to_subs":false,"_jetpack_newsletter_tier_id":0,"_jetpack_memberships_contains_paywalled_content":false,"_jetpack_memberships_contains_paid_content":false,"footnotes":"","jetpack_publicize_message":"","jetpack_publicize_feature_enabled":true,"jetpack_social_post_already_shared":false,"jetpack_social_options":{"image_generator_settings":{"template":"highway","default_image_id":0,"enabled":false},"version":2}},"categories":[2,186,38,9,44,6539,15],"tags":[81,3279],"class_list":["post-16949","post","type-post","status-publish","format-standard","has-post-thumbnail","hentry","category-atarfe","category-instituciones","category-opinion-de-jose-enrique-granados","category-medio-ambiente","category-noticias-de-hoy","category-personajes-de-ataref","category-ultimas-noticias","tag-atarfe","tag-personajes"],"jetpack_publicize_connections":[],"jetpack_featured_media_url":"https:\/\/i0.wp.com\/miradordeatarfe.es\/wp-content\/uploads\/2017\/06\/13.-vista-a%C3%A9rea-1024x680.jpg?fit=1024%2C680&ssl=1","jetpack_likes_enabled":true,"jetpack_sharing_enabled":true,"_links":{"self":[{"href":"https:\/\/miradordeatarfe.es\/index.php?rest_route=\/wp\/v2\/posts\/16949","targetHints":{"allow":["GET"]}}],"collection":[{"href":"https:\/\/miradordeatarfe.es\/index.php?rest_route=\/wp\/v2\/posts"}],"about":[{"href":"https:\/\/miradordeatarfe.es\/index.php?rest_route=\/wp\/v2\/types\/post"}],"author":[{"embeddable":true,"href":"https:\/\/miradordeatarfe.es\/index.php?rest_route=\/wp\/v2\/users\/1"}],"replies":[{"embeddable":true,"href":"https:\/\/miradordeatarfe.es\/index.php?rest_route=%2Fwp%2Fv2%2Fcomments&post=16949"}],"version-history":[{"count":5,"href":"https:\/\/miradordeatarfe.es\/index.php?rest_route=\/wp\/v2\/posts\/16949\/revisions"}],"predecessor-version":[{"id":36420,"href":"https:\/\/miradordeatarfe.es\/index.php?rest_route=\/wp\/v2\/posts\/16949\/revisions\/36420"}],"wp:featuredmedia":[{"embeddable":true,"href":"https:\/\/miradordeatarfe.es\/index.php?rest_route=\/wp\/v2\/media\/16956"}],"wp:attachment":[{"href":"https:\/\/miradordeatarfe.es\/index.php?rest_route=%2Fwp%2Fv2%2Fmedia&parent=16949"}],"wp:term":[{"taxonomy":"category","embeddable":true,"href":"https:\/\/miradordeatarfe.es\/index.php?rest_route=%2Fwp%2Fv2%2Fcategories&post=16949"},{"taxonomy":"post_tag","embeddable":true,"href":"https:\/\/miradordeatarfe.es\/index.php?rest_route=%2Fwp%2Fv2%2Ftags&post=16949"}],"curies":[{"name":"wp","href":"https:\/\/api.w.org\/{rel}","templated":true}]}}