{"id":1696,"date":"2015-05-10T08:43:24","date_gmt":"2015-05-10T08:43:24","guid":{"rendered":"http:\/\/miradordeatarfe.es\/?p=1696"},"modified":"2015-05-11T08:09:35","modified_gmt":"2015-05-11T08:09:35","slug":"el-parque-de-las-ciencias-cumple-20-anos","status":"publish","type":"post","link":"https:\/\/miradordeatarfe.es\/?p=1696","title":{"rendered":"El Parque de las Ciencias cumple 20 a\u00f1os"},"content":{"rendered":"<p>Tal d\u00eda como ayer, hace 20 a\u00f1os, abr\u00eda sus puertas en Granada un peque\u00f1o museo con la modesta aspiraci\u00f3n de despertar el inter\u00e9s de los visitantes por la ciencia y la tecnolog\u00eda. En su primer a\u00f1o de funcionamiento, aquel embrionario Parque de las Ciencias, con apenas 10.000 metros cuadrados de superficie, recibi\u00f3 a unas 100.000 personas, pero la acogida fue tan positiva que la criatura sigui\u00f3 creciendo, fase a fase, hasta convertirse en lo que es hoy: el museo m\u00e1s visitado de Andaluc\u00eda, con m\u00e1s de 600.000 usuarios al a\u00f1o y 70.000 metros cuadrados de contenidos permanentes y exposiciones temporales. Para conmemorarlo, el Parque celebra este s\u00e1bado un d\u00eda de puertas abiertas, con entrada gratuita, y la 18\u00aa Feria de la Ciencia, en la que un centenar de centros educativos de toda Andaluc\u00eda muestran sus experimentos.<\/p>\n<aside class=\"compSumario\">El Parque ha pasado de los 100.000 visitantes de 1995 a m\u00e1s de 600.000 usuarios el a\u00f1o pasado.<\/aside>\n<p>En la feria, que cuenta con financiaci\u00f3n de la Fundaci\u00f3n Espa\u00f1ola de la Ciencia y la Tecnolog\u00eda (FECYT), participan m\u00e1s de 600 estudiantes y 300 docentes de colegios de primaria, institutos de secundaria y facultades universitarias de toda Andaluc\u00eda.<\/p>\n<p>\u00abEs muy bonito porque para los centros es un premio mostrar la investigaci\u00f3n que han estado desarrollando a lo largo de todo el a\u00f1o\u00bb, explic\u00f3 el director de Parque, Ernesto P\u00e1ramo. Aunque los experimentos llegan de todos los puntos de Andaluc\u00eda, este a\u00f1o, como novedad, han sido admitidos tres proyectos de fuera de la comunidad, procedentes de Barcelona, Murcia y T\u00e1nger.<\/p>\n<p class=\"compLadillo\">Propuestas variadas<\/p>\n<p>Entre los proyectos que se expondr\u00e1n a los visitantes por todos los rincones del museo -tanto exteriores como los edificios Macroscopio y P\u00e9ndulo- hay una gran diversidad de temas y propuestas, desde talleres que unen ciencia y arte, como &#8216;\u00bfEs la Geometr\u00eda un arte?&#8217; o &#8216;Representaci\u00f3n pict\u00f3rica de la luz y el sonido&#8217;, hasta juegos de percepci\u00f3n, espect\u00e1culos de magia y actividades para aprender a reciclar. &#8216;Veh\u00edculo ecol\u00f3gico Lince&#8217;, &#8216;Rebeli\u00f3n en el mar: el nuevo protagonismo biol\u00f3gico de las medusas&#8217;, &#8216;Entre nosotros hay qu\u00edmica&#8217; o &#8216;Me duele la rodilla&#8230; \u00a1va a llover!&#8217; son algunos de los llamativos t\u00edtulos de estos experimentos dirigidos al p\u00fablico.<\/p>\n<p>Pero tambi\u00e9n participan en la Feria de la Ciencia instituciones no educativas, como la Jefatura Superior de Polic\u00eda, con el taller &#8216;Tus huellas dactilares te delatan&#8217;, el Instituto de Investigaci\u00f3n Agraria y Pesquera, con la propuesta &#8216;\u00bfC\u00f3mo es un \u00e1rbol por dentro?&#8217;, la Estaci\u00f3n Ornitol\u00f3gica de Padul, que mostrar\u00e1 sus trabajos en la conservaci\u00f3n del humedal, o la asociaci\u00f3n Granada al Pedal y su proyecto &#8216;Mu\u00e9vete con bici&#8217;.<\/p>\n<p>Adem\u00e1s, el propio Parque ha organizado un amplio abanico de actividades para el p\u00fablico que hoy acudir\u00e1 masivamente. Habr\u00e1 sesiones de planetario a lo largo de todo el d\u00eda, tanto en el Edificio P\u00e9ndulo como en el Observatorio Astron\u00f3mico y la Galer\u00eda Cultural, y tendr\u00e1 lugar el V Marat\u00f3n de Documentales Cient\u00edficos en el Aula, realizados por centros escolares. Se ofrecer\u00e1n actividades de animaci\u00f3n, entre ellas el desfile de cabezudos, Ciencia con Cabeza y Baila Swing, y actuar\u00e1n artistas como el grupo femenino de percusionistas Yemanj\u00e1, el d\u00fao did\u00e1ctico musical Vibra-t\u00f3, Vagalume Teatro y los alumnos de Iniciativas Musicales.<\/p>\n","protected":false},"excerpt":{"rendered":"<p>Tal d\u00eda como ayer, hace 20 a\u00f1os, abr\u00eda sus puertas en Granada un peque\u00f1o museo&#8230;<\/p>\n","protected":false},"author":1,"featured_media":1697,"comment_status":"closed","ping_status":"closed","sticky":false,"template":"","format":"standard","meta":{"_coblocks_attr":"","_coblocks_dimensions":"","_coblocks_responsive_height":"","_coblocks_accordion_ie_support":"","jetpack_post_was_ever_published":false,"_jetpack_newsletter_access":"","_jetpack_dont_email_post_to_subs":false,"_jetpack_newsletter_tier_id":0,"_jetpack_memberships_contains_paywalled_content":false,"_jetpack_memberships_contains_paid_content":false,"footnotes":"","jetpack_publicize_message":"","jetpack_publicize_feature_enabled":true,"jetpack_social_post_already_shared":false,"jetpack_social_options":{"image_generator_settings":{"template":"highway","default_image_id":0,"enabled":false},"version":2}},"categories":[186,15],"tags":[],"class_list":["post-1696","post","type-post","status-publish","format-standard","has-post-thumbnail","hentry","category-instituciones","category-ultimas-noticias"],"jetpack_publicize_connections":[],"jetpack_featured_media_url":"https:\/\/i0.wp.com\/miradordeatarfe.es\/wp-content\/uploads\/2015\/05\/parque-ciencias-680x365_c.jpg?fit=680%2C365&ssl=1","jetpack_likes_enabled":true,"jetpack_sharing_enabled":true,"_links":{"self":[{"href":"https:\/\/miradordeatarfe.es\/index.php?rest_route=\/wp\/v2\/posts\/1696","targetHints":{"allow":["GET"]}}],"collection":[{"href":"https:\/\/miradordeatarfe.es\/index.php?rest_route=\/wp\/v2\/posts"}],"about":[{"href":"https:\/\/miradordeatarfe.es\/index.php?rest_route=\/wp\/v2\/types\/post"}],"author":[{"embeddable":true,"href":"https:\/\/miradordeatarfe.es\/index.php?rest_route=\/wp\/v2\/users\/1"}],"replies":[{"embeddable":true,"href":"https:\/\/miradordeatarfe.es\/index.php?rest_route=%2Fwp%2Fv2%2Fcomments&post=1696"}],"version-history":[{"count":1,"href":"https:\/\/miradordeatarfe.es\/index.php?rest_route=\/wp\/v2\/posts\/1696\/revisions"}],"predecessor-version":[{"id":1698,"href":"https:\/\/miradordeatarfe.es\/index.php?rest_route=\/wp\/v2\/posts\/1696\/revisions\/1698"}],"wp:featuredmedia":[{"embeddable":true,"href":"https:\/\/miradordeatarfe.es\/index.php?rest_route=\/wp\/v2\/media\/1697"}],"wp:attachment":[{"href":"https:\/\/miradordeatarfe.es\/index.php?rest_route=%2Fwp%2Fv2%2Fmedia&parent=1696"}],"wp:term":[{"taxonomy":"category","embeddable":true,"href":"https:\/\/miradordeatarfe.es\/index.php?rest_route=%2Fwp%2Fv2%2Fcategories&post=1696"},{"taxonomy":"post_tag","embeddable":true,"href":"https:\/\/miradordeatarfe.es\/index.php?rest_route=%2Fwp%2Fv2%2Ftags&post=1696"}],"curies":[{"name":"wp","href":"https:\/\/api.w.org\/{rel}","templated":true}]}}