{"id":17504,"date":"2017-06-28T11:56:56","date_gmt":"2017-06-28T09:56:56","guid":{"rendered":"http:\/\/miradordeatarfe.es\/?p=17504"},"modified":"2017-06-28T11:58:06","modified_gmt":"2017-06-28T09:58:06","slug":"atarfe-el-ayuntamiento-reconoce-la-labor-profesional-del-futbolista-atarfeno-alex-galvez","status":"publish","type":"post","link":"https:\/\/miradordeatarfe.es\/?p=17504","title":{"rendered":"ATARFE: El Ayuntamiento reconoce la labor profesional del futbolista atarfe\u00f1o \u00c1lex G\u00e1lvez"},"content":{"rendered":"<p style=\"text-align: justify;\">\u00c1lex G\u00e1lvez, futbolista atarfe\u00f1o que milita en la SD Eibar, recibi\u00f3 el jueves por la tarde un reconocimiento del Ayuntamiento por su\u00a0trayectoria deportiva y la labor de formaci\u00f3n que desarrolla con el f\u00fatbol base, una decisi\u00f3n adoptada por unanimidad en el consejo de administraci\u00f3n de Acidesa, la empresa municipal que gestiona las instalaciones deportivas del municipio.<!--more--><\/p>\n<p style=\"text-align: justify;\">El acto tuvo lugar en el sal\u00f3n de plenos del Consistorio de Atarfe durante la presentaci\u00f3n del III Campus \u00c1lex G\u00e1lvez, que se celebra del 26 al 30 de junio en el campo municipal del Atarfe con ni\u00f1os de entre 6 y 15 a\u00f1os. Para ello se rodea de un equipo t\u00e9cnico profesional, integrado por entrenadores nacionales en\u00a0distintos equipos de la provincia, que pone especial atenci\u00f3n en el cuidado de\u00a0los aspectos t\u00e9cnicos y deportivos.<\/p>\n<p style=\"text-align: justify;\">La presentaci\u00f3n estuvo presidida por la concejal de Educaci\u00f3n, Fabiola Garc\u00eda Montijano, y estuvieron presentes los concejales de todos los grupos pol\u00edticos con representaci\u00f3n en Acidesa, adem\u00e1s de los monitores deportivos, familiares del futbolista atarfe\u00f1o, chavales inscritos en el campus y sus padres<\/p>\n","protected":false},"excerpt":{"rendered":"<p>\u00c1lex G\u00e1lvez, futbolista atarfe\u00f1o que milita en la SD Eibar, recibi\u00f3 el jueves por la&#8230;<\/p>\n","protected":false},"author":1,"featured_media":17505,"comment_status":"closed","ping_status":"closed","sticky":false,"template":"","format":"standard","meta":{"_coblocks_attr":"","_coblocks_dimensions":"","_coblocks_responsive_height":"","_coblocks_accordion_ie_support":"","jetpack_post_was_ever_published":false,"_jetpack_newsletter_access":"","_jetpack_dont_email_post_to_subs":false,"_jetpack_newsletter_tier_id":0,"_jetpack_memberships_contains_paywalled_content":false,"_jetpack_memberships_contains_paid_content":false,"footnotes":"","jetpack_publicize_message":"","jetpack_publicize_feature_enabled":true,"jetpack_social_post_already_shared":false,"jetpack_social_options":{"image_generator_settings":{"template":"highway","default_image_id":0,"enabled":false},"version":2}},"categories":[2,182,44,15],"tags":[81,864,666],"class_list":["post-17504","post","type-post","status-publish","format-standard","has-post-thumbnail","hentry","category-atarfe","category-deportes","category-noticias-de-hoy","category-ultimas-noticias","tag-atarfe","tag-ayuntamiento","tag-futbol"],"jetpack_publicize_connections":[],"jetpack_featured_media_url":"https:\/\/i0.wp.com\/miradordeatarfe.es\/wp-content\/uploads\/2017\/06\/alex-galvez.jpg?fit=600%2C400&ssl=1","jetpack_likes_enabled":true,"jetpack_sharing_enabled":true,"_links":{"self":[{"href":"https:\/\/miradordeatarfe.es\/index.php?rest_route=\/wp\/v2\/posts\/17504","targetHints":{"allow":["GET"]}}],"collection":[{"href":"https:\/\/miradordeatarfe.es\/index.php?rest_route=\/wp\/v2\/posts"}],"about":[{"href":"https:\/\/miradordeatarfe.es\/index.php?rest_route=\/wp\/v2\/types\/post"}],"author":[{"embeddable":true,"href":"https:\/\/miradordeatarfe.es\/index.php?rest_route=\/wp\/v2\/users\/1"}],"replies":[{"embeddable":true,"href":"https:\/\/miradordeatarfe.es\/index.php?rest_route=%2Fwp%2Fv2%2Fcomments&post=17504"}],"version-history":[{"count":1,"href":"https:\/\/miradordeatarfe.es\/index.php?rest_route=\/wp\/v2\/posts\/17504\/revisions"}],"predecessor-version":[{"id":17506,"href":"https:\/\/miradordeatarfe.es\/index.php?rest_route=\/wp\/v2\/posts\/17504\/revisions\/17506"}],"wp:featuredmedia":[{"embeddable":true,"href":"https:\/\/miradordeatarfe.es\/index.php?rest_route=\/wp\/v2\/media\/17505"}],"wp:attachment":[{"href":"https:\/\/miradordeatarfe.es\/index.php?rest_route=%2Fwp%2Fv2%2Fmedia&parent=17504"}],"wp:term":[{"taxonomy":"category","embeddable":true,"href":"https:\/\/miradordeatarfe.es\/index.php?rest_route=%2Fwp%2Fv2%2Fcategories&post=17504"},{"taxonomy":"post_tag","embeddable":true,"href":"https:\/\/miradordeatarfe.es\/index.php?rest_route=%2Fwp%2Fv2%2Ftags&post=17504"}],"curies":[{"name":"wp","href":"https:\/\/api.w.org\/{rel}","templated":true}]}}