{"id":17544,"date":"2017-07-01T12:09:17","date_gmt":"2017-07-01T10:09:17","guid":{"rendered":"http:\/\/miradordeatarfe.es\/?p=17544"},"modified":"2017-06-29T11:07:33","modified_gmt":"2017-06-29T09:07:33","slug":"guia-de-neologismos-para-no-perderse-en-la-lectura-de-la-prensa-i-vida-social","status":"publish","type":"post","link":"https:\/\/miradordeatarfe.es\/?p=17544","title":{"rendered":"Gu\u00eda de neologismos para no perderse en la lectura de la prensa. I: Vida social. Por Alberto Granados"},"content":{"rendered":"<div class=\"entry-content\">\n<p style=\"text-align: justify;\">\u00a0\u00a0\u00a0\u00a0\u00a0\u00a0 El influjo incuestionable de internet, las redes sociales y los medios de comunicaci\u00f3n no solo popularizan cualquier fen\u00f3meno, sino que influyen intensamente en los usos del idioma e introducen una ingente cantidad de neologismos, siempre procedentes de un idioma colonizador, en los idiomas receptores, que se convierten con ello en idiomas colonizados.<\/p>\n<p style=\"text-align: justify;\">En nuestros d\u00edas, es el ingl\u00e9s, la lengua de estas tecnolog\u00edas, la que nos invade y pasa con una innecesaria frecuencia a la prensa escrita, hasta el punto de que el lector, incluso el lector avezado en la lectura de textos en castellano, se encuentra con serias dificultades para comprender lo que lee en los titulares de la prensa.<\/p>\n<p style=\"text-align: justify;\"><!--more--><\/p>\n<p style=\"text-align: justify;\">Imagen tomada de enjoytorrevieja<\/p>\n<p style=\"text-align: justify;\">Durante un tiempo, he estado recogiendo muestras de esta tendencia peligrosa para la lengua de Cervantes (en realidad, para todas las dem\u00e1s lenguas, aunque es la nuestra la que m\u00e1s me preocupa). Lo que sigue no pretende ser exhaustivo, sino una sencilla exposici\u00f3n del estado de la cuesti\u00f3n, que pasa a ser un aut\u00e9ntico estado de sitio a nuestra venerable lengua.<\/p>\n<p style=\"text-align: justify;\">\u00a0\u00a0\u00a0\u00a0\u00a0\u00a0 Para ser sistem\u00e1tico, he agrupado muestras en n\u00facleos m\u00e1s o menos significativos. Hoy traigo al blog la primera parte, que se ocupa de los t\u00e9rminos referidos a nuestros usos y costumbres, a nuestros fen\u00f3menos sociales. En la medida de lo posible, enlazo la palabra a titulares de El Pa\u00eds.<\/p>\n<p style=\"text-align: justify;\">\u00a0<strong>01 Vida social<\/strong><\/p>\n<p style=\"text-align: justify;\"><em><u>Bullying<\/u><\/em><em>: <\/em>El acoso escolar. El t\u00e9rmino ingl\u00e9s se refiere a la actuaci\u00f3n de los <a href=\"http:\/\/elpais.com\/tag\/bullying\/a\">matones<\/a> y procede a su vez de <em>bull<\/em> (toro).<\/p>\n<p style=\"text-align: justify;\"><em><u>Celebrity<\/u><\/em> (pl. <em>celebrities<\/em>): Persona famosa, especialmente en el mundo del espect\u00e1culo o de los medios de comunicaci\u00f3n. Es decir, persona c\u00e9lebre, celebridad, alguien reconocido. Si ya resulta penoso que Bel\u00e9n Esteban haya llegado a ser una <a href=\"http:\/\/smoda.elpais.com\/moda\/marcha-mujeres-washington\/\"><em>celebrity<\/em><\/a> nacional, m\u00e1s penoso me resulta que usemos el anglicismo incluso en El Pa\u00eds, y eso que el diario de PRISA tiene uno de los libros de estilo m\u00e1s exigentes y riguroso: lo escribi\u00f3 Alex Grijelmo. Un ejemplo en este enlace.<\/p>\n<p style=\"text-align: justify;\"><em><u>Gentrificaci\u00f3n<\/u><\/em>: Del adjetivo <em>gentry<\/em> (gentil, de clase alta, aristocr\u00e1tico) surge el <a href=\"http:\/\/elpais.com\/tag\/gentrificacion\/a\">neologismo<\/a>, que remite a la mejora de estatus social que cambia la fisonom\u00eda de un barrio popular a un barrio elitista.<\/p>\n<p style=\"text-align: justify;\"><em><u>\u00a0Influencer<\/u><\/em>: El Diccionario de Cambridge define el t\u00e9rmino como \u00aba person or group who has the ability to influence the behaviour or opinions of others\u00bb, es decir: <em>persona o grupo que tiene la capacidad para influir en el comportamiento y las opiniones de otros<\/em>. Dicho de una forma m\u00e1s castellana: alguien <a href=\"http:\/\/elpais.com\/elpais\/2017\/03\/27\/icon\/1490625144_832319.html\">influyente<\/a> en el terreno de las ideas y comportamientos. En mis tiempos eran los curas. Ahora puede ser cualquier cretino que impone modas, creencias y dogmas como si fueran chucher\u00edas.<\/p>\n<p style=\"text-align: justify;\">\u00a0<em><u>It girl<\/u><\/em>: Una <em>it girl<\/em> es, simplemente, una <a href=\"https:\/\/es.wikipedia.org\/wiki\/It_girl\">chica <\/a>que encierra un enorme potencial, unas dotes excepcionales que le hacen desplegar una empat\u00eda especial. Una chica que tiene \u00e1ngel, dir\u00eda un castizo. El origen de la expresi\u00f3n no es precisamente nuevo, sino de los a\u00f1os veinte del pasado siglo, cuando Rudyard Kipling cre\u00f3 un personaje femenino que ten\u00eda \u201ceso\u201d especial.<\/p>\n<p style=\"text-align: justify;\"><em>Littering<\/em>: Del ingl\u00e9s litter (<a href=\"http:\/\/www.eleconomista.es\/contentfactory\/post\/2017\/05\/30\/basura-o-naturaleza-llego-el-momento-de-elegir\/\">basura<\/a>), se refiere a la degradaci\u00f3n por acumulaci\u00f3n de basuras de un entorno natural.<\/p>\n<p style=\"text-align: justify;\"><em><u>Millennial<\/u><\/em>: Se llama <em>millennials<\/em> a los <a href=\"http:\/\/politica.elpais.com\/politica\/2017\/03\/04\/actualidad\/1488647914_007106.html\">j\u00f3venes<\/a> que accedieron al mundo adulto a partir del cambio de milenio, es decir, los nacidos entre 1980 y 2000 (en el caso de Espa\u00f1a, en que la mayor\u00eda de edad est\u00e1 fijada a los dieciocho a\u00f1os), aunque los m\u00e1rgenes cronol\u00f3gicos son bastante relativos. En general, se les considera maleducados (o mejor: educados en unos valores absolutamente ajenos a los que tuvimos sus padres), ego\u00edstas y han viajado mucho, tienen un t\u00edtulo universitario y varias maestr\u00edas (o m\u00e1steres), dominan m\u00e1s de un idioma y son hijos de la tecnolog\u00eda. En este caso, el neologismo podr\u00eda estar justificado, pues no existe una palabra nuestra que englobe con exactitud tantos matices, si no es la simpl\u00edsima frase \u201cmenores de treinta a\u00f1os\u201d. O dicho de otra forma: los que nos solucionan los problemas cada vez que se nos rompe un m\u00f3vil y compramos otro.<\/p>\n<p style=\"text-align: justify;\"><em><u>Selfie<\/u><\/em>: Del ingl\u00e9s <em>self <\/em>(a uno mismo) y en la estela de <em>selfportrait<\/em> (<a href=\"http:\/\/elpais.com\/tag\/autofoto\/a\">autorretrato<\/a>).<\/p>\n<p style=\"text-align: justify;\">\u00a0<em><u>Sexting<\/u><\/em>: Env\u00edo de textos o contenidos er\u00f3ticos y pornogr\u00e1ficos a trav\u00e9s de tel\u00e9fonos m\u00f3viles, redes sociales o internet. El <a href=\"http:\/\/elpais.com\/tag\/mensajes_eroticos\/a\">t\u00e9rmino<\/a> es la suma de <em>sex<\/em> (sexo) y <em>text<\/em> (texto).<\/p>\n<p style=\"text-align: justify;\"><em><u>Single<\/u><\/em>: En los setenta, un <em>single<\/em> era un disco que solo conten\u00eda dos canciones, una en cada cara de aquellos discos de vinilo con sonido anal\u00f3gico, que r\u00e1pidamente fueron sustituidos por los <em>longplays<\/em> (larga duraci\u00f3n). Actualmente, un o una single es un hombre o mujer que <a href=\"http:\/\/elpais.com\/diario\/2009\/03\/27\/sociedad\/1238108401_850215.html\">no tiene pareja<\/a>, lo que incluye a solteros, separados y viudos. En su momento, la solter\u00eda llevaba aparejada una enorme carga de desprestigio social, especialmente en el caso de las mujeres, llamadas despectivamente solteronas. Hoy es una postura libremente asumida, que se organiza a trav\u00e9s de las redes y organiza sus quedadas o reuniones. Existen restaurantes para singles, turismo single, agencias de emparejamientos, etc.<\/p>\n<p class=\"wp-caption aligncenter\" style=\"text-align: justify;\" data-shortcode=\"caption\"><a href=\"https:\/\/albertogranados.files.wordpress.com\/2017\/06\/celebrities-tipo-telecinco-en-el-programa-supervivientes.jpg\"><img data-recalc-dims=\"1\" loading=\"lazy\" decoding=\"async\" class=\"size-full wp-image-7931\" src=\"https:\/\/albertogranados.files.wordpress.com\/2017\/06\/celebrities-tipo-telecinco-en-el-programa-supervivientes.jpg?w=560&#038;h=315&#038;fit=560%2C315&#038;resize=560%2C315\" sizes=\"auto, (max-width: 560px) 100vw, 560px\" srcset=\"https:\/\/albertogranados.files.wordpress.com\/2017\/06\/celebrities-tipo-telecinco-en-el-programa-supervivientes.jpg?w=560&amp;h=315 560w, https:\/\/albertogranados.files.wordpress.com\/2017\/06\/celebrities-tipo-telecinco-en-el-programa-supervivientes.jpg?w=1120&amp;h=630 1120w, https:\/\/albertogranados.files.wordpress.com\/2017\/06\/celebrities-tipo-telecinco-en-el-programa-supervivientes.jpg?w=150&amp;h=84 150w, https:\/\/albertogranados.files.wordpress.com\/2017\/06\/celebrities-tipo-telecinco-en-el-programa-supervivientes.jpg?w=300&amp;h=169 300w, https:\/\/albertogranados.files.wordpress.com\/2017\/06\/celebrities-tipo-telecinco-en-el-programa-supervivientes.jpg?w=768&amp;h=432 768w, https:\/\/albertogranados.files.wordpress.com\/2017\/06\/celebrities-tipo-telecinco-en-el-programa-supervivientes.jpg?w=1024&amp;h=576 1024w\" alt=\"\" width=\"560\" height=\"315\" data-attachment-id=\"7931\" data-permalink=\"https:\/\/albertogranados.wordpress.com\/2017\/06\/13\/guia-de-neologismos-para-no-perderse-en-la-lectura-de-la-prensa-i-vida-social\/celebrities-tipo-telecinco-en-el-programa-supervivientes\/\" data-orig-file=\"https:\/\/albertogranados.files.wordpress.com\/2017\/06\/celebrities-tipo-telecinco-en-el-programa-supervivientes.jpg?w=560&amp;h=315\" data-orig-size=\"1200,675\" data-comments-opened=\"1\" data-image-meta=\"{&quot;aperture&quot;:&quot;0&quot;,&quot;credit&quot;:&quot;&quot;,&quot;camera&quot;:&quot;&quot;,&quot;caption&quot;:&quot;&quot;,&quot;created_timestamp&quot;:&quot;0&quot;,&quot;copyright&quot;:&quot;&quot;,&quot;focal_length&quot;:&quot;0&quot;,&quot;iso&quot;:&quot;0&quot;,&quot;shutter_speed&quot;:&quot;0&quot;,&quot;title&quot;:&quot;&quot;,&quot;orientation&quot;:&quot;0&quot;}\" data-image-title=\"Celebrities tipo Telecinco en el programa Supervivientes\" data-image-description=\"\" data-medium-file=\"https:\/\/albertogranados.files.wordpress.com\/2017\/06\/celebrities-tipo-telecinco-en-el-programa-supervivientes.jpg?w=560&amp;h=315?w=300\" data-large-file=\"https:\/\/albertogranados.files.wordpress.com\/2017\/06\/celebrities-tipo-telecinco-en-el-programa-supervivientes.jpg?w=560&amp;h=315?w=560\" \/><\/a><\/p>\n<p class=\"wp-caption-text\" style=\"text-align: justify;\">Celebrities tipo Telecinco en el programa Supervivientes<\/p>\n<p style=\"text-align: justify;\"><em><u>Tribus y tipos urbanos<\/u><\/em>: La actual Sociolog\u00eda deber\u00eda reformular sus principios epistemol\u00f3gicos, pues el fen\u00f3meno de las modas y sus influencias, ahora reproducidas de forma viral a trav\u00e9s de las redes, hace que surjan <a href=\"http:\/\/todas-las-tribus-urbanas.blogspot.com.es\/p\/inicio.html\">grupos juveniles <\/a>que intentan marcar sus diferencias a trav\u00e9s de una marca de grupo que puede ser indumentaria, la m\u00fasica y los locales que frecuentan, la literatura que consumen, etc.<\/p>\n<p style=\"text-align: justify;\">En los \u00faltimos a\u00f1os hemos asistido a la aparici\u00f3n de grupos conocidos como <em>emos<\/em>, <em>hipsters<\/em>, <em>floggers<\/em>, <em>frikis<\/em> (con sus variantes <em>geeks<\/em> y <em>nerds<\/em>), <em>indies<\/em>, g\u00f3ticos, <em>hooligans<\/em>, <em>skinheads<\/em>\u2026 que, salvo alguna excepci\u00f3n, se reconocen con vocablos o abreviaturas de procedencia anglosajona. Renuncio a definirlos, pero intentar\u00e9 aclarar la procedencia de sus nombres.<\/p>\n<p style=\"text-align: justify;\"><em>Emos<\/em>: Forma acortada del adjetivo ingl\u00e9s <em>emotive <\/em>(emotivo).<\/p>\n<p style=\"text-align: justify;\"><em>Hipster<\/em>: S\u00f3lo he encontrado que procede del vocablo hip (cadera).<\/p>\n<p style=\"text-align: justify;\"><em>Flogger<\/em>: Procede de una red social llamada Fotolog.<\/p>\n<p style=\"text-align: justify;\"><em>Friki<\/em>: procede del ingl\u00e9s <em>freak<\/em>, que en su origen se\u00f1alaba a alguien deforme o monstruoso para significar en este nuevo contexto \u00abalguien extravagante, raro, solitario y especializado en un tema espec\u00edfico\u00bb.<\/p>\n<p style=\"text-align: justify;\"><em>Geek <\/em>y<em> Nerd<\/em>: Cuando el <em>friki<\/em> se interesa exclusivamente por la tecnolog\u00eda, la inform\u00e1tica, los \u00faltimos aparatos o videojuegos. El <em>Nerd<\/em> suele tener una inteligencia extraordinaria. No he encontrado la procedencia de ambos neologismos.<\/p>\n<p style=\"text-align: justify;\"><em>Hooligan: <\/em>De origen incierto, parece ser que se trata del apellido de una familia conocida en el Londres del s. XIX por su extrema violencia.<\/p>\n<p style=\"text-align: justify;\"><em>Indi<\/em>: Forma acortada del vocablo <em>independent<\/em> (independiente).<\/p>\n<p style=\"text-align: justify;\"><em>Skinhead<\/em>: Procede de los vocablos <em>skin<\/em> (piel) y <em>head<\/em> (cabeza, por la costumbre de ir rapados.<\/p>\n<p style=\"text-align: justify;\"><em><u>Youtuber<\/u><\/em>: La persona que abre un canal de Youtube y muestra sus contenidos (v\u00eddeos musicales, art\u00edsticos, comentarios de moda o decoraci\u00f3n, horticultura\u2026), especialmente, si consigue cierto \u00e9xito y sus v\u00eddeos se convierten en virales. En casos as\u00ed, el o la <em>youtuber<\/em> puede convertirse en un <em>influencer.<\/em><\/p>\n<p style=\"text-align: justify;\">\u00a0\u00a0\u00a0 Un ejemplo de la cuesti\u00f3n: nuestros chicos y chicas compran ropa en <em>Pull &amp; Bear<\/em>, para ir a un <em>party<\/em>, toman una copa en un <em>pub<\/em> y se van a la <em>disco<\/em>. Si les quedan ganas de juerga, se van a un <em>after hours<\/em> o a un <em>chill-out <\/em>y esperan a media ma\u00f1ana para ir al <em>brunch<\/em> de alg\u00fan restaurante u hotel antes de volver a casa o, si est\u00e1n en una ciudad ajena, a un <em>bed and breakfast<\/em> para ducharse y descansar. Algunas sue\u00f1an con llegar a <em>top model<\/em>. Otros querr\u00edan destacar en el \u00e1mbito <em>tech, <\/em>como<em> hacker, brocker <\/em>o algo as\u00ed\u2026<\/p>\n<p style=\"text-align: justify;\">\u00a0\u00a0\u00a0\u00a0\u00a0\u00a0 Las cosas como son.<\/p>\n<p style=\"text-align: justify;\">\u00a0\u00a0\u00a0\u00a0\u00a0\u00a0\u00a0 Sin considerarme exactamente purista, creo que muchos de estos neologismos son absolutamente innecesarios, pero a fin de cuentas, un idioma no tiene otro due\u00f1o (y a la vez, responsable) que el cuerpo social de sus hablantes, quienes pueden mantenerlo dignamente o descuidarlo. O machacarlo, simplemente.<\/p>\n<p style=\"text-align: justify;\">\u00a0<span class=\"sep\">Publicado por <span class=\"author vcard\"><a class=\"url fn n\" title=\"Ver todas las entradas de Alberto Granados\" href=\"https:\/\/albertogranados.wordpress.com\/author\/albertogranados\/\">Alberto Granados<\/a><\/span> el <\/span> <span class=\"entry-date\"><a title=\"19:29\" href=\"https:\/\/albertogranados.wordpress.com\/2017\/06\/13\/guia-de-neologismos-para-no-perderse-en-la-lectura-de-la-prensa-i-vida-social\/\" rel=\"bookmark\">13 junio, 2017<\/a><\/span> en <span class=\"entry-categories\"><a href=\"https:\/\/albertogranados.wordpress.com\/category\/complicidades\/\" rel=\"category tag\">Complicidades<\/a><\/span><\/p>\n<div class=\"entry-content\" style=\"text-align: justify;\"><\/div>\n<p style=\"text-align: justify;\">Alberto Granados<\/p>\n<p style=\"text-align: justify;\">NOTA:<\/p>\n<p style=\"text-align: justify;\">En entradas sucesivas analizar\u00e9 los neologismos incorporados a otros aspectos: tecnolog\u00eda, econom\u00eda, deportes, etc.<\/p>\n<\/div>\n<p>&nbsp;<\/p>\n","protected":false},"excerpt":{"rendered":"<p>\u00a0\u00a0\u00a0\u00a0\u00a0\u00a0 El influjo incuestionable de internet, las redes sociales y los medios de comunicaci\u00f3n no&#8230;<\/p>\n","protected":false},"author":1,"featured_media":17545,"comment_status":"closed","ping_status":"closed","sticky":false,"template":"","format":"standard","meta":{"_coblocks_attr":"","_coblocks_dimensions":"","_coblocks_responsive_height":"","_coblocks_accordion_ie_support":"","jetpack_post_was_ever_published":false,"_jetpack_newsletter_access":"","_jetpack_dont_email_post_to_subs":false,"_jetpack_newsletter_tier_id":0,"_jetpack_memberships_contains_paywalled_content":false,"_jetpack_memberships_contains_paid_content":false,"footnotes":"","jetpack_publicize_message":"","jetpack_publicize_feature_enabled":true,"jetpack_social_post_already_shared":false,"jetpack_social_options":{"image_generator_settings":{"template":"highway","default_image_id":0,"enabled":false},"version":2}},"categories":[39,1161,186,44,15],"tags":[35,3988],"class_list":["post-17544","post","type-post","status-publish","format-standard","has-post-thumbnail","hentry","category-opinion-de-alberto-granados","category-ciudadania","category-instituciones","category-noticias-de-hoy","category-ultimas-noticias","tag-tecnologia","tag-vida-social"],"jetpack_publicize_connections":[],"jetpack_featured_media_url":"https:\/\/i0.wp.com\/miradordeatarfe.es\/wp-content\/uploads\/2017\/06\/imagen-tomada-de-wnjoytorrevieja.jpg?fit=696%2C398&ssl=1","jetpack_likes_enabled":true,"jetpack_sharing_enabled":true,"_links":{"self":[{"href":"https:\/\/miradordeatarfe.es\/index.php?rest_route=\/wp\/v2\/posts\/17544","targetHints":{"allow":["GET"]}}],"collection":[{"href":"https:\/\/miradordeatarfe.es\/index.php?rest_route=\/wp\/v2\/posts"}],"about":[{"href":"https:\/\/miradordeatarfe.es\/index.php?rest_route=\/wp\/v2\/types\/post"}],"author":[{"embeddable":true,"href":"https:\/\/miradordeatarfe.es\/index.php?rest_route=\/wp\/v2\/users\/1"}],"replies":[{"embeddable":true,"href":"https:\/\/miradordeatarfe.es\/index.php?rest_route=%2Fwp%2Fv2%2Fcomments&post=17544"}],"version-history":[{"count":2,"href":"https:\/\/miradordeatarfe.es\/index.php?rest_route=\/wp\/v2\/posts\/17544\/revisions"}],"predecessor-version":[{"id":17589,"href":"https:\/\/miradordeatarfe.es\/index.php?rest_route=\/wp\/v2\/posts\/17544\/revisions\/17589"}],"wp:featuredmedia":[{"embeddable":true,"href":"https:\/\/miradordeatarfe.es\/index.php?rest_route=\/wp\/v2\/media\/17545"}],"wp:attachment":[{"href":"https:\/\/miradordeatarfe.es\/index.php?rest_route=%2Fwp%2Fv2%2Fmedia&parent=17544"}],"wp:term":[{"taxonomy":"category","embeddable":true,"href":"https:\/\/miradordeatarfe.es\/index.php?rest_route=%2Fwp%2Fv2%2Fcategories&post=17544"},{"taxonomy":"post_tag","embeddable":true,"href":"https:\/\/miradordeatarfe.es\/index.php?rest_route=%2Fwp%2Fv2%2Ftags&post=17544"}],"curies":[{"name":"wp","href":"https:\/\/api.w.org\/{rel}","templated":true}]}}