{"id":17617,"date":"2017-06-29T20:43:27","date_gmt":"2017-06-29T18:43:27","guid":{"rendered":"http:\/\/miradordeatarfe.es\/?p=17617"},"modified":"2017-06-29T20:43:27","modified_gmt":"2017-06-29T18:43:27","slug":"lista-provisional-de-admitidos-y-excluidos-para-formar-parte-de-la-bolsa-de-trabajo-de-auxiliares-de-ayuda-a-domicilio","status":"publish","type":"post","link":"https:\/\/miradordeatarfe.es\/?p=17617","title":{"rendered":"Lista provisional de admitidos y excluidos para formar parte de la bolsa de trabajo de auxiliares de ayuda a domicilio"},"content":{"rendered":"<p>La comisi\u00f3n de valoraci\u00f3n hace p\u00fablica la baremaci\u00f3n de los m\u00e9ritos aportados por aspirantes para que puedan reclamar en el plazo previsto, hasta el 6 de julio.<!--more--><\/p>\n<p>El Ayuntamiento de Atarfe ha hecho p\u00fablico hoy, mi\u00e9rcoles 29 de junio, la resoluci\u00f3n por la que se aprueba la lista provisional de admitidos y excluidos al concurso para la constituci\u00f3n de la bolsa de trabajo de auxiliares de ayuda a domicilio.<\/p>\n<p>El decreto con la aprobaci\u00f3n de la lista provisional, que puede consultarse tanto en la p\u00e1gina web del Ayuntamiento de Atarfe como en el <a href=\"http:\/\/atarfe.sedelectronica.es\/board\/\/\" target=\"_blank\" rel=\"noopener noreferrer\"><strong>tabl\u00f3n de anuncios<\/strong><\/a> y en la sede electr\u00f3nica, da un plazo a los aspirantes de cinco d\u00edas h\u00e1biles <strong>-hasta el jueves 6 de julio-<\/strong> para poder subsanar los defectos que hayan motivado su exclusi\u00f3n o formular las reclamaciones que estimen oportunas.<\/p>\n<p>Tambi\u00e9n se hace p\u00fablico por parte de la comisi\u00f3n de valoraci\u00f3n la baremaci\u00f3n de los m\u00e9ritos aportados tanto por los aspirantes admitidos como excluidos, al objeto de que los interesados puedan formular cuantas reclamaciones consideren oportunas hasta el 6 de julio, fecha en la que finaliza el plazo.<\/p>\n<p>Consulta en formato PDF el decreto con la lista provisional y la baremaci\u00f3n:<\/p>\n<div class=\"post-block post-author clearfix\">\n<h3 class=\"heading-primary\"><i class=\"fa fa-download\"><\/i>Ficheros Adjuntos<\/h3>\n<div class=\"clearfix\">\n<div class=\"img-thumbnail-ficherosadjuntos\"><img data-recalc-dims=\"1\" decoding=\"async\" src=\"https:\/\/i0.wp.com\/atarfe.es\/img\/pdf2.jpg?w=640\" alt=\"\" \/><\/div>\n<p><strong class=\"name\"><a href=\"http:\/\/atarfe.es\/data\/CoreFiles\/firmdecreto-2017-0868-resolucion-admitidos-y-excluidos-provisional-2.pdf\" target=\"_blank\" rel=\"noopener noreferrer\">Decreto con la lista provisional de admitidos y excluidos de la bolsa de trabajo de ayuda a domicilio<\/a><\/strong><\/p>\n<\/div>\n<div class=\"clearfix\">\n<div class=\"img-thumbnail-ficherosadjuntos\"><img data-recalc-dims=\"1\" decoding=\"async\" src=\"https:\/\/i0.wp.com\/atarfe.es\/img\/pdf2.jpg?w=640\" alt=\"\" \/><\/div>\n<p><strong class=\"name\"><a href=\"http:\/\/atarfe.es\/data\/CoreFiles\/firmanuncio-baremacion-concurso-bolsa-auxiliares-1.pdf\" target=\"_blank\" rel=\"noopener noreferrer\">Anuncio con la baremaci\u00f3n del concurso de m\u00e9ritos de la bolsa de trabajo de ayuda a domicilio<\/a><\/strong><\/p>\n<\/div>\n<\/div>\n<div class=\"post-block post-share\">\n<div class=\"addthis_toolbox addthis_default_style \">\n<div class=\"tweet_iframe_widget\"><\/div>\n<div class=\"pin_it_iframe_widget\"><\/div>\n<p><a class=\"atc_s addthis_button_compact\">Compartir<\/a><\/div>\n<\/div>\n","protected":false},"excerpt":{"rendered":"<p>La comisi\u00f3n de valoraci\u00f3n hace p\u00fablica la baremaci\u00f3n de los m\u00e9ritos aportados por aspirantes para&#8230;<\/p>\n","protected":false},"author":1,"featured_media":17618,"comment_status":"closed","ping_status":"closed","sticky":false,"template":"","format":"standard","meta":{"_coblocks_attr":"","_coblocks_dimensions":"","_coblocks_responsive_height":"","_coblocks_accordion_ie_support":"","jetpack_post_was_ever_published":false,"_jetpack_newsletter_access":"","_jetpack_dont_email_post_to_subs":false,"_jetpack_newsletter_tier_id":0,"_jetpack_memberships_contains_paywalled_content":false,"_jetpack_memberships_contains_paid_content":false,"footnotes":"","jetpack_publicize_message":"","jetpack_publicize_feature_enabled":true,"jetpack_social_post_already_shared":false,"jetpack_social_options":{"image_generator_settings":{"template":"highway","default_image_id":0,"enabled":false},"version":2}},"categories":[2,186,44,15],"tags":[81,2287],"class_list":["post-17617","post","type-post","status-publish","format-standard","has-post-thumbnail","hentry","category-atarfe","category-instituciones","category-noticias-de-hoy","category-ultimas-noticias","tag-atarfe","tag-ayuda-a-domicilio"],"jetpack_publicize_connections":[],"jetpack_featured_media_url":"https:\/\/i0.wp.com\/miradordeatarfe.es\/wp-content\/uploads\/2017\/06\/cabecera_ana1.jpg?fit=980%2C271&ssl=1","jetpack_likes_enabled":true,"jetpack_sharing_enabled":true,"_links":{"self":[{"href":"https:\/\/miradordeatarfe.es\/index.php?rest_route=\/wp\/v2\/posts\/17617","targetHints":{"allow":["GET"]}}],"collection":[{"href":"https:\/\/miradordeatarfe.es\/index.php?rest_route=\/wp\/v2\/posts"}],"about":[{"href":"https:\/\/miradordeatarfe.es\/index.php?rest_route=\/wp\/v2\/types\/post"}],"author":[{"embeddable":true,"href":"https:\/\/miradordeatarfe.es\/index.php?rest_route=\/wp\/v2\/users\/1"}],"replies":[{"embeddable":true,"href":"https:\/\/miradordeatarfe.es\/index.php?rest_route=%2Fwp%2Fv2%2Fcomments&post=17617"}],"version-history":[{"count":1,"href":"https:\/\/miradordeatarfe.es\/index.php?rest_route=\/wp\/v2\/posts\/17617\/revisions"}],"predecessor-version":[{"id":17619,"href":"https:\/\/miradordeatarfe.es\/index.php?rest_route=\/wp\/v2\/posts\/17617\/revisions\/17619"}],"wp:featuredmedia":[{"embeddable":true,"href":"https:\/\/miradordeatarfe.es\/index.php?rest_route=\/wp\/v2\/media\/17618"}],"wp:attachment":[{"href":"https:\/\/miradordeatarfe.es\/index.php?rest_route=%2Fwp%2Fv2%2Fmedia&parent=17617"}],"wp:term":[{"taxonomy":"category","embeddable":true,"href":"https:\/\/miradordeatarfe.es\/index.php?rest_route=%2Fwp%2Fv2%2Fcategories&post=17617"},{"taxonomy":"post_tag","embeddable":true,"href":"https:\/\/miradordeatarfe.es\/index.php?rest_route=%2Fwp%2Fv2%2Ftags&post=17617"}],"curies":[{"name":"wp","href":"https:\/\/api.w.org\/{rel}","templated":true}]}}