{"id":17620,"date":"2017-06-30T11:53:31","date_gmt":"2017-06-30T09:53:31","guid":{"rendered":"http:\/\/miradordeatarfe.es\/?p=17620"},"modified":"2017-06-29T23:35:01","modified_gmt":"2017-06-29T21:35:01","slug":"jorge-moreno-nuevo-entrenador-del-atarfe","status":"publish","type":"post","link":"https:\/\/miradordeatarfe.es\/?p=17620","title":{"rendered":"Jorge Moreno, nuevo entrenador del Atarfe"},"content":{"rendered":"<p class=\"mce\" style=\"text-align: justify;\">Andr\u00e9s Prieto, como presidente, y Jorge Moreno, como entrenador del primer equipo, encabezan la renovaci\u00f3n del Atarfe Industrial de cara a la pr\u00f3xima temporada, la 2017\/18.<!--more--><\/p>\n<p class=\"mce\" style=\"text-align: justify;\">Tras un mes de junio movido, ya se conocen los nombres que liderar\u00e1n el nuevo proyecto del club atarfe\u00f1o en el que destaca la juventud e ilusi\u00f3n de los nuevos regidores del club granadino.<\/p>\n<p class=\"mce\" style=\"text-align: justify;\">El presidente, Andr\u00e9s Prieto, ha sido antes jugador y entrenador de las categor\u00edas inferiores del Atarfe, as\u00ed como vicepresidente del club la pasada temporada. El nuevo directivo se ha rodeado de figuras destacadas ligadas al f\u00fatbol de la localidad, con los que ha confeccionado su equipo. Entre sus primeras decisiones ha estado la elecci\u00f3n de los entrenadores de todas las categor\u00edas que culmin\u00f3 el pasado mi\u00e9rcoles con la designaci\u00f3n de Jorge Moreno como entrenador del primer equipo.<\/p>\n<blockquote class=\"blockquote inset-auto\">\n<figure>EL T\u00c9CNICO, DE 32 A\u00d1OS, ASCENDI\u00d3 HACE TRES AL EQUIPO JUVENIL A LIGA NACIONAL<\/figure>\n<\/blockquote>\n<p class=\"mce\" style=\"text-align: justify;\">Moreno llega al banquillo del Atarfe despu\u00e9s de que no llegaran a buen puerto las negociaciones con Rafa Rodr\u00edguez y Roberto Valverde. El nuevo t\u00e9cnico atarfe\u00f1o, de 32 a\u00f1os tuvo que dejar la pr\u00e1ctica del f\u00fatbol debido a una lesi\u00f3n. Durante esta etapa pas\u00f3 por la cantera del Granada 74 para luego jugar en los juveniles del Real Madrid y Valladolid. Entre sus \u00e9xitos como entrenador est\u00e1 el ascenso del equipo juvenil del Atarfe a la Liga Nacional de la categor\u00eda.<\/p>\n<p class=\"mce\" style=\"text-align: justify;\">Hasta el momento, el director deportivo del club, \u00c1ngel Ruiz, ha trabajado en la configuraci\u00f3n de la plantilla que completar\u00e1 ahora en colaboraci\u00f3n con Jorge Moreno.<\/p>\n","protected":false},"excerpt":{"rendered":"<p>Andr\u00e9s Prieto, como presidente, y Jorge Moreno, como entrenador del primer equipo, encabezan la renovaci\u00f3n&#8230;<\/p>\n","protected":false},"author":1,"featured_media":17623,"comment_status":"closed","ping_status":"closed","sticky":false,"template":"","format":"standard","meta":{"_coblocks_attr":"","_coblocks_dimensions":"","_coblocks_responsive_height":"","_coblocks_accordion_ie_support":"","jetpack_post_was_ever_published":false,"_jetpack_newsletter_access":"","_jetpack_dont_email_post_to_subs":false,"_jetpack_newsletter_tier_id":0,"_jetpack_memberships_contains_paywalled_content":false,"_jetpack_memberships_contains_paid_content":false,"footnotes":"","jetpack_publicize_message":"","jetpack_publicize_feature_enabled":true,"jetpack_social_post_already_shared":false,"jetpack_social_options":{"image_generator_settings":{"template":"highway","default_image_id":0,"enabled":false},"version":2}},"categories":[2,182,186,44,15],"tags":[3984,4001],"class_list":["post-17620","post","type-post","status-publish","format-standard","has-post-thumbnail","hentry","category-atarfe","category-deportes","category-instituciones","category-noticias-de-hoy","category-ultimas-noticias","tag-atarfe-industrialc-f","tag-tecnico"],"jetpack_publicize_connections":[],"jetpack_featured_media_url":"https:\/\/i0.wp.com\/miradordeatarfe.es\/wp-content\/uploads\/2017\/06\/11401463_452525528253905_5899607488698499422_n-3.jpg?fit=366%2C245&ssl=1","jetpack_likes_enabled":true,"jetpack_sharing_enabled":true,"_links":{"self":[{"href":"https:\/\/miradordeatarfe.es\/index.php?rest_route=\/wp\/v2\/posts\/17620","targetHints":{"allow":["GET"]}}],"collection":[{"href":"https:\/\/miradordeatarfe.es\/index.php?rest_route=\/wp\/v2\/posts"}],"about":[{"href":"https:\/\/miradordeatarfe.es\/index.php?rest_route=\/wp\/v2\/types\/post"}],"author":[{"embeddable":true,"href":"https:\/\/miradordeatarfe.es\/index.php?rest_route=\/wp\/v2\/users\/1"}],"replies":[{"embeddable":true,"href":"https:\/\/miradordeatarfe.es\/index.php?rest_route=%2Fwp%2Fv2%2Fcomments&post=17620"}],"version-history":[{"count":1,"href":"https:\/\/miradordeatarfe.es\/index.php?rest_route=\/wp\/v2\/posts\/17620\/revisions"}],"predecessor-version":[{"id":17622,"href":"https:\/\/miradordeatarfe.es\/index.php?rest_route=\/wp\/v2\/posts\/17620\/revisions\/17622"}],"wp:featuredmedia":[{"embeddable":true,"href":"https:\/\/miradordeatarfe.es\/index.php?rest_route=\/wp\/v2\/media\/17623"}],"wp:attachment":[{"href":"https:\/\/miradordeatarfe.es\/index.php?rest_route=%2Fwp%2Fv2%2Fmedia&parent=17620"}],"wp:term":[{"taxonomy":"category","embeddable":true,"href":"https:\/\/miradordeatarfe.es\/index.php?rest_route=%2Fwp%2Fv2%2Fcategories&post=17620"},{"taxonomy":"post_tag","embeddable":true,"href":"https:\/\/miradordeatarfe.es\/index.php?rest_route=%2Fwp%2Fv2%2Ftags&post=17620"}],"curies":[{"name":"wp","href":"https:\/\/api.w.org\/{rel}","templated":true}]}}