{"id":1781,"date":"2015-05-17T07:18:22","date_gmt":"2015-05-17T07:18:22","guid":{"rendered":"http:\/\/miradordeatarfe.es\/?p=1781"},"modified":"2015-05-21T19:27:57","modified_gmt":"2015-05-21T19:27:57","slug":"nace-granada-musical-la-actualidad-de-la-musica-granadina-nace-granada-musical-la-actualidad-de-la-musica-granadina","status":"publish","type":"post","link":"https:\/\/miradordeatarfe.es\/?p=1781","title":{"rendered":"Nace \u2018Granada Musical\u2019, la actualidad de la m\u00fasica granadina"},"content":{"rendered":"<div class=\"wrapper\">\n<div class=\"main-content-left\">\n<div class=\"main-article-content\"><br class=\"banner-noticia\" \/><\/p>\n<div class=\"shortcode-content\">Como pod\u00e9is comprobar, estrenamos una secci\u00f3n llamada <strong>\u201cGranada Musical\u201d<\/strong>. En ella, pretendemos informar de todos los conciertos de m\u00fasica en vivo que se dan cada fin de semana en nuestra ciudad, atendiendo la petici\u00f3n de los m\u00faltiples lectores y seguidores de la m\u00fasica en directo.<!--more--><br \/>\nPero esta secci\u00f3n no s\u00f3lo se ha creado para este fin. Adem\u00e1s de informar sobre los eventos musicales, vamos a ofrecer detallada informaci\u00f3n sobre los m\u00fasicos y bandas de Granada.<img data-recalc-dims=\"1\" loading=\"lazy\" decoding=\"async\" class=\"  wp-image-94912 alignright\" src=\"https:\/\/i0.wp.com\/cdn.granadadigital.es\/wp-content\/uploads\/2015\/05\/Captura-de-pantalla-2015-05-14-a-las-0.57.10-1024x421.png?resize=402%2C165\" alt=\"Captura de pantalla 2015-05-14 a las 0.57.10\" width=\"402\" height=\"165\" \/>La secci\u00f3n estar\u00e1 conducida por <i>Javier Mart\u00edn Ruiz,<\/i> fot\u00f3grafo especializado en conciertos y eventos de m\u00fasica en directo, ex-m\u00fasico y <i>manager<\/i>, que desde los a\u00f1os 80 est\u00e1 vinculado a la actividad musical Granadina, y apoyada por los responsables de Cultura de Granada Digital, los fot\u00f3grafos y periodistas, <em>F.W. Alanzor<\/em> y <em>Carlos Gil<\/em>.<\/p>\n<p>Poco a poco, ampliaremos esta secci\u00f3n con fotograf\u00edas de Javier Mart\u00edn, Carlos Gil y F.W. Alanzor (curiosidades, giras, ensayos, grabaciones de discos, entrevistas etc.) de todos los m\u00fasicos y bandas granadinas. Porque ante todo creemos que nuestros m\u00fasicos se merecen tener una secci\u00f3n y un apoyo en este peri\u00f3dico donde se informe de todos sus proyectos.<\/p>\n<p>Granada tiene mayor n\u00famero de m\u00fasicos y grupos , en sus diferentes estilos, que cualquier otra ciudad de la geograf\u00eda nacional. Datos que mantenemos desde los a\u00f1os 80. Debemos seguir cuidando y manteniendo este legado musical y cultural granadino.<\/p>\n<p>Desde que un m\u00fasico o grupo decide empezar su carrera hasta que est\u00e1 bien formado y cuenta con experiencia para actuar en directo, pasan por un proceso nada f\u00e1cil, ensayos, instrumentos, locales para tocar y situaciones muy variadas. En definitiva, un verdadero periplo que estamos seguros os gustara conocer, y que tambi\u00e9n forma parte de esta nuestra cultura.<\/p>\n<p>Si est\u00e1is interesados en conocer todo lo que rodea a las bandas Granadinas, nosotros estaremos aqu\u00ed para contarlo.<\/p>\n<\/div>\n<\/div>\n<\/div>\n<\/div>\n","protected":false},"excerpt":{"rendered":"<p>Como pod\u00e9is comprobar, estrenamos una secci\u00f3n llamada \u201cGranada Musical\u201d. En ella, pretendemos informar de todos&#8230;<\/p>\n","protected":false},"author":1,"featured_media":1782,"comment_status":"closed","ping_status":"closed","sticky":false,"template":"","format":"standard","meta":{"_coblocks_attr":"","_coblocks_dimensions":"","_coblocks_responsive_height":"","_coblocks_accordion_ie_support":"","jetpack_post_was_ever_published":false,"_jetpack_newsletter_access":"","_jetpack_dont_email_post_to_subs":false,"_jetpack_newsletter_tier_id":0,"_jetpack_memberships_contains_paywalled_content":false,"_jetpack_memberships_contains_paid_content":false,"footnotes":"","jetpack_publicize_message":"","jetpack_publicize_feature_enabled":true,"jetpack_social_post_already_shared":false,"jetpack_social_options":{"image_generator_settings":{"template":"highway","default_image_id":0,"enabled":false},"version":2}},"categories":[15],"tags":[655,654],"class_list":["post-1781","post","type-post","status-publish","format-standard","has-post-thumbnail","hentry","category-ultimas-noticias","tag-granada-musical","tag-musica-granadina"],"jetpack_publicize_connections":[],"jetpack_featured_media_url":"https:\/\/i0.wp.com\/miradordeatarfe.es\/wp-content\/uploads\/2015\/05\/ni%C3%B1os-mutantes-gira-naufragos.jpg?fit=469%2C518&ssl=1","jetpack_likes_enabled":true,"jetpack_sharing_enabled":true,"_links":{"self":[{"href":"https:\/\/miradordeatarfe.es\/index.php?rest_route=\/wp\/v2\/posts\/1781","targetHints":{"allow":["GET"]}}],"collection":[{"href":"https:\/\/miradordeatarfe.es\/index.php?rest_route=\/wp\/v2\/posts"}],"about":[{"href":"https:\/\/miradordeatarfe.es\/index.php?rest_route=\/wp\/v2\/types\/post"}],"author":[{"embeddable":true,"href":"https:\/\/miradordeatarfe.es\/index.php?rest_route=\/wp\/v2\/users\/1"}],"replies":[{"embeddable":true,"href":"https:\/\/miradordeatarfe.es\/index.php?rest_route=%2Fwp%2Fv2%2Fcomments&post=1781"}],"version-history":[{"count":2,"href":"https:\/\/miradordeatarfe.es\/index.php?rest_route=\/wp\/v2\/posts\/1781\/revisions"}],"predecessor-version":[{"id":1885,"href":"https:\/\/miradordeatarfe.es\/index.php?rest_route=\/wp\/v2\/posts\/1781\/revisions\/1885"}],"wp:featuredmedia":[{"embeddable":true,"href":"https:\/\/miradordeatarfe.es\/index.php?rest_route=\/wp\/v2\/media\/1782"}],"wp:attachment":[{"href":"https:\/\/miradordeatarfe.es\/index.php?rest_route=%2Fwp%2Fv2%2Fmedia&parent=1781"}],"wp:term":[{"taxonomy":"category","embeddable":true,"href":"https:\/\/miradordeatarfe.es\/index.php?rest_route=%2Fwp%2Fv2%2Fcategories&post=1781"},{"taxonomy":"post_tag","embeddable":true,"href":"https:\/\/miradordeatarfe.es\/index.php?rest_route=%2Fwp%2Fv2%2Ftags&post=1781"}],"curies":[{"name":"wp","href":"https:\/\/api.w.org\/{rel}","templated":true}]}}