{"id":17931,"date":"2017-10-23T11:00:35","date_gmt":"2017-10-23T09:00:35","guid":{"rendered":"http:\/\/miradordeatarfe.es\/?p=17931"},"modified":"2017-10-23T10:41:36","modified_gmt":"2017-10-23T08:41:36","slug":"la-virgen-de-fatima-estuvo-en-atarfe-el-dia-23101951","status":"publish","type":"post","link":"https:\/\/miradordeatarfe.es\/?p=17931","title":{"rendered":"LA VIRGEN DE F\u00c1TIMA ESTUVO EN ATARFE, tal dia como hoy de 1951."},"content":{"rendered":"<div dir=\"auto\" style=\"text-align: justify;\">Atarfe anecdotario: 1951 LA IMAGEN PEREGRINA DE LA VIRGEN DE F\u00c1TIMA, ENTR\u00d3 Y PERMANECI\u00d3 EN ATARFE DURANTE DOS D\u00cdAS. PAS\u00d3 POR SIERRA ELVIRA.<\/div>\n<div dir=\"auto\" style=\"text-align: justify;\"><\/div>\n<p><!--more--><\/p>\n<div dir=\"auto\" style=\"text-align: justify;\">Hoy es el centenario de la primera aparici\u00f3n de la Virgen de F\u00e1tima. Por dicho motivo reproducimos esta an\u00e9cdota que fue publicada hace tiempo.<\/div>\n<div dir=\"auto\" style=\"text-align: justify;\"><\/div>\n<div dir=\"auto\" style=\"text-align: justify;\">Todos sabemos, que el d\u00eda 13 de mayo de 1917, la Virgen Mar\u00eda, inici\u00f3 sus apariciones a tres ni\u00f1os de la poblaci\u00f3n portuguesa de F\u00e1tima. Este hecho mariano provoc\u00f3 gran devoci\u00f3n a nivel mundial.<\/div>\n<div dir=\"auto\" style=\"text-align: justify;\"><\/div>\n<div dir=\"auto\" style=\"text-align: justify;\">La devoci\u00f3n a la Virgen aparecida en la \u201cCova da Iria\u201d, en Espa\u00f1a se cristaliz\u00f3 con la llegada de su imagen peregrina, que fue recibida en Granada el d\u00eda 02\/10\/1949, siendo bendecida por el Arzobispo antes de iniciar su visita a los pueblos del \u00faltimo reino conquistado por los Reyes Cat\u00f3licos.<\/div>\n<div dir=\"auto\" style=\"text-align: justify;\"><\/div>\n<div dir=\"auto\" style=\"text-align: justify;\">La imagen peregrina de la Virgen de F\u00e1tima, tambi\u00e9n conocida por la Virgen del Rosario de F\u00e1tima, entr\u00f3 en Atarfe el d\u00eda 23\/10\/1951.<\/div>\n<div dir=\"auto\" style=\"text-align: justify;\"><\/div>\n<div dir=\"auto\" style=\"text-align: justify;\">El ya mencionado d\u00eda 23 de octubre, a las 18 horas, las autoridades locales acompa\u00f1adas por los atarfe\u00f1os que se desplazaron a la hermana localidad de Albolote, se hicieron con la responsabilidad de hacer llegar a nuestra localidad la tan esperada imagen representativa de la Madre de Jes\u00fas hecho hombre. La imagen fue trasladada en una carroza gustosamente adornada con flores.<\/div>\n<div dir=\"auto\" style=\"text-align: justify;\"><\/div>\n<div dir=\"auto\" style=\"text-align: justify;\">Los atarfe\u00f1os, realizaron el recorrido entre ambos pueblos a paso humano, la carretera que une ambos municipios estaba ocupada en su totalidad con personas viajando a pie, carretas, coches, camiones, bicicletas y algunos ni\u00f1os con patinetes de fabricaci\u00f3n propia. El tranv\u00eda que un\u00eda ambos n\u00facleos de poblaci\u00f3n, en ese tramo horario registr\u00f3 lleno total. Los agricultores ocupados con sus aperos en la tierra de labor, se descubr\u00edan e inclinaban en se\u00f1al de respeto, los ganaderos, sin descuidar su ganado hac\u00edan lo propio.<\/div>\n<div dir=\"auto\" style=\"text-align: justify;\"><\/div>\n<div dir=\"auto\" style=\"text-align: justify;\">Ambos lados de la carretera estaban totalmente ocupados con vecinos que manifestaban su alegr\u00eda con cantos, gritos y aclamaciones de respeto y cari\u00f1o.<\/div>\n<div dir=\"auto\" style=\"text-align: justify;\"><\/div>\n<div dir=\"auto\" style=\"text-align: justify;\">En Atarfe, a las 19 horas, fue recibida la imagen con el canto del Ave Mar\u00eda de F\u00e1tima acompa\u00f1ado por la banda de m\u00fasica Local.<\/div>\n<div dir=\"auto\" style=\"text-align: justify;\"><\/div>\n<div dir=\"auto\" style=\"text-align: justify;\">Durante su recorrido por las diferentes calles se pudo admirar como nuestros paisanos se ocuparon en engalanar sus balcones y fachadas con banderas, mantones de manila y las mejores colchas de cada casa, sin envidias, sin vanidad. A su paso se arrojaron p\u00e9talos de rosas y claveles. Los coheteros dispararon sus cohetes y dem\u00e1s pirotecnia, con su sonido se avisaba a todos de la nueva buena.<\/div>\n<div dir=\"auto\" style=\"text-align: justify;\"><\/div>\n<div dir=\"auto\" style=\"text-align: justify;\">La imagen fue colocada frente al C\u00edrculo de Labradores, donde los presentes quer\u00edan tocar y ce\u00f1ir cari\u00f1osamente la Virgen visitadora.<\/div>\n<div dir=\"auto\" style=\"text-align: justify;\"><\/div>\n<div dir=\"auto\" style=\"text-align: justify;\">Queremos creer que todos pudieron hacerlo aunque fuese simb\u00f3licamente mediante una cinta u otro m\u00e9todo besamanos.<\/div>\n<div dir=\"auto\" style=\"text-align: justify;\"><\/div>\n<div dir=\"auto\" style=\"text-align: justify;\">Con m\u00e1ximo orgullo, la torre de la iglesia disfrut\u00f3 al saber que la totalidad de las campanas (nueva, vieja y rota), ta\u00f1\u00edan con natural fuerza al saber que ser\u00edan o\u00eddas por la Virgen Blanca.<\/div>\n<div dir=\"auto\" style=\"text-align: justify;\"><\/div>\n<div dir=\"auto\" style=\"text-align: justify;\">La banda de m\u00fasica, al son del himno nacional, acompa\u00f1\u00f3 hasta las puertas del templo (reci\u00e9n reparado), la imagen de la Virgen, donde fue recibida con unas palabras por el p\u00e1rroco.<\/div>\n<div dir=\"auto\" style=\"text-align: justify;\"><\/div>\n<div dir=\"auto\" style=\"text-align: justify;\">Coincidi\u00f3 que el capell\u00e1n responsable del recorrido de peregrinaci\u00f3n de la imagen, a\u00f1os atr\u00e1s fue p\u00e1rroco en Atarfe, por lo que tambi\u00e9n dirigi\u00f3 unas palabras. Fue colocada en el presbiterio del altar (falta de datos nos impiden concretar m\u00e1s).El templo se qued\u00f3 peque\u00f1o.<\/div>\n<div dir=\"auto\" style=\"text-align: justify;\"><\/div>\n<div dir=\"auto\" style=\"text-align: justify;\">F\u00e1tima espiritualmente est\u00e1 siempre presente. Con sus manos abiertas, sin intermediarios, ofrece directamente su coraz\u00f3n; su pecho, con m\u00e1s fuerza que el mineral que atrae el hierro se ofrece al que a la implora e ilumina el esp\u00edritu como el radiante sol ilumina la ma\u00f1ana.<\/div>\n<div dir=\"auto\" style=\"text-align: justify;\"><\/div>\n<div dir=\"auto\" style=\"text-align: justify;\">De tan insigne visita a tierras tan antiguamente habitadas, surgieron voces de pobres, ricos, trabajadores del campo y empleados de industrias que al un\u00edsono aplaud\u00edan y cantaban en su honor: \u201dLa Reina del Cielo, se quiso llamar, Perpetuo Socorro, del Triste Mortal, ave, ave, ave Mar\u00eda\u201d.<\/div>\n<div dir=\"auto\" style=\"text-align: justify;\"><\/div>\n<div dir=\"auto\" style=\"text-align: justify;\">\u00a1Qu\u00e9 suerte henos tenido al verla! Era la exclamaci\u00f3n que en voz alta se pronunciaba al sentir la grandeza de la Virgen de F\u00e1tima en Atarfe. \u00a1Mam\u00e1, mam\u00e1!, vociferaba el peque\u00f1o, \u201cdame un pa\u00f1uelo, que a la Virgen quiero saludar\u201d.<\/div>\n<div dir=\"auto\" style=\"text-align: justify;\"><\/div>\n<div dir=\"auto\" style=\"text-align: justify;\">Las Autoridades, todas engalanadas, en primera fila pretend\u00edan estar: \u00ab\u00a1No veo!, dice un vecino al Concejal. Mu\u00e9vase un poco a la izquierda, \u00a1\u00bfQu\u00e9 dice usted?! \u00a1Quiero ver y rezar! Lo mismo se puede hacer vi\u00e9ndola desde \u00a1la izquierda o la derecha!, quien acude a la Hija de santa Ana, ser\u00e1 ayudado por igual\u00bb.<\/div>\n<div dir=\"auto\" style=\"text-align: justify;\"><\/div>\n<div dir=\"auto\" style=\"text-align: justify;\">En el pueblo hubo enfermos que depositaron todo su esp\u00edritu e ilusi\u00f3n en ver pronta su recuperaci\u00f3n (la fe puede mover monta\u00f1as). Por la discreci\u00f3n del tema no hemos podido saber de ninguna sanaci\u00f3n milagrosa.<\/div>\n<div dir=\"auto\" style=\"text-align: justify;\"><\/div>\n<div dir=\"auto\" style=\"text-align: justify;\">Podemos decir sin temor a la equivocaci\u00f3n, que durante la estancia en Atarfe, las tierras de regad\u00edo adornaron el ambiente visti\u00e9ndose de verde, las de secano ofrecieron su peculiar colorido para que la Virgen Blanca supiese que se encontraba en tierra falta de medios necesarios, falta, a veces, del alimento m\u00e1s b\u00e1sico y humilde.<\/div>\n<div dir=\"auto\" style=\"text-align: justify;\"><\/div>\n<div dir=\"auto\" style=\"text-align: justify;\">No sabemos c\u00f3mo, pero los palomares del pueblo quedaron todos vac\u00edos al mismo tiempo, sus aves, anunciadoras de la buena nueva volaron al un\u00edsono sobre los cielos de Atarfe. Los gorriones, todos ellos, con sus bulliciosos y ruidosos sonidos, cual melod\u00eda interpretada por la mejor de las bandas de cornetas y tambores, se alegraron de tan magn\u00edfica visita.<\/div>\n<div dir=\"auto\" style=\"text-align: justify;\"><\/div>\n<div dir=\"auto\" style=\"text-align: justify;\">La noche del 23 al 24, se inici\u00f3 con la Hora Santa Mariana continuando con los suficientes rosarios hasta la llegada de la madrugada en que fue celebrada la liturgia de la ma\u00f1ana.<\/div>\n<div dir=\"auto\" style=\"text-align: justify;\"><\/div>\n<div dir=\"auto\" style=\"text-align: justify;\">A las 18 horas del d\u00eda 24, el Templo estaba totalmente ocupado por atarfe\u00f1os que desped\u00edan a la Virgen, la que fue sacada a hombros de autoridades y depositada en la carroza preparada por el pueblo hermano de Pinos Puente. La Sagrada Imagen mir\u00f3 con cari\u00f1o a todos los presentes y ausentes en general y a cada uno en particular, dici\u00e9ndoles que las l\u00e1grimas que surcaban las mejillas ante la necesaria despedida, no fueran l\u00e1grimas tristes, todo lo contrario, que fueran manifestaci\u00f3n de alegr\u00eda por haber visitado a tan nobles gentes, l\u00e1grimas que deber\u00edan regar la buena simiente que existe en el coraz\u00f3n de estas personas de historia milenaria, l\u00e1grimas de superaci\u00f3n.<\/div>\n<div dir=\"auto\" style=\"text-align: justify;\"><\/div>\n<div dir=\"auto\" style=\"text-align: justify;\">La imagen de la Blanca se alegr\u00f3 al pasar por el paseo de santa Ana; comprob\u00f3 el insuperable fervor recibido por su madre por devoci\u00f3n de los atarfe\u00f1os, admir\u00f3 tan magn\u00edfica talla restaurada junto a sus nuevas andas por el escultor y orfebre Jos\u00e9 Navas Parejo en el a\u00f1o 1915. Igualmente el rostro de la imagen peregrina parec\u00eda m\u00e1s alegre, si ello fuere posible, al contemplar el nuevo monumento al Sagrado Coraz\u00f3n de Jes\u00fas; al fijarse en el talle de sus manos, espiritualmente, debi\u00f3 agradecer el esmero del estupendo y casi an\u00f3nimo maestro escultor y vecino atarfe\u00f1o, que las esculpi\u00f3 (en otra ocasi\u00f3n, dedicaremos este espacio a la capacidad, habilidad y merecimiento del mencionado vecino de Atarfe, que de rudas y primitivas piedras, esculpi\u00f3 las manos).<\/div>\n<div dir=\"auto\" style=\"text-align: justify;\"><\/div>\n<div dir=\"auto\" style=\"text-align: justify;\">A su paso por Sierra Elvira, la Virgen fue vitoreada y aclamada por todos sus habitantes consiguiendo que la imagen hiciera un descanso en el recorrido.<\/div>\n<div dir=\"auto\" style=\"text-align: justify;\"><\/div>\n<div dir=\"auto\" style=\"text-align: justify;\">El improvisado reposo, se aprovech\u00f3 para el besamanos de las personas que habitaban el antiguo enclave donde se celebraron, el primer Concilio Local (a\u00f1o 54), y el Concilio Iliberitano (303), primero conocido en Espa\u00f1a cuyas actas se conservan. San Gregorio de Elvira, seguramente estaba observando con alegr\u00eda la manifestaci\u00f3n de fe y respeto que viv\u00edan las gentes de tan enigm\u00e1tico lugar.<\/div>\n<div dir=\"auto\" style=\"text-align: justify;\"><\/div>\n<div dir=\"auto\" style=\"text-align: justify;\">Debemos decir que La Delegaci\u00f3n diocesana de Peregrinaciones, pidi\u00f3 limosna para la creaci\u00f3n de un templo mariano en Granada, dedicado a la Virgen de F\u00e1tima.<\/div>\n<div dir=\"auto\" style=\"text-align: justify;\"><\/div>\n<div dir=\"auto\" style=\"text-align: justify;\">Autoridades y ciudadanos colaboraron en la medida de lo posible. El Alcalde don Jos\u00e9 Jim\u00e9nez S\u00e1nchez inici\u00f3 suscripci\u00f3n popular.<\/div>\n<div dir=\"auto\" style=\"text-align: justify;\"><\/div>\n<div dir=\"auto\" style=\"text-align: justify;\">Lamentablemente carecemos de fotograf\u00edas que inmortalizaron la visita. Sabemos que existen bastantes a nivel particular, por tanto seguiremos busc\u00e1ndolas para poder aportarlas, para disfrute y gozo de todos los atarfe\u00f1os .<\/div>\n<div dir=\"auto\" style=\"text-align: justify;\"><\/div>\n<div dir=\"auto\" style=\"text-align: justify;\">Acompa\u00f1amos las fotograf\u00edas siguientes:<\/div>\n<div dir=\"auto\" style=\"text-align: justify;\">-Invitaciones realizadas a los atarfe\u00f1os para que acudan a recibir a la imagen peregrina y un borrador de saluda e invitaci\u00f3n para autoridades.<\/div>\n<div dir=\"auto\" style=\"text-align: justify;\">-Imagen de la Virgen de F\u00e1tima existente en la iglesia Sagrario de Granada.<\/div>\n<div dir=\"auto\" style=\"text-align: justify;\"><\/div>\n<div dir=\"auto\" style=\"text-align: justify;\">Para saber m\u00e1s:<\/div>\n<div dir=\"auto\" style=\"text-align: justify;\">Archivo Episcopal de Granada.<\/div>\n<div dir=\"auto\" style=\"text-align: justify;\">Nuestro blog:\u00a0<a href=\"https:\/\/www.facebook.com\/atarfeanecdotario\" target=\"_blank\" rel=\"noopener\" data-saferedirecturl=\"https:\/\/www.google.com\/url?hl=es&amp;q=https:\/\/www.facebook.com\/atarfeanecdotario&amp;source=gmail&amp;ust=1504368312925000&amp;usg=AFQjCNFufQ9peOz4FGlEho9gWPmhfwBIdg\">https:\/\/www.facebook.com\/<wbr \/>atarfeanecdotario<\/a><\/div>\n","protected":false},"excerpt":{"rendered":"<p>Atarfe anecdotario: 1951 LA IMAGEN PEREGRINA DE LA VIRGEN DE F\u00c1TIMA, ENTR\u00d3 Y PERMANECI\u00d3 EN&#8230;<\/p>\n","protected":false},"author":1,"featured_media":0,"comment_status":"closed","ping_status":"closed","sticky":false,"template":"","format":"standard","meta":{"_coblocks_attr":"","_coblocks_dimensions":"","_coblocks_responsive_height":"","_coblocks_accordion_ie_support":"","jetpack_post_was_ever_published":false,"_jetpack_newsletter_access":"","_jetpack_dont_email_post_to_subs":false,"_jetpack_newsletter_tier_id":0,"_jetpack_memberships_contains_paywalled_content":false,"_jetpack_memberships_contains_paid_content":false,"footnotes":"","jetpack_publicize_message":"","jetpack_publicize_feature_enabled":true,"jetpack_social_post_already_shared":false,"jetpack_social_options":{"image_generator_settings":{"template":"highway","default_image_id":0,"enabled":false},"version":2}},"categories":[2,1225,186,44,15],"tags":[81,4064],"class_list":["post-17931","post","type-post","status-publish","format-standard","hentry","category-atarfe","category-ha-de-atarfe","category-instituciones","category-noticias-de-hoy","category-ultimas-noticias","tag-atarfe","tag-virgen-de-fatima"],"jetpack_publicize_connections":[],"jetpack_featured_media_url":"","jetpack_likes_enabled":true,"jetpack_sharing_enabled":true,"_links":{"self":[{"href":"https:\/\/miradordeatarfe.es\/index.php?rest_route=\/wp\/v2\/posts\/17931","targetHints":{"allow":["GET"]}}],"collection":[{"href":"https:\/\/miradordeatarfe.es\/index.php?rest_route=\/wp\/v2\/posts"}],"about":[{"href":"https:\/\/miradordeatarfe.es\/index.php?rest_route=\/wp\/v2\/types\/post"}],"author":[{"embeddable":true,"href":"https:\/\/miradordeatarfe.es\/index.php?rest_route=\/wp\/v2\/users\/1"}],"replies":[{"embeddable":true,"href":"https:\/\/miradordeatarfe.es\/index.php?rest_route=%2Fwp%2Fv2%2Fcomments&post=17931"}],"version-history":[{"count":2,"href":"https:\/\/miradordeatarfe.es\/index.php?rest_route=\/wp\/v2\/posts\/17931\/revisions"}],"predecessor-version":[{"id":18898,"href":"https:\/\/miradordeatarfe.es\/index.php?rest_route=\/wp\/v2\/posts\/17931\/revisions\/18898"}],"wp:attachment":[{"href":"https:\/\/miradordeatarfe.es\/index.php?rest_route=%2Fwp%2Fv2%2Fmedia&parent=17931"}],"wp:term":[{"taxonomy":"category","embeddable":true,"href":"https:\/\/miradordeatarfe.es\/index.php?rest_route=%2Fwp%2Fv2%2Fcategories&post=17931"},{"taxonomy":"post_tag","embeddable":true,"href":"https:\/\/miradordeatarfe.es\/index.php?rest_route=%2Fwp%2Fv2%2Ftags&post=17931"}],"curies":[{"name":"wp","href":"https:\/\/api.w.org\/{rel}","templated":true}]}}