{"id":1799,"date":"2015-05-18T08:59:57","date_gmt":"2015-05-18T08:59:57","guid":{"rendered":"http:\/\/miradordeatarfe.es\/?p=1799"},"modified":"2015-05-19T11:21:22","modified_gmt":"2015-05-19T11:21:22","slug":"el-atarfe-se-da-un-homenaje-en-su-despedida-de-la-liga","status":"publish","type":"post","link":"https:\/\/miradordeatarfe.es\/?p=1799","title":{"rendered":"El Atarfe se da un homenaje en su despedida de la Liga"},"content":{"rendered":"<p>El \u00faltimo partido del Atarfe Industrial C.F. supuso un triunfo dedicado a una sufrida afici\u00f3n local que estuvo que esperar hasta la pasada jornada para ver a su equipo salvado<!--more--><\/p>\n<p>Festival m\u00e1s de goles que de juego en el partido con el que el Atarfe cerr\u00f3 la temporada en el Municipal y que supuso un triunfo dedicado a una sufrida afici\u00f3n local que estuvo que esperar hasta la pasada jornada para ver a su equipo salvado.<\/p>\n<p>En la primera parte, cada llegada acab\u00f3 en gol. A los doce minutos Ra\u00fal de penalti sobre Marcos abri\u00f3 el camino de la victoria, aunque dos despu\u00e9s Alfonso establec\u00eda el empate. En el 18 Roland aprovech\u00f3 un gran pase de Sierra para hacer el 2-1, mientras que en el 38 Faucho estableci\u00f3 el 2-2 con un lanzamiento con la derecha.<\/p>\n<p>La segunda parte estuvo m\u00e1s movida, el Atarfe pas\u00f3 a dominar y eso se tradujo en el 3-2, obra de Sergio tras una bonita acci\u00f3n individual de Marcos. Otra vez se repiti\u00f3 la historia ya que la alegr\u00eda local solo dur\u00f3 dos minutos al rematar Morilla una falta lateral (3-3). Y el mejor se lo reserv\u00f3 Roland gracias a un disparo desde la frontal que se tradujo en el triunfo de los atarfe\u00f1os.<\/p>\n<aside class=\"compFichaDeportes\">\n<p class=\"ep\">ATARFE IND. 4 &#8211; RONDA 3<\/p>\n<p class=\"txt2\">Atarfe Industrial: Kiko, Almohano, G\u00e1lvez, Alberto (Jose, m. 46), Ra\u00fal (Antonio G\u00e1lvez, m. 61), Mole\u00f3n, Sergio, Jes\u00fas Sierra (Nono, m. 81), Joaqu\u00edn, Roland y Marcos.<\/p>\n<p class=\"txt2\">CD Ronda: Dani, Faucho, Jordi, Chechu (Rub\u00e9n, m. 46), Alfonso, \u00c1lex, Vargas, Oli, Jon\u00e1s, Morilla y Roberto (Coqui, m. 64).<\/p>\n<p class=\"txt2\">Goles: 1-0, m. 12: Ra\u00fal, de penalti; 1-1, m. 14: Alfonso; 2-1, m. 18: Roland; 2-2, m. 38: Fausto; 3-2, m. 52: Sergio; 3-3, m. 54: Morilla; 4-3, m. 71: Roland.<\/p>\n<p class=\"txt2\">\u00c1rbitro: Munuera Montero (Ja\u00e9n). Expuls\u00f3 por doble amonestaci\u00f3n al visitante Morilla en el minuto 76. Amarillas para los atarfe\u00f1os Almohano y G\u00e1lvez; as\u00ed como para los ronde\u00f1os Alfonso y \u00c1lex.<\/p>\n<\/aside>\n","protected":false},"excerpt":{"rendered":"<p>El \u00faltimo partido del Atarfe Industrial C.F. supuso un triunfo dedicado a una sufrida afici\u00f3n&#8230;<\/p>\n","protected":false},"author":1,"featured_media":1800,"comment_status":"closed","ping_status":"closed","sticky":false,"template":"","format":"standard","meta":{"_coblocks_attr":"","_coblocks_dimensions":"","_coblocks_responsive_height":"","_coblocks_accordion_ie_support":"","jetpack_post_was_ever_published":false,"_jetpack_newsletter_access":"","_jetpack_dont_email_post_to_subs":false,"_jetpack_newsletter_tier_id":0,"_jetpack_memberships_contains_paywalled_content":false,"_jetpack_memberships_contains_paid_content":false,"footnotes":"","jetpack_publicize_message":"","jetpack_publicize_feature_enabled":true,"jetpack_social_post_already_shared":false,"jetpack_social_options":{"image_generator_settings":{"template":"highway","default_image_id":0,"enabled":false},"version":2}},"categories":[2,182,15],"tags":[667,666],"class_list":["post-1799","post","type-post","status-publish","format-standard","has-post-thumbnail","hentry","category-atarfe","category-deportes","category-ultimas-noticias","tag-atarfe-industrial","tag-futbol"],"jetpack_publicize_connections":[],"jetpack_featured_media_url":"https:\/\/i0.wp.com\/miradordeatarfe.es\/wp-content\/uploads\/2015\/05\/467_407_20140331163814.jpg?fit=400%2C259&ssl=1","jetpack_likes_enabled":true,"jetpack_sharing_enabled":true,"_links":{"self":[{"href":"https:\/\/miradordeatarfe.es\/index.php?rest_route=\/wp\/v2\/posts\/1799","targetHints":{"allow":["GET"]}}],"collection":[{"href":"https:\/\/miradordeatarfe.es\/index.php?rest_route=\/wp\/v2\/posts"}],"about":[{"href":"https:\/\/miradordeatarfe.es\/index.php?rest_route=\/wp\/v2\/types\/post"}],"author":[{"embeddable":true,"href":"https:\/\/miradordeatarfe.es\/index.php?rest_route=\/wp\/v2\/users\/1"}],"replies":[{"embeddable":true,"href":"https:\/\/miradordeatarfe.es\/index.php?rest_route=%2Fwp%2Fv2%2Fcomments&post=1799"}],"version-history":[{"count":1,"href":"https:\/\/miradordeatarfe.es\/index.php?rest_route=\/wp\/v2\/posts\/1799\/revisions"}],"predecessor-version":[{"id":1801,"href":"https:\/\/miradordeatarfe.es\/index.php?rest_route=\/wp\/v2\/posts\/1799\/revisions\/1801"}],"wp:featuredmedia":[{"embeddable":true,"href":"https:\/\/miradordeatarfe.es\/index.php?rest_route=\/wp\/v2\/media\/1800"}],"wp:attachment":[{"href":"https:\/\/miradordeatarfe.es\/index.php?rest_route=%2Fwp%2Fv2%2Fmedia&parent=1799"}],"wp:term":[{"taxonomy":"category","embeddable":true,"href":"https:\/\/miradordeatarfe.es\/index.php?rest_route=%2Fwp%2Fv2%2Fcategories&post=1799"},{"taxonomy":"post_tag","embeddable":true,"href":"https:\/\/miradordeatarfe.es\/index.php?rest_route=%2Fwp%2Fv2%2Ftags&post=1799"}],"curies":[{"name":"wp","href":"https:\/\/api.w.org\/{rel}","templated":true}]}}